{"id":406,"date":"2024-03-29T20:35:52","date_gmt":"2024-03-29T23:35:52","guid":{"rendered":"https:\/\/guialimeira.com.br\/2024\/03\/29\/localizados-destrocos-de-aviao-que-caiu-na-serra-do-japi-em-sao-paulo\/"},"modified":"2024-03-29T20:35:52","modified_gmt":"2024-03-29T23:35:52","slug":"localizados-destrocos-de-aviao-que-caiu-na-serra-do-japi-em-sao-paulo","status":"publish","type":"post","link":"https:\/\/guialimeira.com.br\/news\/localizados-destrocos-de-aviao-que-caiu-na-serra-do-japi-em-sao-paulo\/","title":{"rendered":"Localizados destro\u00e7os de avi\u00e3o que caiu na Serra do Japi, em S\u00e3o Paulo"},"content":{"rendered":"<p> <br \/>\n<\/p>\n<div>\n<p>Os destro\u00e7os do avi\u00e3o bimotor que <a href=\"https:\/\/agenciabrasil.ebc.com.br\/geral\/noticia\/2024-03\/equipes-buscam-aviao-que-desapareceu-na-serra-do-japi-em-sao-paulo\" rel=\"noopener\">estava desaparecido<\/a> desde a noite de quinta-feira (28)\u00a0foram encontrados h\u00e1 pouco pelo\u00a0helic\u00f3ptero da Pol\u00edcia Militar de S\u00e3o Paulo. Imagens feitas a partir do \u00c1guia 10 da PM mostram peda\u00e7os de fuselagem em meio a mata na Serra do Japi, nas proximidades do mun\u00edcipio de Jundia\u00ed. Informa\u00e7\u00f5es da\u00a0For\u00e7a A\u00e9rea Brasileira (FAB)\u00a0apontam que estava a bordo apenas o piloto. A aeronave PT-WLP est\u00e1 em situa\u00e7\u00e3o regular.<img data-recalc-dims=\"1\" decoding=\"async\" src=\"https:\/\/i0.wp.com\/agenciabrasil.ebc.com.br\/ebc.png?w=696&#038;ssl=1\" style=\"width:1px; height:1px; display:inline;\"\/><img data-recalc-dims=\"1\" decoding=\"async\" src=\"https:\/\/i0.wp.com\/agenciabrasil.ebc.com.br\/ebc.gif?w=696&#038;ssl=1\" style=\"width:1px; height:1px; display:inline;\"\/><\/p>\n<p>Equipes do Corpo de Bombeiros, Defesa Civil de Jundia\u00ed, Guarda Civil Municipal est\u00e3o a caminho do ponto da queda, no meio da mata fechada e de dif\u00edcil, acesso.<\/p>\n<p>A\u00a0FAB informou tamb\u00e9m que investigadores do Quarto Servi\u00e7o Regional de Investiga\u00e7\u00e3o e Preven\u00e7\u00e3o de Acidentes Aeron\u00e1uticos (SERIPA IV), \u00f3rg\u00e3o regional do Centro de Investiga\u00e7\u00e3o e Preven\u00e7\u00e3o de Acidentes Aeron\u00e1uticos (CENIPA), localizados em S\u00e3o Paulo (SP), foram acionados para realizar a A\u00e7\u00e3o Inicial da ocorr\u00eancia envolvendo o avi\u00e3o bimotor.<\/p>\n<p>Informa\u00e7\u00f5es iniciais mostram que o avi\u00e3o havia decolado na noite de quinta-feira do Aeroporto Estadual Comandante Rolim Adolfo Amaro, em Jundia\u00ed, regi\u00e3o metropolitana da capital. O destino era o Campo de Marte, na cidade de S\u00e3o Paulo. Mas n\u00e3o houve condi\u00e7\u00f5es de pouso e o piloto resolveu retornar para Jundia\u00ed.<\/p>\n<p>De acordo com a PM, o \u00faltimo contato do piloto foi realizado atrav\u00e9s de r\u00e1dio, \u00e0s 23h de ontem. Naquele momento, ele sobrevoava a Serra do Japi. O aparelho \u00e9 de propriedade de empresa chinesa HKTC do Brasil.<\/p>\n<\/p><\/div>\n<p><br \/>\n<br \/><a href=\"https:\/\/agenciabrasil.ebc.com.br\/geral\/noticia\/2024-03\/localizados-destrocos-de-aviao-que-caiu-na-serra-do-japi-em-sao-paulo\" rel=\"noopener\">Ag\u00eancia Brasil<\/a><\/p>\n","protected":false},"excerpt":{"rendered":"<p>Os destro\u00e7os do avi\u00e3o bimotor que estava desaparecido desde a noite de quinta-feira (28)\u00a0foram encontrados h\u00e1 pouco pelo\u00a0helic\u00f3ptero da Pol\u00edcia Militar de S\u00e3o Paulo. Imagens feitas a partir do \u00c1guia 10 da PM mostram peda\u00e7os de fuselagem em meio a mata na Serra do Japi, nas proximidades do mun\u00edcipio de Jundia\u00ed. Informa\u00e7\u00f5es da\u00a0For\u00e7a A\u00e9rea Brasileira [&hellip;]<\/p>\n","protected":false},"author":1,"featured_media":269,"comment_status":"open","ping_status":"open","sticky":false,"template":"","format":"standard","meta":{"_jetpack_newsletter_access":"","_jetpack_dont_email_post_to_subs":false,"_jetpack_newsletter_tier_id":0,"_jetpack_memberships_contains_paywalled_content":false,"_mbp_banners":[],"_jetpack_feature_clip_id":0,"_jetpack_memberships_contains_paid_content":false,"footnotes":"","jetpack_publicize_message":"","jetpack_publicize_feature_enabled":true,"jetpack_social_post_already_shared":true,"jetpack_social_options":{"image_generator_settings":{"template":"highway","default_image_id":0,"font":"","enabled":false},"version":2},"jetpack_post_was_ever_published":false},"categories":[1],"tags":[],"class_list":["post-406","post","type-post","status-publish","format-standard","has-post-thumbnail","category-geral"],"jetpack_publicize_connections":[],"jetpack-related-posts":[],"jetpack_shortlink":"https:\/\/wp.me\/p7Eq1F-6y","jetpack_sharing_enabled":true,"jetpack_featured_media_url":"https:\/\/i0.wp.com\/guialimeira.com.br\/news\/wp-content\/uploads\/2024\/03\/thumb_1200x600_agbrasil.png?fit=1200%2C600&ssl=1","_links":{"self":[{"href":"https:\/\/guialimeira.com.br\/news\/wp-json\/wp\/v2\/posts\/406","targetHints":{"allow":["GET"]}}],"collection":[{"href":"https:\/\/guialimeira.com.br\/news\/wp-json\/wp\/v2\/posts"}],"about":[{"href":"https:\/\/guialimeira.com.br\/news\/wp-json\/wp\/v2\/types\/post"}],"author":[{"embeddable":true,"href":"https:\/\/guialimeira.com.br\/news\/wp-json\/wp\/v2\/users\/1"}],"replies":[{"embeddable":true,"href":"https:\/\/guialimeira.com.br\/news\/wp-json\/wp\/v2\/comments?post=406"}],"version-history":[{"count":0,"href":"https:\/\/guialimeira.com.br\/news\/wp-json\/wp\/v2\/posts\/406\/revisions"}],"wp:featuredmedia":[{"embeddable":true,"href":"https:\/\/guialimeira.com.br\/news\/wp-json\/wp\/v2\/media\/269"}],"wp:attachment":[{"href":"https:\/\/guialimeira.com.br\/news\/wp-json\/wp\/v2\/media?parent=406"}],"wp:term":[{"taxonomy":"category","embeddable":true,"href":"https:\/\/guialimeira.com.br\/news\/wp-json\/wp\/v2\/categories?post=406"},{"taxonomy":"post_tag","embeddable":true,"href":"https:\/\/guialimeira.com.br\/news\/wp-json\/wp\/v2\/tags?post=406"}],"curies":[{"name":"wp","href":"https:\/\/api.w.org\/{rel}","templated":true}]}}