{"id":40580,"date":"2025-08-06T18:15:38","date_gmt":"2025-08-06T21:15:38","guid":{"rendered":"https:\/\/guialimeira.com.br\/?p=40580"},"modified":"2025-08-06T18:15:38","modified_gmt":"2025-08-06T21:15:38","slug":"empresas-de-cordeiropolis-poderao-parcelar-taxa-de-localizacao-e-funcionamento-de-2025-prefeitura-municipal-de-cordeiropolis","status":"publish","type":"post","link":"https:\/\/guialimeira.com.br\/news\/empresas-de-cordeiropolis-poderao-parcelar-taxa-de-localizacao-e-funcionamento-de-2025-prefeitura-municipal-de-cordeiropolis\/","title":{"rendered":"Empresas de Cordeir\u00f3polis poder\u00e3o parcelar taxa de localiza\u00e7\u00e3o e funcionamento de 2025 \u2013 Prefeitura Municipal de Cordeir\u00f3polis"},"content":{"rendered":"<p> <br \/>\n<\/p>\n<div>\n<p>Empres\u00e1rios de Cordeir\u00f3polis ter\u00e3o a possibilidade de parcelar a Taxa de Localiza\u00e7\u00e3o e Licen\u00e7a de Funcionamento (TLLF) referente ao exerc\u00edcio de 2025. Decreto assinado pela prefeita Cristina Saad visa dar mais flexibilidade ao setor produtivo diante das mudan\u00e7as na forma de c\u00e1lculo da taxa, previstas na Lei Municipal 399\/2024, assinada em dezembro, na gest\u00e3o anterior.<\/p>\n<p>Com a nova legisla\u00e7\u00e3o, a base de c\u00e1lculo da TLLF passou a considerar a \u00e1rea ocupada pelos estabelecimentos, e n\u00e3o mais o n\u00famero de funcion\u00e1rios, como ocorria at\u00e9 ent\u00e3o. A mudan\u00e7a resultou em aumento do valor da taxa para alguns segmentos, especialmente aqueles que ocupam grandes \u00e1reas, mas possuem poucos funcion\u00e1rios registrados.<\/p>\n<p>\u201cEntendemos que essa mudan\u00e7a, implantada em 2024 para este exerc\u00edcio, vai impactar muito os empres\u00e1rios da nossa cidade. Por isso, decidimos autorizar o parcelamento do tributo em at\u00e9 tr\u00eas vezes como forma de atenuar esse impacto, considerando a realidade econ\u00f4mica dos empreendimentos da nossa cidade\u201d, afirmou a prefeita.<\/p>\n<p>Os vencimentos ser\u00e3o em 30 de setembro, 30 de outubro e 30 de novembro de 2025. A solicita\u00e7\u00e3o deve ser feita presencialmente no Poupatempo Municipal, antes do vencimento da primeira parcela. Al\u00e9m disso, as empresas que se sentirem prejudicadas pela nova sistem\u00e1tica de c\u00e1lculo podem requerer a revis\u00e3o da cobran\u00e7a tamb\u00e9m no Poupatempo.<\/p>\n<p>O Poupatempo funciona de segunda a sexta-feira \u2013 exceto feriados \u2013 das 9h \u00e0s 17h, e s\u00e1bado das 9h \u00e0s 13h.<\/p>\n<\/p><\/div>\n<p><br \/>\n<br \/><a href=\"https:\/\/www.cordeiropolis.sp.gov.br\/empresas-de-cordeiropolis-poderao-parcelar-taxa-de-localizacao-e-funcionamento-de-2025\/\" rel=\"noopener\">Informa\u00e7\u00f5es Cordeir\u00f3polis <\/a><\/p>\n","protected":false},"excerpt":{"rendered":"<p>Empres\u00e1rios de Cordeir\u00f3polis ter\u00e3o a possibilidade de parcelar a Taxa de Localiza\u00e7\u00e3o e Licen\u00e7a de Funcionamento (TLLF) referente ao exerc\u00edcio de 2025. Decreto assinado pela prefeita Cristina Saad visa dar mais flexibilidade ao setor produtivo diante das mudan\u00e7as na forma de c\u00e1lculo da taxa, previstas na Lei Municipal 399\/2024, assinada em dezembro, na gest\u00e3o anterior. [&hellip;]<\/p>\n","protected":false},"author":1,"featured_media":0,"comment_status":"open","ping_status":"open","sticky":false,"template":"","format":"standard","meta":{"_jetpack_newsletter_access":"","_jetpack_dont_email_post_to_subs":false,"_jetpack_newsletter_tier_id":0,"_jetpack_memberships_contains_paywalled_content":false,"_mbp_banners":[],"_jetpack_feature_clip_id":0,"_jetpack_memberships_contains_paid_content":false,"footnotes":"","jetpack_publicize_message":"","jetpack_publicize_feature_enabled":true,"jetpack_social_post_already_shared":true,"jetpack_social_options":{"image_generator_settings":{"template":"highway","default_image_id":0,"font":"","enabled":false},"version":2},"jetpack_post_was_ever_published":false},"categories":[20],"tags":[],"class_list":["post-40580","post","type-post","status-publish","format-standard","category-regiao"],"jetpack_publicize_connections":[],"jetpack-related-posts":[],"jetpack_shortlink":"https:\/\/wp.me\/p7Eq1F-ayw","jetpack_sharing_enabled":true,"jetpack_featured_media_url":"","_links":{"self":[{"href":"https:\/\/guialimeira.com.br\/news\/wp-json\/wp\/v2\/posts\/40580","targetHints":{"allow":["GET"]}}],"collection":[{"href":"https:\/\/guialimeira.com.br\/news\/wp-json\/wp\/v2\/posts"}],"about":[{"href":"https:\/\/guialimeira.com.br\/news\/wp-json\/wp\/v2\/types\/post"}],"author":[{"embeddable":true,"href":"https:\/\/guialimeira.com.br\/news\/wp-json\/wp\/v2\/users\/1"}],"replies":[{"embeddable":true,"href":"https:\/\/guialimeira.com.br\/news\/wp-json\/wp\/v2\/comments?post=40580"}],"version-history":[{"count":1,"href":"https:\/\/guialimeira.com.br\/news\/wp-json\/wp\/v2\/posts\/40580\/revisions"}],"predecessor-version":[{"id":40581,"href":"https:\/\/guialimeira.com.br\/news\/wp-json\/wp\/v2\/posts\/40580\/revisions\/40581"}],"wp:attachment":[{"href":"https:\/\/guialimeira.com.br\/news\/wp-json\/wp\/v2\/media?parent=40580"}],"wp:term":[{"taxonomy":"category","embeddable":true,"href":"https:\/\/guialimeira.com.br\/news\/wp-json\/wp\/v2\/categories?post=40580"},{"taxonomy":"post_tag","embeddable":true,"href":"https:\/\/guialimeira.com.br\/news\/wp-json\/wp\/v2\/tags?post=40580"}],"curies":[{"name":"wp","href":"https:\/\/api.w.org\/{rel}","templated":true}]}}