{"id":4052,"date":"2024-05-07T13:04:47","date_gmt":"2024-05-07T16:04:47","guid":{"rendered":"https:\/\/guialimeira.com.br\/2024\/05\/07\/nove-estacoes-recebem-acoes-em-referencia-ao-movimento-maio-amarelo\/"},"modified":"2024-05-07T13:04:47","modified_gmt":"2024-05-07T16:04:47","slug":"nove-estacoes-recebem-acoes-em-referencia-ao-movimento-maio-amarelo","status":"publish","type":"post","link":"https:\/\/guialimeira.com.br\/news\/nove-estacoes-recebem-acoes-em-referencia-ao-movimento-maio-amarelo\/","title":{"rendered":"\u200bNove esta\u00e7\u00f5es recebem a\u00e7\u00f5es em refer\u00eancia ao Movimento Maio Amarelo"},"content":{"rendered":"<p> <br \/>\n<\/p>\n<div id=\"\">&#13;<br \/>\n                                <!-- Title -->&#13;<br \/>\n                                &#13;<br \/>\n&#13;<br \/>\n                                <!-- Excerpt -->&#13;<\/p>\n<p class=\"excerpt\">Servi\u00e7os gratuitos de sa\u00fade e informa\u00e7\u00f5es sobre seguran\u00e7a no tr\u00e2nsito ser\u00e3o oferecidos aos passageiros&#13;<br \/>\n\u200b<\/p>\n<p>&#13;<br \/>\n&#13;<br \/>\n                                &#13;\n                            <\/p><\/div>\n<div id=\"\">&#13;<\/p>\n<figure id=\"attachment_5878909\" style=\"width: 100%;max-width: 718px\" class=\"wp-caption alignnone\"><img data-recalc-dims=\"1\" decoding=\"async\" loading=\"lazy\" class=\" wp-image-5878909\" src=\"https:\/\/i0.wp.com\/www.saopaulo.sp.gov.br\/wp-content\/uploads\/2024\/05\/Maio-Amarelo-Acao-de-Saude-1-portal-mini.jpg?resize=696%2C696&#038;ssl=1\" alt=\"\" width=\"696\" height=\"696\"\/><figcaption class=\"wp-caption-text\">Campanha de conscientiza\u00e7\u00e3o e seguran\u00e7a no tr\u00e2nsito<\/figcaption><\/figure>\n<p>Os passageiros que estiverem circulando pelas esta\u00e7\u00f5es Ferraz de Vasconcelos, Luz, Mau\u00e1, Tamanduate\u00ed, Dom Bosco, Guaianases, Estudantes, Jardim Helena-Vila Mara e Guarulhos-Cecap da CPTM ter\u00e3o a oportunidade de participar de uma a\u00e7\u00e3o gratuita de sa\u00fade que acontecem nos dias 7 (ter\u00e7a-feira) e 9 (quinta-feira). A iniciativa ocorre em refer\u00eancia ao Maio Amarelo, um movimento internacional de conscientiza\u00e7\u00e3o para redu\u00e7\u00e3o de acidentes no tr\u00e2nsito.<\/p>\n<p>No dia 7, das 13h \u00e0s 17h, em parceria com a Escola T\u00e9cnica Sequencial, a Esta\u00e7\u00e3o Ferraz de Vasconcelos ter\u00e1 uma equipe de profissionais da escola realizando aferi\u00e7\u00e3o de press\u00e3o arterial, frequ\u00eancia card\u00edaca e respirat\u00f3ria.<\/p>\n<p>No dia 9, em parceria com o instituto Proz Educa\u00e7\u00e3o, as esta\u00e7\u00f5es Luz, Mau\u00e1, Tamanduate\u00ed, Dom Bosco, Guaianases, Estudantes, Jardim Helena-Vila Mara e Guarulhos-Cecap ter\u00e3o um espa\u00e7o onde alunos da entidade v\u00e3o realizar aferi\u00e7\u00e3o de press\u00e3o arterial (sem limite de atendimentos) e glicemia capilar em pessoas com hist\u00f3rico de diabetes na fam\u00edlia ou pessoas diab\u00e9ticas (limitados a 100 por esta\u00e7\u00e3o). Nessas esta\u00e7\u00f5es, os servi\u00e7os ser\u00e3o oferecidos em tr\u00eas hor\u00e1rios: das 9h \u00e0s 12h, das 13h \u00e0s 16h e das 19h \u00e0s 22h.<\/p>\n<p>Durante as iniciativas, os profissionais v\u00e3o transmitir informa\u00e7\u00f5es e orienta\u00e7\u00f5es para conscientiza\u00e7\u00e3o sobre preven\u00e7\u00e3o de acidentes no tr\u00e2nsito, promovendo a seguran\u00e7a de todos durante todo o trajeto di\u00e1rio nos deslocamentos entre modais.<\/p>\n<p><strong>Movimento Maio Amarelo<\/strong><\/p>\n<p>A campanha de conscientiza\u00e7\u00e3o e seguran\u00e7a no tr\u00e2nsito nasceu em 11 de maio de 2011, quando a ONU decretou a D\u00e9cada de A\u00e7\u00e3o para Seguran\u00e7a no Tr\u00e2nsito e o m\u00eas se tornou refer\u00eancia mundial para balan\u00e7o das a\u00e7\u00f5es que o mundo inteiro realiza. O amarelo simboliza aten\u00e7\u00e3o e tamb\u00e9m \u00e0 sinaliza\u00e7\u00e3o e advert\u00eancia no tr\u00e2nsito.<\/p>\n<p>A edi\u00e7\u00e3o deste ano traz o tema \u201cPaz no tr\u00e2nsito come\u00e7a por voc\u00ea\u201d, com o objetivo de estimular toda sociedade a trazer esse assunto em todos os ambientes e questionar sobre seus comportamentos como motoristas, pedestres ou<span style=\"font-size: 1rem;\">\u00a0no transporte p\u00fablico<\/span><\/p>\n<p>A proposta do movimento \u00e9 chamar a aten\u00e7\u00e3o da sociedade para o alto \u00edndice de mortes e feridos no tr\u00e2nsito em todo o mundo, estimulando a participa\u00e7\u00e3o da popula\u00e7\u00e3o, empresas, governos e entidades a discutir o tema tr\u00e2nsito, que deve ser seguro para todos em qualquer situa\u00e7\u00e3o.<\/p>\n<p>Siga o canal \u201cGoverno de S\u00e3o Paulo\u201d no WhatsApp:<br \/><a href=\"https:\/\/bit.ly\/govspnozap\" target=\"_blank\" rel=\"noopener noreferrer\">https:\/\/bit.ly\/govspnozap<\/a><\/p>\n<\/p><\/div>\n<p><br \/>\n<br \/><a href=\"https:\/\/www.saopaulo.sp.gov.br\/spnoticias\/ultimas-noticias\/%E2%80%8Bmaio-amarelo-nove-estacoes-da-cptm-recebem-servicos-gratuitos\/\" rel=\"noopener\">Informa\u00e7\u00f5es GOV.SP<\/a><\/p>\n","protected":false},"excerpt":{"rendered":"<p>&#13; &#13; &#13; &#13; &#13; Servi\u00e7os gratuitos de sa\u00fade e informa\u00e7\u00f5es sobre seguran\u00e7a no tr\u00e2nsito ser\u00e3o oferecidos aos passageiros&#13; \u200b &#13; &#13; &#13; &#13; Campanha de conscientiza\u00e7\u00e3o e seguran\u00e7a no tr\u00e2nsito Os passageiros que estiverem circulando pelas esta\u00e7\u00f5es Ferraz de Vasconcelos, Luz, Mau\u00e1, Tamanduate\u00ed, Dom Bosco, Guaianases, Estudantes, Jardim Helena-Vila Mara e Guarulhos-Cecap da CPTM [&hellip;]<\/p>\n","protected":false},"author":1,"featured_media":4053,"comment_status":"open","ping_status":"open","sticky":false,"template":"","format":"standard","meta":{"_jetpack_newsletter_access":"","_jetpack_dont_email_post_to_subs":false,"_jetpack_newsletter_tier_id":0,"_jetpack_memberships_contains_paywalled_content":false,"_mbp_banners":[],"_jetpack_feature_clip_id":0,"_jetpack_memberships_contains_paid_content":false,"footnotes":"","jetpack_publicize_message":"","jetpack_publicize_feature_enabled":true,"jetpack_social_post_already_shared":true,"jetpack_social_options":{"image_generator_settings":{"template":"highway","default_image_id":0,"font":"","enabled":false},"version":2},"jetpack_post_was_ever_published":false},"categories":[21],"tags":[],"class_list":["post-4052","post","type-post","status-publish","format-standard","has-post-thumbnail","category-sp-news"],"jetpack_publicize_connections":[],"jetpack-related-posts":[],"jetpack_shortlink":"https:\/\/wp.me\/p7Eq1F-13m","jetpack_sharing_enabled":true,"jetpack_featured_media_url":"https:\/\/i0.wp.com\/guialimeira.com.br\/news\/wp-content\/uploads\/2024\/05\/%E2%80%8BNove-estacoes-recebem-acoes-em-referencia-ao-Movimento-Maio-Amarelo.jpg?fit=250%2C250&ssl=1","_links":{"self":[{"href":"https:\/\/guialimeira.com.br\/news\/wp-json\/wp\/v2\/posts\/4052","targetHints":{"allow":["GET"]}}],"collection":[{"href":"https:\/\/guialimeira.com.br\/news\/wp-json\/wp\/v2\/posts"}],"about":[{"href":"https:\/\/guialimeira.com.br\/news\/wp-json\/wp\/v2\/types\/post"}],"author":[{"embeddable":true,"href":"https:\/\/guialimeira.com.br\/news\/wp-json\/wp\/v2\/users\/1"}],"replies":[{"embeddable":true,"href":"https:\/\/guialimeira.com.br\/news\/wp-json\/wp\/v2\/comments?post=4052"}],"version-history":[{"count":0,"href":"https:\/\/guialimeira.com.br\/news\/wp-json\/wp\/v2\/posts\/4052\/revisions"}],"wp:featuredmedia":[{"embeddable":true,"href":"https:\/\/guialimeira.com.br\/news\/wp-json\/wp\/v2\/media\/4053"}],"wp:attachment":[{"href":"https:\/\/guialimeira.com.br\/news\/wp-json\/wp\/v2\/media?parent=4052"}],"wp:term":[{"taxonomy":"category","embeddable":true,"href":"https:\/\/guialimeira.com.br\/news\/wp-json\/wp\/v2\/categories?post=4052"},{"taxonomy":"post_tag","embeddable":true,"href":"https:\/\/guialimeira.com.br\/news\/wp-json\/wp\/v2\/tags?post=4052"}],"curies":[{"name":"wp","href":"https:\/\/api.w.org\/{rel}","templated":true}]}}