{"id":40485,"date":"2025-08-05T17:46:00","date_gmt":"2025-08-05T20:46:00","guid":{"rendered":"https:\/\/guialimeira.com.br\/?p=40485"},"modified":"2025-08-05T17:46:00","modified_gmt":"2025-08-05T20:46:00","slug":"cordeiropolis-realiza-feirao-de-empregos-com-12-empresas-e-70-vagas-disponiveis-prefeitura-municipal-de-cordeiropolis","status":"publish","type":"post","link":"https:\/\/guialimeira.com.br\/news\/cordeiropolis-realiza-feirao-de-empregos-com-12-empresas-e-70-vagas-disponiveis-prefeitura-municipal-de-cordeiropolis\/","title":{"rendered":"Cordeir\u00f3polis realiza Feir\u00e3o de Empregos com 12 empresas e 70 vagas dispon\u00edveis \u2013 Prefeitura Municipal de Cordeir\u00f3polis"},"content":{"rendered":"<p> <br \/>\n<\/p>\n<div>\n<p>A Prefeitura de Cordeir\u00f3polis, por meio da Secretaria de Desenvolvimento Econ\u00f4mico Sustent\u00e1vel, promove no dia 28 de agosto (quinta-feira), das 8h \u00e0s 12h, um Feir\u00e3o de Empregos. A a\u00e7\u00e3o reunir\u00e1 12 empresas que, juntas, oferecem 70 vagas de trabalho em diversas \u00e1reas, como transporte, cer\u00e2mica e ind\u00fastria em geral, entre outras.<\/p>\n<p>O atendimento ser\u00e1 realizado no Sal\u00e3o Social \u201cMaria de Lourdes Arrais\u201d, localizado na Rua Carlos Gomes, 78, Centro. Os interessados devem comparecer com curr\u00edculo atualizado e documentos pessoais. At\u00e9 22 de agosto, os interessados devem procurar o Posto de Atendimento ao Trabalhador (PAT) para realizar o cadastro pr\u00e9vio para facilitar o processo no dia do feir\u00e3o.<\/p>\n<p>A iniciativa tem como objetivo aproximar empresas que est\u00e3o contratando da popula\u00e7\u00e3o em busca de recoloca\u00e7\u00e3o profissional. \u201c\u00c9 uma a\u00e7\u00e3o que fortalece o mercado de trabalho local, cria oportunidades e contribui para o desenvolvimento econ\u00f4mico do nosso munic\u00edpio\u201d, destaca a prefeita Cristina Saad.<\/p>\n<p>\u201cO feir\u00e3o faz parte das pol\u00edticas p\u00fablicas da atual gest\u00e3o voltadas \u00e0 gera\u00e7\u00e3o de emprego e renda, com apoio direto \u00e0s empresas e aos trabalhadores de Cordeir\u00f3polis\u201d, pontua o respons\u00e1vel pela pasta, Roberson Castellar.<\/p>\n<\/p><\/div>\n<p><br \/>\n<br \/><a href=\"https:\/\/www.cordeiropolis.sp.gov.br\/cordeiropolis-realiza-feirao-de-empregos-com-12-empresas-e-70-vagas-disponiveis\/\" rel=\"noopener\">Informa\u00e7\u00f5es Cordeir\u00f3polis <\/a><\/p>\n","protected":false},"excerpt":{"rendered":"<p>A Prefeitura de Cordeir\u00f3polis, por meio da Secretaria de Desenvolvimento Econ\u00f4mico Sustent\u00e1vel, promove no dia 28 de agosto (quinta-feira), das 8h \u00e0s 12h, um Feir\u00e3o de Empregos. A a\u00e7\u00e3o reunir\u00e1 12 empresas que, juntas, oferecem 70 vagas de trabalho em diversas \u00e1reas, como transporte, cer\u00e2mica e ind\u00fastria em geral, entre outras. O atendimento ser\u00e1 realizado [&hellip;]<\/p>\n","protected":false},"author":1,"featured_media":0,"comment_status":"open","ping_status":"open","sticky":false,"template":"","format":"standard","meta":{"_jetpack_newsletter_access":"","_jetpack_dont_email_post_to_subs":false,"_jetpack_newsletter_tier_id":0,"_jetpack_memberships_contains_paywalled_content":false,"_mbp_banners":[],"_jetpack_feature_clip_id":0,"_jetpack_memberships_contains_paid_content":false,"footnotes":"","jetpack_publicize_message":"","jetpack_publicize_feature_enabled":true,"jetpack_social_post_already_shared":true,"jetpack_social_options":{"image_generator_settings":{"template":"highway","default_image_id":0,"font":"","enabled":false},"version":2},"jetpack_post_was_ever_published":false},"categories":[20],"tags":[],"class_list":["post-40485","post","type-post","status-publish","format-standard","category-regiao"],"jetpack_publicize_connections":[],"jetpack-related-posts":[],"jetpack_shortlink":"https:\/\/wp.me\/p7Eq1F-awZ","jetpack_sharing_enabled":true,"jetpack_featured_media_url":"","_links":{"self":[{"href":"https:\/\/guialimeira.com.br\/news\/wp-json\/wp\/v2\/posts\/40485","targetHints":{"allow":["GET"]}}],"collection":[{"href":"https:\/\/guialimeira.com.br\/news\/wp-json\/wp\/v2\/posts"}],"about":[{"href":"https:\/\/guialimeira.com.br\/news\/wp-json\/wp\/v2\/types\/post"}],"author":[{"embeddable":true,"href":"https:\/\/guialimeira.com.br\/news\/wp-json\/wp\/v2\/users\/1"}],"replies":[{"embeddable":true,"href":"https:\/\/guialimeira.com.br\/news\/wp-json\/wp\/v2\/comments?post=40485"}],"version-history":[{"count":1,"href":"https:\/\/guialimeira.com.br\/news\/wp-json\/wp\/v2\/posts\/40485\/revisions"}],"predecessor-version":[{"id":40486,"href":"https:\/\/guialimeira.com.br\/news\/wp-json\/wp\/v2\/posts\/40485\/revisions\/40486"}],"wp:attachment":[{"href":"https:\/\/guialimeira.com.br\/news\/wp-json\/wp\/v2\/media?parent=40485"}],"wp:term":[{"taxonomy":"category","embeddable":true,"href":"https:\/\/guialimeira.com.br\/news\/wp-json\/wp\/v2\/categories?post=40485"},{"taxonomy":"post_tag","embeddable":true,"href":"https:\/\/guialimeira.com.br\/news\/wp-json\/wp\/v2\/tags?post=40485"}],"curies":[{"name":"wp","href":"https:\/\/api.w.org\/{rel}","templated":true}]}}