{"id":4047,"date":"2024-05-07T12:04:02","date_gmt":"2024-05-07T15:04:02","guid":{"rendered":"https:\/\/guialimeira.com.br\/2024\/05\/07\/audiencias-publicas-da-lei-orcamentaria-anual-2025-comecam-no-dia-14\/"},"modified":"2024-05-07T12:04:02","modified_gmt":"2024-05-07T15:04:02","slug":"audiencias-publicas-da-lei-orcamentaria-anual-2025-comecam-no-dia-14","status":"publish","type":"post","link":"https:\/\/guialimeira.com.br\/news\/audiencias-publicas-da-lei-orcamentaria-anual-2025-comecam-no-dia-14\/","title":{"rendered":"Audi\u00eancias p\u00fablicas da Lei Or\u00e7ament\u00e1ria Anual 2025 come\u00e7am no dia 14"},"content":{"rendered":"<p> <br \/>\n<\/p>\n<div id=\"\">&#13;<br \/>\n                                <!-- Title -->&#13;<br \/>\n                                &#13;<br \/>\n&#13;<br \/>\n                                <!-- Excerpt -->&#13;<\/p>\n<p class=\"excerpt\">Opini\u00e3o e sugest\u00f5es da popula\u00e7\u00e3o paulista constituem o ponto central na constru\u00e7\u00e3o do planejamento para or\u00e7amento do pr\u00f3ximo ano<\/p>\n<p>&#13;<br \/>\n&#13;<br \/>\n                                &#13;\n                            <\/p><\/div>\n<div id=\"\">&#13;<\/p>\n<p class=\"ms-Element-h5\">O Governo do Estado de S\u00e3o Paulo, por meio da Secretaria da Fazenda e Planejamento (Sefaz-SP), inicia a partir de 14 de maio as audi\u00eancias p\u00fablicas da Lei Or\u00e7ament\u00e1ria Anual (LOA) de 2025. O objetivo da iniciativa \u00e9 ampliar a participa\u00e7\u00e3o a toda popula\u00e7\u00e3o, ofertando um espa\u00e7o democr\u00e1tico que, al\u00e9m de dar transpar\u00eancia, legitima o processo de planejamento or\u00e7ament\u00e1rio estadual.<\/p>\n<p class=\"ms-Element-h5\">O calend\u00e1rio contempla 18 audi\u00eancias regionais <em>(confira as datas e regi\u00f5es na tabela abaixo)<\/em>. A participa\u00e7\u00e3o \u00e9 virtual, pelo Teams. O p\u00fablico-alvo contempla a popula\u00e7\u00e3o paulista em geral, entidades civis e representantes da administra\u00e7\u00e3o p\u00fablica.<\/p>\n<p class=\"ms-Element-h5\">A opini\u00e3o e sugest\u00f5es da popula\u00e7\u00e3o paulista constituem o ponto central na constru\u00e7\u00e3o do planejamento para or\u00e7amento do pr\u00f3ximo ano.<\/p>\n<p class=\"ms-Element-h3\"><strong>Ambiente de vota\u00e7\u00e3o\u200b\u200b<\/strong><\/p>\n<p class=\"ms-Element-h5\">Simultaneamente \u00e0s audi\u00eancias regionais, estar\u00e1 dispon\u00edvel no mesmo per\u00edodo, de 14 de maio a 13 de junho, o\u00a0<a href=\"https:\/\/audienciapublica.planejamento.sp.gov.br\/portal.portalaudienciapublica.aspx\" target=\"_blank\" rel=\"noopener noreferrer\">ambiente de vota\u00e7\u00e3o da LOA 2025<\/a>, para que os cidad\u00e3os possam escolher as \u00e1reas e projetos que, em sua opini\u00e3o, colaborem para o desenvolvimento do Estado e da regi\u00e3o em que vivem.<\/p>\n<p class=\"ms-Element-h5\">O processo \u00e9 bem simples: basta acessar o\u00a0<a href=\"https:\/\/audienciapublica.planejamento.sp.gov.br\/portal.portalaudienciapublica.aspx\" target=\"_blank\" rel=\"noopener noreferrer\">ambiente de vota\u00e7\u00e3o<\/a>\u00a0e selecionar o item ou os itens que melhor representem sua opini\u00e3o. O sistema tamb\u00e9m permite aos cidad\u00e3os a possibilidade de fazer coment\u00e1rios que detalhem ou especifiquem suas escolhas.<\/p>\n<p class=\"ms-Element-h3\"><strong>Audi\u00eancias p\u00fablicas regionais da LOA 2025\u200b\u200b<\/strong><\/p>\n<figure class=\"table\">\n<table>\n<tbody>\n<tr>\n<td><strong>Data<\/strong><\/td>\n<td><strong>Hor\u00e1rio<\/strong><\/td>\n<td><strong>Regi\u00e3o<\/strong><\/td>\n<\/tr>\n<tr>\n<td><strong>14\/5<\/strong><\/td>\n<td>10h<\/td>\n<td>Regi\u00e3o Administrativa de Ara\u00e7atuba<\/td>\n<\/tr>\n<tr>\n<td><strong>14\/5<\/strong><\/td>\n<td>14h30<\/td>\n<td>Regi\u00e3o Administrativa de Barretos<\/td>\n<\/tr>\n<tr>\n<td><strong>16\/5<\/strong><\/td>\n<td>10h<\/td>\n<td>Regi\u00e3o Administrativa de Bauru<\/td>\n<\/tr>\n<tr>\n<td><strong>16\/5<\/strong><\/td>\n<td>14h30<\/td>\n<td>Regi\u00e3o Administrativa Central (Araraquara e S\u00e3o Carlos)<\/td>\n<\/tr>\n<tr>\n<td><strong>21\/5<\/strong><\/td>\n<td>10h<\/td>\n<td>Aglomerado Urbano de Franca<\/td>\n<\/tr>\n<tr>\n<td><strong>21\/5<\/strong><\/td>\n<td>14h30<\/td>\n<td>Regi\u00e3o Administrativa de Itapeva<\/td>\n<\/tr>\n<tr>\n<td><strong>23\/5<\/strong><\/td>\n<td>10h<\/td>\n<td>Regi\u00e3o Administrativa de Mar\u00edlia<\/td>\n<\/tr>\n<tr>\n<td><strong>23\/5<\/strong><\/td>\n<td>14h30<\/td>\n<td>Regi\u00e3o Administrativa de Presidente Prudente<\/td>\n<\/tr>\n<tr>\n<td><strong>28\/5<\/strong><\/td>\n<td>10h<\/td>\n<td>Regi\u00e3o Administrativa de Registro<\/td>\n<\/tr>\n<tr>\n<td><strong>28\/5<\/strong><\/td>\n<td>14h30<\/td>\n<td>Regi\u00e3o Metropolitana da Baixada Santista<\/td>\n<\/tr>\n<tr>\n<td><strong>4\/6<\/strong><\/td>\n<td>10h<\/td>\n<td>Regi\u00e3o Metropolitana e Administrativa de Campinas<\/td>\n<\/tr>\n<tr>\n<td><strong>4\/6<\/strong><\/td>\n<td>14h30<\/td>\n<td>Regi\u00e3o Metropolitana de Jundia\u00ed<\/td>\n<\/tr>\n<tr>\n<td><strong>6\/6<\/strong><\/td>\n<td>10h<\/td>\n<td>Regi\u00e3o Metropolitana de Piracicaba<\/td>\n<\/tr>\n<tr>\n<td><strong>6\/6<\/strong><\/td>\n<td>14h30<\/td>\n<td>Regi\u00e3o Metropolitana de Ribeir\u00e3o Preto<\/td>\n<\/tr>\n<tr>\n<td><strong>11\/6<\/strong><\/td>\n<td>10h<\/td>\n<td>Regi\u00e3o Metropolitana de S\u00e3o Paulo<\/td>\n<\/tr>\n<tr>\n<td><strong>11\/6<\/strong><\/td>\n<td>14h30<\/td>\n<td>Regi\u00e3o Metropolitana e Administrativa de S\u00e3o\u00a0Jos\u00e9 do Rio Preto<\/td>\n<\/tr>\n<tr>\n<td><strong>13\/6<\/strong><\/td>\n<td>10h<\/td>\n<td>Regi\u00e3o Metropolitana e Administrativa de Sorocaba<\/td>\n<\/tr>\n<tr>\n<td><strong>13\/6<\/strong><\/td>\n<td>14h30<\/td>\n<td>Regi\u00e3o Metropolitana do Vale do Para\u00edba e Litoral Norte<\/td>\n<\/tr>\n<\/tbody>\n<\/table>\n<\/figure><\/div>\n<p><br \/>\n<br \/><a href=\"https:\/\/www.saopaulo.sp.gov.br\/spnoticias\/ultimas-noticias\/audiencias-publicas-da-lei-orcamentaria-anual-2025-comecam-no-dia-14\/\" rel=\"noopener\">Informa\u00e7\u00f5es GOV.SP<\/a><\/p>\n","protected":false},"excerpt":{"rendered":"<p>&#13; &#13; &#13; &#13; &#13; Opini\u00e3o e sugest\u00f5es da popula\u00e7\u00e3o paulista constituem o ponto central na constru\u00e7\u00e3o do planejamento para or\u00e7amento do pr\u00f3ximo ano &#13; &#13; &#13; &#13; O Governo do Estado de S\u00e3o Paulo, por meio da Secretaria da Fazenda e Planejamento (Sefaz-SP), inicia a partir de 14 de maio as audi\u00eancias p\u00fablicas da [&hellip;]<\/p>\n","protected":false},"author":1,"featured_media":238,"comment_status":"open","ping_status":"open","sticky":false,"template":"","format":"standard","meta":{"_jetpack_newsletter_access":"","_jetpack_dont_email_post_to_subs":false,"_jetpack_newsletter_tier_id":0,"_jetpack_memberships_contains_paywalled_content":false,"_mbp_banners":[],"_jetpack_feature_clip_id":0,"_jetpack_memberships_contains_paid_content":false,"footnotes":"","jetpack_publicize_message":"","jetpack_publicize_feature_enabled":true,"jetpack_social_post_already_shared":true,"jetpack_social_options":{"image_generator_settings":{"template":"highway","default_image_id":0,"font":"","enabled":false},"version":2},"jetpack_post_was_ever_published":false},"categories":[21],"tags":[],"class_list":["post-4047","post","type-post","status-publish","format-standard","has-post-thumbnail","category-sp-news"],"jetpack_publicize_connections":[],"jetpack-related-posts":[],"jetpack_shortlink":"https:\/\/wp.me\/p7Eq1F-13h","jetpack_sharing_enabled":true,"jetpack_featured_media_url":"https:\/\/i0.wp.com\/guialimeira.com.br\/news\/wp-content\/uploads\/2024\/03\/cover.png?fit=650%2C650&ssl=1","_links":{"self":[{"href":"https:\/\/guialimeira.com.br\/news\/wp-json\/wp\/v2\/posts\/4047","targetHints":{"allow":["GET"]}}],"collection":[{"href":"https:\/\/guialimeira.com.br\/news\/wp-json\/wp\/v2\/posts"}],"about":[{"href":"https:\/\/guialimeira.com.br\/news\/wp-json\/wp\/v2\/types\/post"}],"author":[{"embeddable":true,"href":"https:\/\/guialimeira.com.br\/news\/wp-json\/wp\/v2\/users\/1"}],"replies":[{"embeddable":true,"href":"https:\/\/guialimeira.com.br\/news\/wp-json\/wp\/v2\/comments?post=4047"}],"version-history":[{"count":0,"href":"https:\/\/guialimeira.com.br\/news\/wp-json\/wp\/v2\/posts\/4047\/revisions"}],"wp:featuredmedia":[{"embeddable":true,"href":"https:\/\/guialimeira.com.br\/news\/wp-json\/wp\/v2\/media\/238"}],"wp:attachment":[{"href":"https:\/\/guialimeira.com.br\/news\/wp-json\/wp\/v2\/media?parent=4047"}],"wp:term":[{"taxonomy":"category","embeddable":true,"href":"https:\/\/guialimeira.com.br\/news\/wp-json\/wp\/v2\/categories?post=4047"},{"taxonomy":"post_tag","embeddable":true,"href":"https:\/\/guialimeira.com.br\/news\/wp-json\/wp\/v2\/tags?post=4047"}],"curies":[{"name":"wp","href":"https:\/\/api.w.org\/{rel}","templated":true}]}}