{"id":4039,"date":"2024-05-07T11:02:46","date_gmt":"2024-05-07T14:02:46","guid":{"rendered":"https:\/\/guialimeira.com.br\/2024\/05\/07\/procon-sp-completa-48-anos-a-frente-da-defesa-do-consumidor\/"},"modified":"2024-05-07T11:02:46","modified_gmt":"2024-05-07T14:02:46","slug":"procon-sp-completa-48-anos-a-frente-da-defesa-do-consumidor","status":"publish","type":"post","link":"https:\/\/guialimeira.com.br\/news\/procon-sp-completa-48-anos-a-frente-da-defesa-do-consumidor\/","title":{"rendered":"Procon-SP completa 48 anos \u00e0 frente da defesa do consumidor"},"content":{"rendered":"<p> <br \/>\n<\/p>\n<div id=\"\">&#13;<br \/>\n                                <!-- Title -->&#13;<br \/>\n                                &#13;<br \/>\n&#13;<br \/>\n                                <!-- Excerpt -->&#13;<\/p>\n<p class=\"excerpt\">6 de maio tamb\u00e9m \u00e9 o Dia da Defesa do Consumidor no estado; \u00f3rg\u00e3o de defesa marca a data com evento para funcion\u00e1rios e Procons municipais<\/p>\n<p>&#13;<br \/>\n&#13;<br \/>\n                                &#13;\n                            <\/p><\/div>\n<div id=\"\">&#13;<\/p>\n<p>Na segunda-feira (6), o Procon-SP completou 48 anos, data em que tamb\u00e9m se comemora o Dia da Defesa do Consumidor no estado de S\u00e3o Paulo.<\/p>\n<p>O Procon-SP celebrou com um evento voltado para funcion\u00e1rios e Procons municipais conveniados e contou com as palestras da especialista da Diretoria de Estudos e Pesquisas Cl\u00e1udia Ogata Takio e da atual Ouvidora Geral do Munic\u00edpio de S\u00e3o Paulo, Maria Lumena Balaben Sampaio, que foi diretora de atendimento do Procon-SP.<\/p>\n<p>\u201cEstamos aqui comemorando 48 anos de uma brilhante hist\u00f3ria. \u00c9 um evento simb\u00f3lico, mas muito sincero, caminhando para os 50 anos\u201d, afirmou o Diretor Executivo do Procon-SP, Luiz Orsatti, que tamb\u00e9m agradeceu aos servidores que fazem parte da constru\u00e7\u00e3o di\u00e1ria da institui\u00e7\u00e3o, aos diretores desta gest\u00e3o e a presen\u00e7a da Ouvidora Geral do Munic\u00edpio de S\u00e3o Paulo.<\/p>\n<p>A especialista Cl\u00e1udia Ogata Takio, funcion\u00e1ria do Procon-SP desde 1994, fez um breve relato da hist\u00f3ria da institui\u00e7\u00e3o, que teve in\u00edcio em maio de 1976, quando o governador do Estado de S\u00e3o Paulo, Paulo Egydio Martins criou o Sistema Estadual de Prote\u00e7\u00e3o do Consumidor. E destacou realiza\u00e7\u00f5es importantes que marcam a atua\u00e7\u00e3o do Procon-SP junto \u00e0 sociedade \u2013 a participa\u00e7\u00e3o na constru\u00e7\u00e3o do texto da Constitui\u00e7\u00e3o de 1988; o desenvolvimento das palestras e pesquisas; a fiscaliza\u00e7\u00e3o de setores essenciais; os lan\u00e7amentos de guias de orienta\u00e7\u00e3o, de revistas, de banco de dados de recalls; a cria\u00e7\u00e3o de um setor respons\u00e1vel por estreitar a comunica\u00e7\u00e3o com os Procons municipais e do N\u00facleo de Atendimento ao Superendividado; a forma\u00e7\u00e3o de parcerias com outras institui\u00e7\u00f5es; al\u00e9m de relembrar sobre a atua\u00e7\u00e3o da institui\u00e7\u00e3o durante a pandemia.<\/p>\n<p>Maria Lumena Balaben Sampaio trouxe sua experi\u00eancia como protagonista na constru\u00e7\u00e3o do \u00f3rg\u00e3o de defesa paulista, destacando a import\u00e2ncia desta trajet\u00f3ria no fortalecimento da cidadania do nosso pa\u00eds. Abordou as dificuldades enfrentadas quando a defesa do consumidor ainda n\u00e3o estava sistematizada e os desafios enfrentados pelos funcion\u00e1rios do Procon-SP para fazer com que o C\u00f3digo de Defesa do Consumidor fosse implementado.<\/p>\n<p>O pioneirismo do Procon-SP na cria\u00e7\u00e3o do Centro de Estudos e Pesquisas, com \u00eanfase na educa\u00e7\u00e3o como um dos pilares para o sucesso da defesa do consumidor; na implementa\u00e7\u00e3o do trabalho de media\u00e7\u00e3o e solu\u00e7\u00e3o dos conflitos de consumo; e na institui\u00e7\u00e3o de sua ouvidoria tamb\u00e9m foram ressaltados em sua fala.<\/p>\n<p>Na ocasi\u00e3o, o diretor executivo assinou duas portarias internas para cria\u00e7\u00e3o de duas comiss\u00f5es \u2013 a primeira ter\u00e1 como objetivo elaborar o projeto de comemora\u00e7\u00e3o dos 50 anos do Procon-SP e a segunda visa fomentar a interlocu\u00e7\u00e3o dos integrantes do sistema de prote\u00e7\u00e3o e defesa do consumidor por meio da elei\u00e7\u00e3o de representantes regionais dos Procons municipais conveniados.<\/p>\n<p class=\"text-center\"><span class=\"embed-youtube\" style=\"text-align:center; display: block;\"><iframe loading=\"lazy\" class=\"youtube-player\" width=\"696\" height=\"392\" src=\"https:\/\/www.youtube.com\/embed\/BFUXFmtWQWo?version=3&#038;rel=1&#038;showsearch=0&#038;showinfo=1&#038;iv_load_policy=1&#038;fs=1&#038;hl=pt-BR&#038;autohide=2&#038;wmode=transparent\" allowfullscreen=\"true\" style=\"border:0;\" sandbox=\"allow-scripts allow-same-origin allow-popups allow-presentation allow-popups-to-escape-sandbox\"><\/iframe><\/span><\/p>\n<\/p><\/div>\n<p><br \/>\n<br \/><a href=\"https:\/\/www.saopaulo.sp.gov.br\/spnoticias\/ultimas-noticias\/procon-sp-completa-48-anos-a-frente-da-defesa-do-consumidor\/\" rel=\"noopener\">Informa\u00e7\u00f5es GOV.SP<\/a><\/p>\n","protected":false},"excerpt":{"rendered":"<p>&#13; &#13; &#13; &#13; &#13; 6 de maio tamb\u00e9m \u00e9 o Dia da Defesa do Consumidor no estado; \u00f3rg\u00e3o de defesa marca a data com evento para funcion\u00e1rios e Procons municipais &#13; &#13; &#13; &#13; Na segunda-feira (6), o Procon-SP completou 48 anos, data em que tamb\u00e9m se comemora o Dia da Defesa do Consumidor [&hellip;]<\/p>\n","protected":false},"author":1,"featured_media":238,"comment_status":"open","ping_status":"open","sticky":false,"template":"","format":"standard","meta":{"_jetpack_newsletter_access":"","_jetpack_dont_email_post_to_subs":false,"_jetpack_newsletter_tier_id":0,"_jetpack_memberships_contains_paywalled_content":false,"_mbp_banners":[],"_jetpack_feature_clip_id":0,"_jetpack_memberships_contains_paid_content":false,"footnotes":"","jetpack_publicize_message":"","jetpack_publicize_feature_enabled":true,"jetpack_social_post_already_shared":true,"jetpack_social_options":{"image_generator_settings":{"template":"highway","default_image_id":0,"font":"","enabled":false},"version":2},"jetpack_post_was_ever_published":false},"categories":[21],"tags":[],"class_list":["post-4039","post","type-post","status-publish","format-standard","has-post-thumbnail","category-sp-news"],"jetpack_publicize_connections":[],"jetpack-related-posts":[],"jetpack_shortlink":"https:\/\/wp.me\/p7Eq1F-139","jetpack_sharing_enabled":true,"jetpack_featured_media_url":"https:\/\/i0.wp.com\/guialimeira.com.br\/news\/wp-content\/uploads\/2024\/03\/cover.png?fit=650%2C650&ssl=1","_links":{"self":[{"href":"https:\/\/guialimeira.com.br\/news\/wp-json\/wp\/v2\/posts\/4039","targetHints":{"allow":["GET"]}}],"collection":[{"href":"https:\/\/guialimeira.com.br\/news\/wp-json\/wp\/v2\/posts"}],"about":[{"href":"https:\/\/guialimeira.com.br\/news\/wp-json\/wp\/v2\/types\/post"}],"author":[{"embeddable":true,"href":"https:\/\/guialimeira.com.br\/news\/wp-json\/wp\/v2\/users\/1"}],"replies":[{"embeddable":true,"href":"https:\/\/guialimeira.com.br\/news\/wp-json\/wp\/v2\/comments?post=4039"}],"version-history":[{"count":0,"href":"https:\/\/guialimeira.com.br\/news\/wp-json\/wp\/v2\/posts\/4039\/revisions"}],"wp:featuredmedia":[{"embeddable":true,"href":"https:\/\/guialimeira.com.br\/news\/wp-json\/wp\/v2\/media\/238"}],"wp:attachment":[{"href":"https:\/\/guialimeira.com.br\/news\/wp-json\/wp\/v2\/media?parent=4039"}],"wp:term":[{"taxonomy":"category","embeddable":true,"href":"https:\/\/guialimeira.com.br\/news\/wp-json\/wp\/v2\/categories?post=4039"},{"taxonomy":"post_tag","embeddable":true,"href":"https:\/\/guialimeira.com.br\/news\/wp-json\/wp\/v2\/tags?post=4039"}],"curies":[{"name":"wp","href":"https:\/\/api.w.org\/{rel}","templated":true}]}}