{"id":4033,"date":"2024-05-07T10:01:47","date_gmt":"2024-05-07T13:01:47","guid":{"rendered":"https:\/\/guialimeira.com.br\/2024\/05\/07\/maio-amarelo-detran-sp-prepara-programacao-especial-para-o-estado-de-sp\/"},"modified":"2024-05-07T10:01:47","modified_gmt":"2024-05-07T13:01:47","slug":"maio-amarelo-detran-sp-prepara-programacao-especial-para-o-estado-de-sp","status":"publish","type":"post","link":"https:\/\/guialimeira.com.br\/news\/maio-amarelo-detran-sp-prepara-programacao-especial-para-o-estado-de-sp\/","title":{"rendered":"Maio Amarelo: Detran-SP prepara programa\u00e7\u00e3o especial para o estado de SP"},"content":{"rendered":"<p> <br \/>\n<\/p>\n<div id=\"\">&#13;<br \/>\n                                <!-- Title -->&#13;<br \/>\n                                &#13;<br \/>\n&#13;<br \/>\n                                <!-- Excerpt -->&#13;<\/p>\n<p class=\"excerpt\">As iniciativas t\u00eam como objetivo diminuir mortes e les\u00f5es no tr\u00e2nsito; meta \u00e9 diminuir o n\u00famero de v\u00edtimas pela metade at\u00e9 2030<\/p>\n<p>&#13;<br \/>\n&#13;<br \/>\n                                &#13;\n                            <\/p><\/div>\n<div id=\"\">&#13;<\/p>\n<figure id=\"attachment_5879029\" style=\"width: 100%;max-width: 1130px\" class=\"wp-caption alignnone caption-hide\"><img data-recalc-dims=\"1\" decoding=\"async\" loading=\"lazy\" class=\"size-full wp-image-5879029\" src=\"https:\/\/i0.wp.com\/www.saopaulo.sp.gov.br\/wp-content\/uploads\/2024\/05\/capa06052024-1.jpeg?resize=696%2C443&#038;ssl=1\" alt=\"\" width=\"696\" height=\"443\" srcset=\"https:\/\/www.saopaulo.sp.gov.br\/wp-content\/uploads\/2024\/05\/capa06052024-1.jpeg 1130w, https:\/\/www.saopaulo.sp.gov.br\/wp-content\/uploads\/2024\/05\/capa06052024-1-300x191.jpeg 300w, https:\/\/www.saopaulo.sp.gov.br\/wp-content\/uploads\/2024\/05\/capa06052024-1-1024x652.jpeg 1024w, https:\/\/www.saopaulo.sp.gov.br\/wp-content\/uploads\/2024\/05\/capa06052024-1-768x489.jpeg 768w\" sizes=\"auto, (max-width: 1130px) 100vw, 1130px\"\/><\/figure>\n<p dir=\"ltr\">J\u00e1 s\u00e3o 11 anos desde o in\u00edcio do Maio Amarelo no Brasil, iniciativa da Organiza\u00e7\u00e3o das Na\u00e7\u00f5es Unidas (ONU), com apoio da Organiza\u00e7\u00e3o Mundial da Sa\u00fade (OMS), pela redu\u00e7\u00e3o de les\u00f5es e mortes no tr\u00e2nsito. A meta do movimento \u00e9 diminuir o n\u00famero de v\u00edtimas pela metade at\u00e9 2030. Alinhado a esse objetivo, o Departamento Estadual de Tr\u00e2nsito de S\u00e3o Paulo (Detran-SP) preparou uma programa\u00e7\u00e3o com a\u00e7\u00f5es educativas e de fiscaliza\u00e7\u00e3o.<\/p>\n<p dir=\"ltr\">A fiscaliza\u00e7\u00e3o ser\u00e1 intensificada com um maior n\u00famero de a\u00e7\u00f5es da Opera\u00e7\u00e3o de Dire\u00e7\u00e3o Segura Integrada (ODSI) com a miss\u00e3o de coibir a mistura de \u00e1lcool e dire\u00e7\u00e3o. O refor\u00e7o \u00e0s ODSI j\u00e1 acontece independentemente do Maio Amarelo, como medida do Detran-SP para tornar o tr\u00e2nsito mais seguro.<\/p>\n<p dir=\"ltr\">Na capital paulista, o n\u00famero de ve\u00edculos abordados nessas a\u00e7\u00f5es mais que dobrou, quando se toma o primeiro trimestre como base: foram 6.789 ve\u00edculos de janeiro a mar\u00e7o de 2024, contra 3.175 ve\u00edculos em 2023, aumento de 114%. No estado, o crescimento foi ainda maior, de 132%, passando de 37.532 ve\u00edculos abordados, em 2023, para 86.931, em 2024.<\/p>\n<p dir=\"ltr\">No campo educacional, a Escola Paulista de Tr\u00e2nsito (EPT), do Detran-SP, realizar\u00e1 uma grade diversificada de palestras, com transmiss\u00e3o pela internet a partir da segunda quinzena de maio. Os temas v\u00e3o da comunica\u00e7\u00e3o no tr\u00e2nsito ao rec\u00e9m-implementado Sistema Estadual de Tr\u00e2nsito (Sistran), passando pela compet\u00eancia dos munic\u00edpios na fiscaliza\u00e7\u00e3o, pelos fatores de risco no tr\u00e2nsito, amputa\u00e7\u00e3o e vis\u00e3o zero.<\/p>\n<p dir=\"ltr\">Veja as a\u00e7\u00f5es educativas em todas as regi\u00f5es do estado<\/p>\n<p dir=\"ltr\"><strong>Regi\u00e3o de Ara\u00e7atuba:<\/strong><\/p>\n<ul dir=\"ltr\">\n<li>Rodovia Mirim: Todas as quartas e sextas-feiras do m\u00eas, entre 8h e 10h, em Ara\u00e7atuba, haver\u00e1 palestras sobre tr\u00e2nsito para crian\u00e7as na base da Pol\u00edcia Rodovi\u00e1ria. Policiais e agentes do Detran-SP acompanhar\u00e3o as crian\u00e7as, fornecendo orienta\u00e7\u00f5es sobre faixas de pedestres, respeito \u00e0s leis e cuidados no tr\u00e2nsito.<\/li>\n<li>Orienta\u00e7\u00f5es para motociclistas: Em Birigui e Andradina, agentes fornecer\u00e3o orienta\u00e7\u00f5es sobre os cuidados no tr\u00e2nsito, incluindo a coloca\u00e7\u00e3o de selos refletivos nos capacetes e antenas contra cerol. A parceria com a Concession\u00e1ria Rondon e a Pol\u00edcia Rodovi\u00e1ria realiza as a\u00e7\u00f5es em (Birigui (6\/5) e Andradina (21\/5).<\/li>\n<li>A\u00e7\u00f5es para ciclistas: Em Ara\u00e7atuba (10\/5) e Birigui (15\/5) haver\u00e1 orienta\u00e7\u00f5es sobre cuidados no tr\u00e2nsito e distribui\u00e7\u00e3o de selos refletivos para bicicletas, das 16h \u00e0s 18h.<\/li>\n<\/ul>\n<p dir=\"ltr\"><strong>Regi\u00e3o de Araraquara:<\/strong><\/p>\n<ul dir=\"ltr\">\n<li>Conscientiza\u00e7\u00e3o: Entre 21 e 25 de maio, o Detran-SP realizar\u00e1 abordagens educativas para motoristas e pedestres em Araraquara, com apresenta\u00e7\u00f5es teatrais sobre as normas de tr\u00e2nsito e orienta\u00e7\u00f5es de agentes de tr\u00e2nsito antes e depois dos espet\u00e1culos.<\/li>\n<li>A\u00e7\u00f5es em outros munic\u00edpios: A equipe de conscientiza\u00e7\u00e3o estar\u00e1 presente tamb\u00e9m em Ibitinga, Ja\u00fa e Mat\u00e3o, com abordagens focadas em reduzir os riscos nas vias.<\/li>\n<\/ul>\n<p dir=\"ltr\"><strong>Regi\u00e3o de Bauru:<\/strong><\/p>\n<ul dir=\"ltr\">\n<li>A\u00e7\u00e3o educativa com baf\u00f4metro: Nas cidades de Bauru (3\/5), Lins (9\/5), Len\u00e7\u00f3is Paulista (16\/5) e Mar\u00edlia (23\/5), o Detran-SP realizar\u00e1 visitas educativas em bares, com entrega de material da campanha e testes de baf\u00f4metro educativos.<\/li>\n<li>A\u00e7\u00e3o integrada em Ourinhos e Bauru: Entre os dias 6 e 9 de maio e no dia 10, respectivamente, haver\u00e1 uma programa\u00e7\u00e3o conjunta com \u00f3rg\u00e3os e entidades parceiras, incluindo a realiza\u00e7\u00e3o de circuitos com \u00f3culos virtuais para simular embriaguez, al\u00e9m de exames de press\u00e3o arterial e glicemia, entrega de material de campanha e instala\u00e7\u00e3o de antenas corta-pipa em motocicletas.<\/li>\n<\/ul>\n<p dir=\"ltr\"><strong>Regi\u00e3o de Franca:<\/strong><\/p>\n<ul dir=\"ltr\">\n<li>Se beber, n\u00e3o dirija: Franca e munic\u00edpios da regi\u00e3o receber\u00e3o visitas educativas das equipes dos Detran-SP em bares, com entrega de material da campanha e testes de baf\u00f4metro educativos.<\/li>\n<\/ul>\n<p dir=\"ltr\"><strong>Regi\u00e3o de Presidente Prudente:<\/strong><\/p>\n<ul dir=\"ltr\">\n<li>Material educativo: No dia 7, o Detran-SP participa da cerim\u00f4nia de abertura do Maio Amarelo em Presidente Prudente, seguido por a\u00e7\u00f5es de panfletagem para conscientiza\u00e7\u00e3o por um tr\u00e2nsito seguro no dia 17.<\/li>\n<li>14\u00aa Feira do Rock: No dia 19, agentes do Detran-SP estar\u00e3o presentes na Feira do Rock para explicar o uso do baf\u00f4metro utilizado na Opera\u00e7\u00e3o de Dire\u00e7\u00e3o Segura Integrada (ODSI).<\/li>\n<li>Ciclistas: No dia 26, o Detran-SP estar\u00e1 com um estande para fornecer orienta\u00e7\u00f5es sobre condu\u00e7\u00e3o prudente e distribuir materiais educativos durante uma a\u00e7\u00e3o voltada para ciclistas.<\/li>\n<\/ul>\n<p dir=\"ltr\"><strong>Sobre o Detran-SP<\/strong><\/p>\n<p dir=\"ltr\">O Detran-SP trabalha incessantemente para prevenir sinistros e preservar vidas, com a meta de organizar um tr\u00e2nsito mais seguro e harmonioso entre todos os modais. O \u00f3rg\u00e3o segue comprometido em oferecer servi\u00e7os de excel\u00eancia aos cidad\u00e3os, baseados em valores como respeito, integridade, seguran\u00e7a e efici\u00eancia.<\/p>\n<p dir=\"ltr\">Atualmente, est\u00e1 implementando a transforma\u00e7\u00e3o digital para melhorar a qualidade de vida dos paulistas, facilitando o acesso aos servi\u00e7os p\u00fablicos. Cerca de 93% dos atendimentos realizados nas unidades do Detran-SP integradas ao Poupatempo s\u00e3o feitos de forma digital.<\/p>\n<p dir=\"ltr\">Como o maior \u00f3rg\u00e3o executivo de tr\u00e2nsito do pa\u00eds, o Departamento de Tr\u00e2nsito Paulista \u00e9 respons\u00e1vel por 28% da frota brasileira, com mais de 34 milh\u00f5es de ve\u00edculos registrados e mais de 25 milh\u00f5es de motoristas habilitados em todo o estado. Mensalmente, emite aproximadamente 400 mil Carteiras Nacionais de Habilita\u00e7\u00e3o (CNHs) e 1,2 milh\u00e3o de Certificados de Registro e Licenciamento Veicular (CRLVs). Em m\u00e9dia, s\u00e3o emitidos mais de 136 mil documentos por dia.<\/p>\n<p dir=\"ltr\">Siga o canal \u201cGoverno de S\u00e3o Paulo\u201d no WhatsApp:<br \/><a href=\"https:\/\/bit.ly\/govspnozap\" target=\"_blank\" rel=\"noopener noreferrer\">https:\/\/bit.ly\/govspnozap<\/a><\/p>\n<\/p><\/div>\n<p><br \/>\n<br \/><a href=\"https:\/\/www.saopaulo.sp.gov.br\/spnoticias\/maio-amarelo-detran-sp-prepara-programacao-especial-para-o-estado-de-sp\/\" rel=\"noopener\">Informa\u00e7\u00f5es GOV.SP<\/a><\/p>\n","protected":false},"excerpt":{"rendered":"<p>&#13; &#13; &#13; &#13; &#13; As iniciativas t\u00eam como objetivo diminuir mortes e les\u00f5es no tr\u00e2nsito; meta \u00e9 diminuir o n\u00famero de v\u00edtimas pela metade at\u00e9 2030 &#13; &#13; &#13; &#13; J\u00e1 s\u00e3o 11 anos desde o in\u00edcio do Maio Amarelo no Brasil, iniciativa da Organiza\u00e7\u00e3o das Na\u00e7\u00f5es Unidas (ONU), com apoio da Organiza\u00e7\u00e3o Mundial [&hellip;]<\/p>\n","protected":false},"author":1,"featured_media":4034,"comment_status":"open","ping_status":"open","sticky":false,"template":"","format":"standard","meta":{"_jetpack_newsletter_access":"","_jetpack_dont_email_post_to_subs":false,"_jetpack_newsletter_tier_id":0,"_jetpack_memberships_contains_paywalled_content":false,"_mbp_banners":[],"_jetpack_feature_clip_id":0,"_jetpack_memberships_contains_paid_content":false,"footnotes":"","jetpack_publicize_message":"","jetpack_publicize_feature_enabled":true,"jetpack_social_post_already_shared":true,"jetpack_social_options":{"image_generator_settings":{"template":"highway","default_image_id":0,"font":"","enabled":false},"version":2},"jetpack_post_was_ever_published":false},"categories":[21],"tags":[],"class_list":["post-4033","post","type-post","status-publish","format-standard","has-post-thumbnail","category-sp-news"],"jetpack_publicize_connections":[],"jetpack-related-posts":[],"jetpack_shortlink":"https:\/\/wp.me\/p7Eq1F-133","jetpack_sharing_enabled":true,"jetpack_featured_media_url":"https:\/\/i0.wp.com\/guialimeira.com.br\/news\/wp-content\/uploads\/2024\/05\/Maio-Amarelo-Detran-SP-prepara-programacao-especial-para-o-estado-de.jpeg?fit=1130%2C720&ssl=1","_links":{"self":[{"href":"https:\/\/guialimeira.com.br\/news\/wp-json\/wp\/v2\/posts\/4033","targetHints":{"allow":["GET"]}}],"collection":[{"href":"https:\/\/guialimeira.com.br\/news\/wp-json\/wp\/v2\/posts"}],"about":[{"href":"https:\/\/guialimeira.com.br\/news\/wp-json\/wp\/v2\/types\/post"}],"author":[{"embeddable":true,"href":"https:\/\/guialimeira.com.br\/news\/wp-json\/wp\/v2\/users\/1"}],"replies":[{"embeddable":true,"href":"https:\/\/guialimeira.com.br\/news\/wp-json\/wp\/v2\/comments?post=4033"}],"version-history":[{"count":0,"href":"https:\/\/guialimeira.com.br\/news\/wp-json\/wp\/v2\/posts\/4033\/revisions"}],"wp:featuredmedia":[{"embeddable":true,"href":"https:\/\/guialimeira.com.br\/news\/wp-json\/wp\/v2\/media\/4034"}],"wp:attachment":[{"href":"https:\/\/guialimeira.com.br\/news\/wp-json\/wp\/v2\/media?parent=4033"}],"wp:term":[{"taxonomy":"category","embeddable":true,"href":"https:\/\/guialimeira.com.br\/news\/wp-json\/wp\/v2\/categories?post=4033"},{"taxonomy":"post_tag","embeddable":true,"href":"https:\/\/guialimeira.com.br\/news\/wp-json\/wp\/v2\/tags?post=4033"}],"curies":[{"name":"wp","href":"https:\/\/api.w.org\/{rel}","templated":true}]}}