{"id":4028,"date":"2024-05-07T09:15:45","date_gmt":"2024-05-07T12:15:45","guid":{"rendered":"https:\/\/guialimeira.com.br\/2024\/05\/07\/evento-de-lancamento-do-livro-a-rua-do-infinito-acontece-nesta-terca-7\/"},"modified":"2024-05-07T09:15:45","modified_gmt":"2024-05-07T12:15:45","slug":"evento-de-lancamento-do-livro-a-rua-do-infinito-acontece-nesta-terca-7","status":"publish","type":"post","link":"https:\/\/guialimeira.com.br\/news\/evento-de-lancamento-do-livro-a-rua-do-infinito-acontece-nesta-terca-7\/","title":{"rendered":"Evento de lan\u00e7amento do livro \u201cA Rua do Infinito\u201d acontece nesta ter\u00e7a (7)"},"content":{"rendered":"<p> <br \/>\n<\/p>\n<div>\n            <main class=\"\">&#13;<br \/>\n                &#13;<br \/>\n&#13;<br \/>\n&#13;<br \/>\n&#13;<br \/>\n    <img data-recalc-dims=\"1\" decoding=\"async\" src=\"https:\/\/i0.wp.com\/ecrie.com.br\/sistema\/conteudos\/imagem\/m_137_0_1_07052024090949.jpg?w=696&#038;ssl=1\" alt=\"Evento de lan\u00e7amento do livro \u201cA Rua do Infinito\u201d acontece nesta ter\u00e7a (7)\"\/>&#13;<br \/>\n&#13;<\/p>\n<p style=\"text-align: justify;\"><span style=\"font-weight: 400;\">Hoje (7), acontece o evento de lan\u00e7amento do livro \u201cA Rua do Infinito\u201d da autora Danny Ferlin, no Anfiteatro Dr. Olindo de Luca da Biblioteca Municipal, \u00e0s 20h. Antecedendo o evento, \u00e0s 19h30, haver\u00e1 a realiza\u00e7\u00e3o da palestra \u201cProdu\u00e7\u00e3o liter\u00e1ria da obra A Rua do Infinito\u201d, tamb\u00e9m transmitida no Canal do YouTube da autora.\u00a0<\/span><\/p>\n<p>&#13;<\/p>\n<p style=\"text-align: justify;\"><span style=\"font-weight: 400;\">Voltado para o p\u00fablico a partir de 14 anos, o evento tem a participa\u00e7\u00e3o da banda Souela, venda promocional do livro, sorteios, sess\u00e3o de aut\u00f3grafos e fotos com a autora. O projeto conta ainda com revis\u00e3o e arte da capa dos artistas Otac\u00edlio Monteiro e Wellington de Barros Pessoa, respectivamente.<\/span><\/p>\n<p>&#13;<\/p>\n<p style=\"text-align: justify;\"><span style=\"font-weight: 400;\">\u201cA Rua do Infinito\u201d conta sobre os jovens irm\u00e3os Chris e Lucy, que se mudam com a fam\u00edlia para uma nova casa e descobrem que um grande mist\u00e9rio envolve o local: todas as pessoas que vivem naquela rua n\u00e3o morrem. Cercados de maldi\u00e7\u00f5es e repletos de sentimentos que embalam a adolesc\u00eancia, cabem aos jovens a escolha entre seguir seus sonhos longe dali ou viver a eternidade.<\/span><\/p>\n<p>&#13;<\/p>\n<p style=\"text-align: justify;\"><span style=\"font-weight: 400;\">O projeto tem incentivo do ProAC, atrav\u00e9s da Secretaria da Cultura e Economia Criativa e do Governo do Estado de S\u00e3o Paulo, e apoio da Prefeitura de Limeira, por meio da Secretaria de Cultura.<\/span><\/p>\n<p>&#13;<\/p>\n<p style=\"text-align: justify;\"><span style=\"font-weight: 400;\">O anfiteatro fica no Parque Cidade.<\/span><\/p>\n<p>&#13;<\/p>\n<p style=\"text-align: justify;\">\u00a0<\/p>\n<p>&#13;<br \/>\n&#13;<br \/>\n&#13;<br \/>\n&#13;<\/p>\n<aside class=\"list-related no-print\">&#13;<br \/>\n        &#13;<br \/>\n&#13;<\/p>\n<article class=\"list-item noticias \">&#13;<br \/>\n                    <a class=\"list-item__img\" href=\"https:\/\/limeira.sp.gov.br\/imprensa\/noticias\/cultura\/banca-de-trocas-de-livros-e-gibis-acontece-nesta-quarta-8\" tabindex=\"-1\" aria-hidden=\"true\" rel=\"noopener\">&#13;<br \/>\n                        <img data-recalc-dims=\"1\" decoding=\"async\" src=\"https:\/\/i0.wp.com\/ecrie.com.br\/sistema\/conteudos\/imagem\/m_137_0_1_06052024144956.png?w=696&#038;ssl=1\" alt=\"Banca de Trocas de Livros e Gibis acontece nesta quarta (8)\"\/>&#13;<br \/>\n                    <\/a>&#13;<br \/>\n&#13;<br \/>\n                &#13;<br \/>\n            <\/article>\n<p>&#13;<\/p>\n<article class=\"list-item noticias \">&#13;<br \/>\n                    <a class=\"list-item__img\" href=\"https:\/\/limeira.sp.gov.br\/imprensa\/noticias\/cultura\/evento-gratuito-sobre-vivencia-quilombola-se-inicia-nesta-segunda-6\" tabindex=\"-1\" aria-hidden=\"true\" rel=\"noopener\">&#13;<br \/>\n                        <img data-recalc-dims=\"1\" decoding=\"async\" src=\"https:\/\/i0.wp.com\/ecrie.com.br\/sistema\/conteudos\/imagem\/m_137_45_130_15122022144819.jpg?w=696&#038;ssl=1\" alt=\"Evento gratuito sobre viv\u00eancia quilombola se inicia nesta segunda (6)\"\/>&#13;<br \/>\n                    <\/a>&#13;<br \/>\n&#13;<br \/>\n                &#13;<br \/>\n            <\/article>\n<p>&#13;<\/p>\n<article class=\"list-item noticias \">&#13;<br \/>\n                    <a class=\"list-item__img\" href=\"https:\/\/limeira.sp.gov.br\/imprensa\/noticias\/cultura\/eventos-em-homenagem-as-maes-sao-destaques-da-semana\" tabindex=\"-1\" aria-hidden=\"true\" rel=\"noopener\">&#13;<br \/>\n                        <img data-recalc-dims=\"1\" decoding=\"async\" src=\"https:\/\/i0.wp.com\/ecrie.com.br\/sistema\/conteudos\/imagem\/m_137_0_1_21032024141121.jpeg?w=696&#038;ssl=1\" alt=\"Eventos em homenagem \u00e0s m\u00e3es s\u00e3o destaques da semana\"\/>&#13;<br \/>\n                    <\/a>&#13;<br \/>\n&#13;<br \/>\n                &#13;<br \/>\n            <\/article>\n<p>&#13;<br \/>\n    <\/aside>\n<p>&#13;<br \/>\n&#13;<br \/>\n            <\/main><\/p><\/div>\n<p><br \/>\n<br \/><a href=\"https:\/\/limeira.sp.gov.br\/evento-de-lancamento-do-livro-a-rua-do-infinito-acontece-nesta-terca-7\" rel=\"noopener\">Informa\u00e7\u00f5es da PML <\/a><\/p>\n","protected":false},"excerpt":{"rendered":"<p>&#13; &#13; &#13; &#13; &#13; &#13; &#13; Hoje (7), acontece o evento de lan\u00e7amento do livro \u201cA Rua do Infinito\u201d da autora Danny Ferlin, no Anfiteatro Dr. Olindo de Luca da Biblioteca Municipal, \u00e0s 20h. Antecedendo o evento, \u00e0s 19h30, haver\u00e1 a realiza\u00e7\u00e3o da palestra \u201cProdu\u00e7\u00e3o liter\u00e1ria da obra A Rua do Infinito\u201d, tamb\u00e9m transmitida [&hellip;]<\/p>\n","protected":false},"author":1,"featured_media":4029,"comment_status":"open","ping_status":"open","sticky":false,"template":"","format":"standard","meta":{"_jetpack_newsletter_access":"","_jetpack_dont_email_post_to_subs":false,"_jetpack_newsletter_tier_id":0,"_jetpack_memberships_contains_paywalled_content":false,"_mbp_banners":[],"_jetpack_feature_clip_id":0,"_jetpack_memberships_contains_paid_content":false,"footnotes":"","jetpack_publicize_message":"","jetpack_publicize_feature_enabled":true,"jetpack_social_post_already_shared":true,"jetpack_social_options":{"image_generator_settings":{"template":"highway","default_image_id":0,"font":"","enabled":false},"version":2},"jetpack_post_was_ever_published":false},"categories":[16],"tags":[],"class_list":["post-4028","post","type-post","status-publish","format-standard","has-post-thumbnail","category-local"],"jetpack_publicize_connections":[],"jetpack-related-posts":[],"jetpack_shortlink":"https:\/\/wp.me\/p7Eq1F-12Y","jetpack_sharing_enabled":true,"jetpack_featured_media_url":"https:\/\/i0.wp.com\/guialimeira.com.br\/news\/wp-content\/uploads\/2024\/05\/m_137_0_1_07052024090949.jpg?fit=900%2C506&ssl=1","_links":{"self":[{"href":"https:\/\/guialimeira.com.br\/news\/wp-json\/wp\/v2\/posts\/4028","targetHints":{"allow":["GET"]}}],"collection":[{"href":"https:\/\/guialimeira.com.br\/news\/wp-json\/wp\/v2\/posts"}],"about":[{"href":"https:\/\/guialimeira.com.br\/news\/wp-json\/wp\/v2\/types\/post"}],"author":[{"embeddable":true,"href":"https:\/\/guialimeira.com.br\/news\/wp-json\/wp\/v2\/users\/1"}],"replies":[{"embeddable":true,"href":"https:\/\/guialimeira.com.br\/news\/wp-json\/wp\/v2\/comments?post=4028"}],"version-history":[{"count":0,"href":"https:\/\/guialimeira.com.br\/news\/wp-json\/wp\/v2\/posts\/4028\/revisions"}],"wp:featuredmedia":[{"embeddable":true,"href":"https:\/\/guialimeira.com.br\/news\/wp-json\/wp\/v2\/media\/4029"}],"wp:attachment":[{"href":"https:\/\/guialimeira.com.br\/news\/wp-json\/wp\/v2\/media?parent=4028"}],"wp:term":[{"taxonomy":"category","embeddable":true,"href":"https:\/\/guialimeira.com.br\/news\/wp-json\/wp\/v2\/categories?post=4028"},{"taxonomy":"post_tag","embeddable":true,"href":"https:\/\/guialimeira.com.br\/news\/wp-json\/wp\/v2\/tags?post=4028"}],"curies":[{"name":"wp","href":"https:\/\/api.w.org\/{rel}","templated":true}]}}