{"id":4012,"date":"2024-05-07T06:32:42","date_gmt":"2024-05-07T09:32:42","guid":{"rendered":"https:\/\/guialimeira.com.br\/2024\/05\/07\/acao-cultural-apresentara-propostas-de-como-utilizar-os-recursos-portal-do-municipio-de-piracicaba\/"},"modified":"2024-05-07T06:32:42","modified_gmt":"2024-05-07T09:32:42","slug":"acao-cultural-apresentara-propostas-de-como-utilizar-os-recursos-portal-do-municipio-de-piracicaba","status":"publish","type":"post","link":"https:\/\/guialimeira.com.br\/news\/acao-cultural-apresentara-propostas-de-como-utilizar-os-recursos-portal-do-municipio-de-piracicaba\/","title":{"rendered":"A\u00e7\u00e3o Cultural apresentar\u00e1 propostas de como utilizar os recursos \u2013 Portal do Munic\u00edpio de Piracicaba"},"content":{"rendered":"<p> <br \/>\n<\/p>\n<div>\n<figure class=\"text-center\">\n          <img data-recalc-dims=\"1\" width=\"696\" height=\"464\" src=\"https:\/\/i0.wp.com\/piracicaba.sp.gov.br\/wp-content\/uploads\/2024\/05\/Reunioes-acontecem-no-Armazem-14-do-Engenho-Central-1024x683.jpg?resize=696%2C464&#038;ssl=1\" class=\"img-fluid img-thumbnail border-1 wp-post-image\" alt=\"Reuni\u00f5es acontecem no Armaz\u00e9m 14 do Engenho Central\" itemprop=\"image\" decoding=\"async\" fetchpriority=\"high\" srcset=\"https:\/\/piracicaba.sp.gov.br\/wp-content\/uploads\/2024\/05\/Reunioes-acontecem-no-Armazem-14-do-Engenho-Central-1024x683.jpg 1024w, https:\/\/piracicaba.sp.gov.br\/wp-content\/uploads\/2024\/05\/Reunioes-acontecem-no-Armazem-14-do-Engenho-Central-300x200.jpg 300w, https:\/\/piracicaba.sp.gov.br\/wp-content\/uploads\/2024\/05\/Reunioes-acontecem-no-Armazem-14-do-Engenho-Central-768x512.jpg 768w, https:\/\/piracicaba.sp.gov.br\/wp-content\/uploads\/2024\/05\/Reunioes-acontecem-no-Armazem-14-do-Engenho-Central-1536x1024.jpg 1536w, https:\/\/piracicaba.sp.gov.br\/wp-content\/uploads\/2024\/05\/Reunioes-acontecem-no-Armazem-14-do-Engenho-Central-2048x1365.jpg 2048w\" sizes=\"(max-width: 1024px) 100vw, 1024px\"\/><figcaption class=\"text-center small fw-bold fst-italic mt-1\">Reuni\u00f5es acontecem no Armaz\u00e9m 14 do Engenho Central<\/figcaption><\/figure>\n<p>A Prefeitura, por meio da Semac (Secretaria Municipal da A\u00e7\u00e3o Cultural), realizar\u00e1 amanh\u00e3, ter\u00e7a-feira, 7\/05, \u00e0s 19h, no Armaz\u00e9m 14 do Engenho Central, a terceira reuni\u00e3o aberta \u00e0 popula\u00e7\u00e3o para tra\u00e7ar as diretrizes da Lei Aldir Blanc II, lei emergencial de fomento \u00e0 cultura que ser\u00e1 aplicada em todo o Brasil. Piracicaba recebeu recursos no valor de R$ 2.695.934,03, que devem ser divididos em diferentes editais.<\/p>\n<p>Neste terceiro encontro, a equipe t\u00e9cnica da Semac vai apresentar propostas de como utilizar os recursos da Lei n\u00ba 14.399 de julho de 2022, conhecida como Pol\u00edtica Nacional Aldir Blanc de Fomento \u00e0 Cultura, que tem vig\u00eancia de cinco anos. A secretaria tem at\u00e9 o dia 31\/05 para incluir no sistema do Governo Federal o\u00a0Paar\u00a0(Plano Anual de Aplica\u00e7\u00e3o dos Recursos), com os dados referentes a esta lei emergencial.<\/p>\n<p>Na segunda reuni\u00e3o, realizada neste mesmo local em 02\/05, com participa\u00e7\u00e3o de cerca de 80 pessoas, a pasta\u00a0ouviu\u00a0propostas e ideias de artistas, produtores e fazedores de cultura do munic\u00edpio sobre a formula\u00e7\u00e3o dos editais da Lei Aldir Blanc II. O encontro durou quase duas horas.<\/p>\n<p>\u201cServiu para embasar as propostas que apresentaremos e debateremos, Poder P\u00fablico e classe art\u00edstica, nesta ter\u00e7a\u201d, ressaltou Dayane Gabriele Bortoleto, chefe do NAA (N\u00facleo de Apoio Administrativo) da Semac.<\/p>\n<p>A Uni\u00e3o vai remeter aos estados e munic\u00edpios o valor global de R$ 3 bilh\u00f5es anuais at\u00e9 2027. O dinheiro dever\u00e1 ser usado para o financiamento de projetos culturais, montagem de cursos, pesquisas e estudos no setor e preserva\u00e7\u00e3o de patrim\u00f4nio cultural, entre outras finalidades.<\/p>\n<p>Na Lei Aldir Blanc I, Piracicaba executou, entre 2020 e 2021, aproximadamente R$ 2,5 milh\u00f5es em editais de fomento \u00e0 cultura e manuten\u00e7\u00e3o de espa\u00e7os culturais.<\/p>\n<p><strong>SERVI\u00c7O\u00a0<\/strong>\u2013 Terceiro encontro da Secretaria da Municipal A\u00e7\u00e3o Cultural com artistas, produtores e fazedores de cultura para debater diretrizes da Lei Aldir Blanc 2. Ter\u00e7a-feira, 7\/05, \u00e0s 19h, no Armaz\u00e9m 14 do Engenho Central. Avenida Dr. Maurice Allain, 454. Entrada gratuita. Informa\u00e7\u00f5es: 3403-2600.<\/p>\n<\/p><\/div>\n<p><br \/>\n<br \/><a href=\"https:\/\/piracicaba.sp.gov.br\/noticias\/lei-aldir-blanc-2-acao-cultural-apresentara-propostas-de-como-utilizar-os-recursos\/\" rel=\"noopener\">Informa\u00e7\u00f5es PMP <\/a><\/p>\n","protected":false},"excerpt":{"rendered":"<p>Reuni\u00f5es acontecem no Armaz\u00e9m 14 do Engenho Central A Prefeitura, por meio da Semac (Secretaria Municipal da A\u00e7\u00e3o Cultural), realizar\u00e1 amanh\u00e3, ter\u00e7a-feira, 7\/05, \u00e0s 19h, no Armaz\u00e9m 14 do Engenho Central, a terceira reuni\u00e3o aberta \u00e0 popula\u00e7\u00e3o para tra\u00e7ar as diretrizes da Lei Aldir Blanc II, lei emergencial de fomento \u00e0 cultura que ser\u00e1 aplicada [&hellip;]<\/p>\n","protected":false},"author":1,"featured_media":4013,"comment_status":"open","ping_status":"open","sticky":false,"template":"","format":"standard","meta":{"_jetpack_newsletter_access":"","_jetpack_dont_email_post_to_subs":false,"_jetpack_newsletter_tier_id":0,"_jetpack_memberships_contains_paywalled_content":false,"_mbp_banners":[],"_jetpack_feature_clip_id":0,"_jetpack_memberships_contains_paid_content":false,"footnotes":"","jetpack_publicize_message":"","jetpack_publicize_feature_enabled":true,"jetpack_social_post_already_shared":true,"jetpack_social_options":{"image_generator_settings":{"template":"highway","default_image_id":0,"font":"","enabled":false},"version":2},"jetpack_post_was_ever_published":false},"categories":[20],"tags":[],"class_list":["post-4012","post","type-post","status-publish","format-standard","has-post-thumbnail","category-regiao"],"jetpack_publicize_connections":[],"jetpack-related-posts":[],"jetpack_shortlink":"https:\/\/wp.me\/p7Eq1F-12I","jetpack_sharing_enabled":true,"jetpack_featured_media_url":"https:\/\/i0.wp.com\/guialimeira.com.br\/news\/wp-content\/uploads\/2024\/05\/Reunioes-acontecem-no-Armazem-14-do-Engenho-Central-scaled.jpg?fit=2560%2C1707&ssl=1","_links":{"self":[{"href":"https:\/\/guialimeira.com.br\/news\/wp-json\/wp\/v2\/posts\/4012","targetHints":{"allow":["GET"]}}],"collection":[{"href":"https:\/\/guialimeira.com.br\/news\/wp-json\/wp\/v2\/posts"}],"about":[{"href":"https:\/\/guialimeira.com.br\/news\/wp-json\/wp\/v2\/types\/post"}],"author":[{"embeddable":true,"href":"https:\/\/guialimeira.com.br\/news\/wp-json\/wp\/v2\/users\/1"}],"replies":[{"embeddable":true,"href":"https:\/\/guialimeira.com.br\/news\/wp-json\/wp\/v2\/comments?post=4012"}],"version-history":[{"count":0,"href":"https:\/\/guialimeira.com.br\/news\/wp-json\/wp\/v2\/posts\/4012\/revisions"}],"wp:featuredmedia":[{"embeddable":true,"href":"https:\/\/guialimeira.com.br\/news\/wp-json\/wp\/v2\/media\/4013"}],"wp:attachment":[{"href":"https:\/\/guialimeira.com.br\/news\/wp-json\/wp\/v2\/media?parent=4012"}],"wp:term":[{"taxonomy":"category","embeddable":true,"href":"https:\/\/guialimeira.com.br\/news\/wp-json\/wp\/v2\/categories?post=4012"},{"taxonomy":"post_tag","embeddable":true,"href":"https:\/\/guialimeira.com.br\/news\/wp-json\/wp\/v2\/tags?post=4012"}],"curies":[{"name":"wp","href":"https:\/\/api.w.org\/{rel}","templated":true}]}}