{"id":4010,"date":"2024-05-07T05:31:49","date_gmt":"2024-05-07T08:31:49","guid":{"rendered":"https:\/\/guialimeira.com.br\/2024\/05\/07\/duo-luca-vine-e-a-atracao-da-4a-edicao-do-projeto-quintal-do-prudente-portal-do-municipio-de-piracicaba\/"},"modified":"2024-05-07T05:31:49","modified_gmt":"2024-05-07T08:31:49","slug":"duo-luca-vine-e-a-atracao-da-4a-edicao-do-projeto-quintal-do-prudente-portal-do-municipio-de-piracicaba","status":"publish","type":"post","link":"https:\/\/guialimeira.com.br\/news\/duo-luca-vine-e-a-atracao-da-4a-edicao-do-projeto-quintal-do-prudente-portal-do-municipio-de-piracicaba\/","title":{"rendered":"Duo Luca &#038; Vine \u00e9 a atra\u00e7\u00e3o da 4\u00aa edi\u00e7\u00e3o do projeto Quintal do Prudente \u2013 Portal do Munic\u00edpio de Piracicaba"},"content":{"rendered":"<p> <br \/>\n<\/p>\n<div itemprop=\"articleBody\">\n<div class=\"m-auto col-lg-8\">\n<figure class=\"text-center\">\n<img data-recalc-dims=\"1\" width=\"696\" height=\"464\" src=\"https:\/\/i0.wp.com\/piracicaba.sp.gov.br\/wp-content\/uploads\/2024\/05\/Dupla-apresentara-classicos-do-pop-e-do-rock-em-versoes-exclusivas-1024x683.jpeg?resize=696%2C464&#038;ssl=1\" class=\"img-fluid img-thumbnail border-1 wp-post-image\" alt=\"Dupla apresentar\u00e1 cl\u00e1ssicos do pop e do rock em vers\u00f5es exclusivas\" itemprop=\"image\" decoding=\"async\" fetchpriority=\"high\" srcset=\"https:\/\/piracicaba.sp.gov.br\/wp-content\/uploads\/2024\/05\/Dupla-apresentara-classicos-do-pop-e-do-rock-em-versoes-exclusivas-1024x683.jpeg 1024w, https:\/\/piracicaba.sp.gov.br\/wp-content\/uploads\/2024\/05\/Dupla-apresentara-classicos-do-pop-e-do-rock-em-versoes-exclusivas-300x200.jpeg 300w, https:\/\/piracicaba.sp.gov.br\/wp-content\/uploads\/2024\/05\/Dupla-apresentara-classicos-do-pop-e-do-rock-em-versoes-exclusivas-768x512.jpeg 768w, https:\/\/piracicaba.sp.gov.br\/wp-content\/uploads\/2024\/05\/Dupla-apresentara-classicos-do-pop-e-do-rock-em-versoes-exclusivas.jpeg 1296w\" sizes=\"(max-width: 1024px) 100vw, 1024px\"\/><figcaption class=\"text-center small fw-bold fst-italic mt-1\">Dupla apresentar\u00e1 cl\u00e1ssicos do pop e do rock em vers\u00f5es exclusivas<\/figcaption><\/figure>\n<p>Como uma forma de ocupar mais espa\u00e7os do hist\u00f3rico casar\u00e3o na \u00e1rea central de Piracicaba, que em outros tempos foi a moradia do primeiro presidente republicano do Brasil, o Museu Prudente de Moraes promove desde fevereiro de 2024 o Projeto Quintal do Prudente. A quarta edi\u00e7\u00e3o, que acontece nesta quinta-feira, 9\/05, a partir das 19h, ter\u00e1 show do duo Luca &amp; Vine. O evento \u00e9 gratuito, com realiza\u00e7\u00e3o da Semac (Secretaria Municipal da A\u00e7\u00e3o Cultural).<\/p>\n<p>A dupla, na ativa desde 2019, toca pop e rock e os m\u00fasicos se dedicam na elabora\u00e7\u00e3o de composi\u00e7\u00f5es e arranjos de alta qualidade, agregando ao repert\u00f3rio diversas m\u00fasicas vibrantes e conhecidas do grande p\u00fablico.<\/p>\n<p>\u201cO projeto consiste em trazer ao Museu artistas piracicabanos e da regi\u00e3o para demonstrar seus talentos musicais ao p\u00fablico em geral. Para isso, os m\u00fasicos se apresentar\u00e3o na \u00e1rea externa do Museu, no antigo quintal da casa de Prudente de Moraes. O local, famoso por suas jabuticabeiras, paix\u00e3o do ex-presidente, torna-se palco para levar \u00e0 comunidade toda sonoridade de nossa cidade, criando assim um ambiente onde a cultura piracicabana possa ser difundida\u201d, destaca Ana Torrejais, a diretora do museu.<\/p>\n<p>No Quintal do Prudente, al\u00e9m da apresenta\u00e7\u00e3o musical, ser\u00e3o tamb\u00e9m comercializados alimentos e bebidas para completar o ambiente intimista do evento.<\/p>\n<p><strong>SERVI\u00c7O<\/strong>\u00a0\u2013 Quintal do Prudente com o duo Luca &amp; Vine. Quinta-feira, 9\/05, a partir das 19h, no quintal do Museu Hist\u00f3rico e Pedag\u00f3gico Prudente de Moraes. Na rua Santo Ant\u00f4nio, 641 (entrada pela rua 13 de Maio). Evento gratuito. Informa\u00e7\u00f5es\/WhatsApp: (19) 3422-3069.<\/p>\n<\/div>\n<\/div>\n<p><br \/>\n<br \/><a href=\"https:\/\/piracicaba.sp.gov.br\/noticias\/duo-luca-vine-e-a-atracao-da-4a-edicao-do-projeto-quintal-do-prudente\/\" rel=\"noopener\">Informa\u00e7\u00f5es PMP <\/a><\/p>\n","protected":false},"excerpt":{"rendered":"<p>Dupla apresentar\u00e1 cl\u00e1ssicos do pop e do rock em vers\u00f5es exclusivas Como uma forma de ocupar mais espa\u00e7os do hist\u00f3rico casar\u00e3o na \u00e1rea central de Piracicaba, que em outros tempos foi a moradia do primeiro presidente republicano do Brasil, o Museu Prudente de Moraes promove desde fevereiro de 2024 o Projeto Quintal do Prudente. A [&hellip;]<\/p>\n","protected":false},"author":1,"featured_media":4011,"comment_status":"open","ping_status":"open","sticky":false,"template":"","format":"standard","meta":{"_jetpack_newsletter_access":"","_jetpack_dont_email_post_to_subs":false,"_jetpack_newsletter_tier_id":0,"_jetpack_memberships_contains_paywalled_content":false,"_mbp_banners":[],"_jetpack_feature_clip_id":0,"_jetpack_memberships_contains_paid_content":false,"footnotes":"","jetpack_publicize_message":"","jetpack_publicize_feature_enabled":true,"jetpack_social_post_already_shared":true,"jetpack_social_options":{"image_generator_settings":{"template":"highway","default_image_id":0,"font":"","enabled":false},"version":2},"jetpack_post_was_ever_published":false},"categories":[20],"tags":[],"class_list":["post-4010","post","type-post","status-publish","format-standard","has-post-thumbnail","category-regiao"],"jetpack_publicize_connections":[],"jetpack-related-posts":[],"jetpack_shortlink":"https:\/\/wp.me\/p7Eq1F-12G","jetpack_sharing_enabled":true,"jetpack_featured_media_url":"https:\/\/i0.wp.com\/guialimeira.com.br\/news\/wp-content\/uploads\/2024\/05\/Dupla-apresentara-classicos-do-pop-e-do-rock-em-versoes-exclusivas.jpeg?fit=1296%2C864&ssl=1","_links":{"self":[{"href":"https:\/\/guialimeira.com.br\/news\/wp-json\/wp\/v2\/posts\/4010","targetHints":{"allow":["GET"]}}],"collection":[{"href":"https:\/\/guialimeira.com.br\/news\/wp-json\/wp\/v2\/posts"}],"about":[{"href":"https:\/\/guialimeira.com.br\/news\/wp-json\/wp\/v2\/types\/post"}],"author":[{"embeddable":true,"href":"https:\/\/guialimeira.com.br\/news\/wp-json\/wp\/v2\/users\/1"}],"replies":[{"embeddable":true,"href":"https:\/\/guialimeira.com.br\/news\/wp-json\/wp\/v2\/comments?post=4010"}],"version-history":[{"count":0,"href":"https:\/\/guialimeira.com.br\/news\/wp-json\/wp\/v2\/posts\/4010\/revisions"}],"wp:featuredmedia":[{"embeddable":true,"href":"https:\/\/guialimeira.com.br\/news\/wp-json\/wp\/v2\/media\/4011"}],"wp:attachment":[{"href":"https:\/\/guialimeira.com.br\/news\/wp-json\/wp\/v2\/media?parent=4010"}],"wp:term":[{"taxonomy":"category","embeddable":true,"href":"https:\/\/guialimeira.com.br\/news\/wp-json\/wp\/v2\/categories?post=4010"},{"taxonomy":"post_tag","embeddable":true,"href":"https:\/\/guialimeira.com.br\/news\/wp-json\/wp\/v2\/tags?post=4010"}],"curies":[{"name":"wp","href":"https:\/\/api.w.org\/{rel}","templated":true}]}}