{"id":4008,"date":"2024-05-07T04:30:42","date_gmt":"2024-05-07T07:30:42","guid":{"rendered":"https:\/\/guialimeira.com.br\/2024\/05\/07\/projeto-horta-nas-escolas-sera-lancado-amanha-portal-do-municipio-de-piracicaba\/"},"modified":"2024-05-07T04:30:42","modified_gmt":"2024-05-07T07:30:42","slug":"projeto-horta-nas-escolas-sera-lancado-amanha-portal-do-municipio-de-piracicaba","status":"publish","type":"post","link":"https:\/\/guialimeira.com.br\/news\/projeto-horta-nas-escolas-sera-lancado-amanha-portal-do-municipio-de-piracicaba\/","title":{"rendered":"Projeto Horta nas Escolas ser\u00e1 lan\u00e7ado amanh\u00e3 \u2013 Portal do Munic\u00edpio de Piracicaba"},"content":{"rendered":"<p> <br \/>\n<\/p>\n<div>\n<p>A Prefeitura de Piracicaba, por meio das secretarias de Agricultura (Sema) e Educa\u00e7\u00e3o (SME), lan\u00e7a amanh\u00e3, 07\/05, a partir das 9h30, o projeto Horta nas Escolas, uma a\u00e7\u00e3o que busca ampliar os espa\u00e7os produtivos nas escolas,\u00a0fomentando a educa\u00e7\u00e3o ambiental e alimenta\u00e7\u00e3o saud\u00e1vel.<\/p>\n<p>O lan\u00e7amento oficial ser\u00e1 na\u00a0Escola Municipal Prof.\u00aa Elizabeth Consolmagno Cruz, no bairro Kobayat L\u00edbano, com a presen\u00e7a do prefeito Luciano Almeida, da secret\u00e1ria de Agricultura, Nancy Thame, e\u00a0do secret\u00e1rio de Educa\u00e7\u00e3o, Bruno Roza.<\/p>\n<figure class=\"wp-block-image size-large\"><img data-recalc-dims=\"1\" fetchpriority=\"high\" decoding=\"async\" width=\"696\" height=\"557\" src=\"https:\/\/i0.wp.com\/piracicaba.sp.gov.br\/wp-content\/uploads\/2024\/05\/Projeto-Horta-nas-Escolas-busca-ampliar-os-espacos-produtivos-nas-escolas-fomentando-a-educacao-ambiental-e-alimentacao-saudavel-1024x819.jpg?resize=696%2C557&#038;ssl=1\" alt=\"\" class=\"wp-image-78471\" srcset=\"https:\/\/piracicaba.sp.gov.br\/wp-content\/uploads\/2024\/05\/Projeto-Horta-nas-Escolas-busca-ampliar-os-espacos-produtivos-nas-escolas-fomentando-a-educacao-ambiental-e-alimentacao-saudavel-1024x819.jpg 1024w, https:\/\/piracicaba.sp.gov.br\/wp-content\/uploads\/2024\/05\/Projeto-Horta-nas-Escolas-busca-ampliar-os-espacos-produtivos-nas-escolas-fomentando-a-educacao-ambiental-e-alimentacao-saudavel-300x240.jpg 300w, https:\/\/piracicaba.sp.gov.br\/wp-content\/uploads\/2024\/05\/Projeto-Horta-nas-Escolas-busca-ampliar-os-espacos-produtivos-nas-escolas-fomentando-a-educacao-ambiental-e-alimentacao-saudavel-768x614.jpg 768w, https:\/\/piracicaba.sp.gov.br\/wp-content\/uploads\/2024\/05\/Projeto-Horta-nas-Escolas-busca-ampliar-os-espacos-produtivos-nas-escolas-fomentando-a-educacao-ambiental-e-alimentacao-saudavel.jpg 1199w\" sizes=\"(max-width: 1024px) 100vw, 1024px\"\/><figcaption class=\"wp-element-caption\"><strong><em>Projeto Horta nas Escolas busca ampliar os espac\u0327os produtivos nas escolas, fomentando a educac\u0327a\u0303o ambiental e alimentac\u0327a\u0303o sauda\u0301vel.<\/em><\/strong><\/figcaption><\/figure>\n<p>Ao todo s\u00e3o 13 escolas municipais selecionadas pela SME que ser\u00e3o assistidas nesta primeira fase do projeto, que faz parte do Programa Municipal de Agricultura Urbana, da Sema. Durante o andamento do projeto, os engenheiros agr\u00f4nomos da Sema far\u00e3o um acompanhamento durante seis meses nas escolas para dar assist\u00eancia t\u00e9cnica no manejo das hortas, bem como ajudar na elabora\u00e7\u00e3o de novas iniciativas de cultivo nesses espa\u00e7os.<\/p>\n<figure class=\"wp-block-image size-large\"><img data-recalc-dims=\"1\" loading=\"lazy\" decoding=\"async\" width=\"696\" height=\"928\" src=\"https:\/\/i0.wp.com\/piracicaba.sp.gov.br\/wp-content\/uploads\/2024\/05\/Onze-das-treze-escolas-participantes-ja-receberam-um-%E2%80%98kit-horta-entregue-pela-Sema-768x1024.jpg?resize=696%2C928&#038;ssl=1\" alt=\"\" class=\"wp-image-78472\" srcset=\"https:\/\/piracicaba.sp.gov.br\/wp-content\/uploads\/2024\/05\/Onze-das-treze-escolas-participantes-ja-receberam-um-\u2018kit-horta-entregue-pela-Sema-768x1024.jpg 768w, https:\/\/piracicaba.sp.gov.br\/wp-content\/uploads\/2024\/05\/Onze-das-treze-escolas-participantes-ja-receberam-um-\u2018kit-horta-entregue-pela-Sema-225x300.jpg 225w, https:\/\/piracicaba.sp.gov.br\/wp-content\/uploads\/2024\/05\/Onze-das-treze-escolas-participantes-ja-receberam-um-\u2018kit-horta-entregue-pela-Sema-1152x1536.jpg 1152w, https:\/\/piracicaba.sp.gov.br\/wp-content\/uploads\/2024\/05\/Onze-das-treze-escolas-participantes-ja-receberam-um-\u2018kit-horta-entregue-pela-Sema.jpg 1200w\" sizes=\"auto, (max-width: 768px) 100vw, 768px\"\/><figcaption class=\"wp-element-caption\"><strong><em>Onze, das treze escolas participantes, ja\u0301 receberam um \u2018kit horta\u2019 entregue pela Sema<\/em><\/strong><\/figcaption><\/figure>\n<p>Onze, das 13 escolas participantes, j\u00e1 receberam um kit horta entregue pela Sema, composto por um carrinho de m\u00e3o, cavadeira articulada, enxadas, enxad\u00f5es, mangueira, p\u00e1 de bico, pulverizador, rastelo, tela de sombreamento e cinco sacos de terra vegetal, para serem utilizados exclusivamente na horta comunit\u00e1ria.<\/p>\n<p><strong>SERVI\u00c7O<\/strong>\u00a0\u2013 Lan\u00e7amento do projeto Horta nas Escolas. Amanh\u00e3, ter\u00e7a-feira, 07\/05, \u00e0s 9h30, na Escola Municipal Prof.\u00aa Elizabeth Consolmagno Cruz,\u00a0avenida\u00a0Frei Francisco Antonio Perin, 600, bairro Kobayat Libano.<\/p>\n<\/div>\n<p><br \/>\n<br \/><a href=\"https:\/\/piracicaba.sp.gov.br\/noticias\/projeto-horta-nas-escolas-sera-lancado-amanha\/\" rel=\"noopener\">Informa\u00e7\u00f5es PMP <\/a><\/p>\n","protected":false},"excerpt":{"rendered":"<p>A Prefeitura de Piracicaba, por meio das secretarias de Agricultura (Sema) e Educa\u00e7\u00e3o (SME), lan\u00e7a amanh\u00e3, 07\/05, a partir das 9h30, o projeto Horta nas Escolas, uma a\u00e7\u00e3o que busca ampliar os espa\u00e7os produtivos nas escolas,\u00a0fomentando a educa\u00e7\u00e3o ambiental e alimenta\u00e7\u00e3o saud\u00e1vel. O lan\u00e7amento oficial ser\u00e1 na\u00a0Escola Municipal Prof.\u00aa Elizabeth Consolmagno Cruz, no bairro Kobayat [&hellip;]<\/p>\n","protected":false},"author":1,"featured_media":4009,"comment_status":"open","ping_status":"open","sticky":false,"template":"","format":"standard","meta":{"_jetpack_newsletter_access":"","_jetpack_dont_email_post_to_subs":false,"_jetpack_newsletter_tier_id":0,"_jetpack_memberships_contains_paywalled_content":false,"_mbp_banners":[],"_jetpack_feature_clip_id":0,"_jetpack_memberships_contains_paid_content":false,"footnotes":"","jetpack_publicize_message":"","jetpack_publicize_feature_enabled":true,"jetpack_social_post_already_shared":true,"jetpack_social_options":{"image_generator_settings":{"template":"highway","default_image_id":0,"font":"","enabled":false},"version":2},"jetpack_post_was_ever_published":false},"categories":[20],"tags":[],"class_list":["post-4008","post","type-post","status-publish","format-standard","has-post-thumbnail","category-regiao"],"jetpack_publicize_connections":[],"jetpack-related-posts":[],"jetpack_shortlink":"https:\/\/wp.me\/p7Eq1F-12E","jetpack_sharing_enabled":true,"jetpack_featured_media_url":"https:\/\/i0.wp.com\/guialimeira.com.br\/news\/wp-content\/uploads\/2024\/05\/Projeto-Horta-nas-Escolas-busca-ampliar-os-espacos-produtivos-nas-escolas-fomentando-a-educacao-ambiental-e-alimentacao-saudavel-1024x819.jpg?fit=1024%2C819&ssl=1","_links":{"self":[{"href":"https:\/\/guialimeira.com.br\/news\/wp-json\/wp\/v2\/posts\/4008","targetHints":{"allow":["GET"]}}],"collection":[{"href":"https:\/\/guialimeira.com.br\/news\/wp-json\/wp\/v2\/posts"}],"about":[{"href":"https:\/\/guialimeira.com.br\/news\/wp-json\/wp\/v2\/types\/post"}],"author":[{"embeddable":true,"href":"https:\/\/guialimeira.com.br\/news\/wp-json\/wp\/v2\/users\/1"}],"replies":[{"embeddable":true,"href":"https:\/\/guialimeira.com.br\/news\/wp-json\/wp\/v2\/comments?post=4008"}],"version-history":[{"count":0,"href":"https:\/\/guialimeira.com.br\/news\/wp-json\/wp\/v2\/posts\/4008\/revisions"}],"wp:featuredmedia":[{"embeddable":true,"href":"https:\/\/guialimeira.com.br\/news\/wp-json\/wp\/v2\/media\/4009"}],"wp:attachment":[{"href":"https:\/\/guialimeira.com.br\/news\/wp-json\/wp\/v2\/media?parent=4008"}],"wp:term":[{"taxonomy":"category","embeddable":true,"href":"https:\/\/guialimeira.com.br\/news\/wp-json\/wp\/v2\/categories?post=4008"},{"taxonomy":"post_tag","embeddable":true,"href":"https:\/\/guialimeira.com.br\/news\/wp-json\/wp\/v2\/tags?post=4008"}],"curies":[{"name":"wp","href":"https:\/\/api.w.org\/{rel}","templated":true}]}}