{"id":40064,"date":"2025-07-31T08:46:01","date_gmt":"2025-07-31T11:46:01","guid":{"rendered":"https:\/\/guialimeira.com.br\/?p=40064"},"modified":"2025-07-31T08:46:03","modified_gmt":"2025-07-31T11:46:03","slug":"prefeitura-de-americana-e-suzano-firmam-parceria-para-impulsionar-o-desenvolvimento-social-e-economico-do-municipio","status":"publish","type":"post","link":"https:\/\/guialimeira.com.br\/news\/prefeitura-de-americana-e-suzano-firmam-parceria-para-impulsionar-o-desenvolvimento-social-e-economico-do-municipio\/","title":{"rendered":"Prefeitura de Americana e Suzano\u00a0firmam parceria para impulsionar o desenvolvimento social e econ\u00f4mico do munic\u00edpio"},"content":{"rendered":"\n<p class=\"wp-block-paragraph\"><em>Iniciativa conjunta, por meio do programa Futuro Certo, promover\u00e1 a\u00e7\u00f5es de capacita\u00e7\u00e3o, empregabilidade e empreendedorismo para a popula\u00e7\u00e3o em situa\u00e7\u00e3o de vulnerabilidade<\/em><\/p>\n\n\n\n<p class=\"wp-block-paragraph\">A Prefeitura de Americana e a&nbsp;Suzano, maior produtora mundial de celulose e refer\u00eancia global na fabrica\u00e7\u00e3o de bioprodutos desenvolvidos a partir do eucalipto, firmaram uma Parceria P\u00fablico-Privada (PPP) para promover o desenvolvimento social e econ\u00f4mico do munic\u00edpio. A iniciativa, viabilizada por meio do programa Futuro Certo, tem como foco ampliar oportunidades de capacita\u00e7\u00e3o profissional, gera\u00e7\u00e3o de renda e fortalecimento do empreendedorismo local. O termo de coopera\u00e7\u00e3o foi assinado nesta segunda-feira, 28 de julho, em cerim\u00f4nia realizada no Gabinete do Prefeito, com a presen\u00e7a do prefeito Chico Sardelli, do vice-prefeito Odir Demarchi, de secret\u00e1rios municipais e representantes da Suzano.<\/p>\n\n\n\n<p class=\"wp-block-paragraph\">\u201cO programa Futuro Certo tem sido uma iniciativa de grande impacto social, oferecendo capacita\u00e7\u00f5es gratuitas e de qualidade para quem busca uma nova oportunidade ou deseja se recolocar no mercado de trabalho. Gra\u00e7as \u00e0 uni\u00e3o de esfor\u00e7os entre a Prefeitura e parceiros comprometidos com o desenvolvimento humano, centenas de alunos j\u00e1 se formaram em cursos nas \u00e1reas t\u00eaxtil, culin\u00e1ria, est\u00e9tica, entre outras. \u00c9 motivo de orgulho ver tanta gente transformando sua realidade por meio do conhecimento e da qualifica\u00e7\u00e3o profissional\u201d, afirmou o prefeito Chico Sardelli.<\/p>\n\n\n\n<p class=\"wp-block-paragraph\">Realizado pelas secretarias de Desenvolvimento Econ\u00f4mico e de Assist\u00eancia Social e Direitos Humanos, o Programa Futuro Certo busca reduzir o desemprego, aumentar a empregabilidade, formar novos empreendedores e atrair novos neg\u00f3cios para Americana,&nbsp;por meio da realiza\u00e7\u00e3o de cursos de capacita\u00e7\u00e3o. A parceria com a Suzano refor\u00e7a o compromisso da empresa com a transforma\u00e7\u00e3o social nas regi\u00f5es onde atua, contribuindo para a inclus\u00e3o produtiva, o desenvolvimento sustent\u00e1vel e o fortalecimento da economia local.<\/p>\n\n\n\n<p class=\"wp-block-paragraph\">\u201cMuitos alunos saem dos nossos cursos com entrevistas de emprego j\u00e1 marcadas. E t\u00eam aquelas que, com esp\u00edrito empreendedor, investem na abertura dos pr\u00f3prios neg\u00f3cios\u201d, disse o vice-prefeito, Odir Demarchi.<\/p>\n\n\n\n<p class=\"wp-block-paragraph\">\u201cEssa parceria representa um passo importante para gerar impacto social positivo e ampliar as oportunidades para quem mais precisa. Na Suzano, acreditamos que s\u00f3 \u00e9 bom para n\u00f3s se for bom para o mundo. Por isso, temos o compromisso de ajudar a retirar mais de 200 mil pessoas da linha da pobreza at\u00e9 2030, nas regi\u00f5es onde atuamos. A uni\u00e3o com a Prefeitura de Americana \u00e9 mais uma frente concreta nesse caminho e refor\u00e7a o nosso compromisso com o desenvolvimento sustent\u00e1vel e o fortalecimento das comunidades onde estamos presentes\u201d, afirma Adriano Martins, coordenador de Relacionamento Social da Suzano.<\/p>\n\n\n\n<p class=\"wp-block-paragraph\">A secret\u00e1ria de Assist\u00eancia Social e Direitos Humanos, Juliani Hellen Munhoz Fernandes, ressaltou a import\u00e2ncia da parceria com a Suzano para promover a inclus\u00e3o produtiva no munic\u00edpio. \u201cA parceria com a Suzano fortalecer\u00e1 as pol\u00edticas p\u00fablicas de atendimento \u00e0 popula\u00e7\u00e3o que mais precisa, visando promover a inclus\u00e3o produtiva, uma prioridade da gest\u00e3o do prefeito Chico Sardelli e do vice Odir Demarchi\u201d, disse.<\/p>\n\n\n\n<p class=\"wp-block-paragraph\">Rafael de Barros, secret\u00e1rio municipal de Desenvolvimento Econ\u00f4mico, ressaltou que a gest\u00e3o Chico Sardelli sempre teve preocupa\u00e7\u00e3o com o crescimento econ\u00f4mico do munic\u00edpio. \u201cEntre outras frentes de trabalho, investimos na realiza\u00e7\u00e3o de cursos com alta demanda no mercado de trabalho, como \u00e9 o caso dos cursos de costura, mas tamb\u00e9m em cursos mais r\u00e1pidos na \u00e1rea de culin\u00e1ria e est\u00e9tica, com os quais as alunas podiam obter resultados pr\u00e1ticos mais r\u00e1pidos\u201d, explicou.<\/p>\n\n\n\n<p class=\"wp-block-paragraph\">Com dura\u00e7\u00e3o inicial de 12 meses, o conv\u00eanio prev\u00ea a\u00e7\u00f5es como capacita\u00e7\u00f5es t\u00e9cnicas, mutir\u00f5es de empregabilidade e apoio \u00e0 formaliza\u00e7\u00e3o e fortalecimento de pequenos neg\u00f3cios, com foco em pessoas atendidas pelos Centros de Refer\u00eancia de Assist\u00eancia Social (CRAS). Um comit\u00ea formado por representantes da Suzano e das secretarias municipais acompanhar\u00e1 os indicadores do projeto, propondo melhorias e ampliando as a\u00e7\u00f5es conforme os resultados. A expectativa \u00e9 beneficiar diretamente mais de 100 pessoas no primeiro ano, com impacto estimado de at\u00e9 400 pessoas, considerando os n\u00facleos familiares.<\/p>\n\n\n\n<p class=\"wp-block-paragraph\"><strong>Frentes de atua\u00e7\u00e3o<\/strong><\/p>\n\n\n\n<p class=\"wp-block-paragraph\">O projeto conta com o apoio do SEBRAE (Servi\u00e7o Brasileiro de Apoio \u00e0s Micro e Pequenas Empresas), j\u00e1 em andamento na parceria com a Prefeitura de Americana, que oferece cursos com at\u00e9 20 vagas por turma para empreendedores locais. Atualmente, 48 pessoas j\u00e1 participam da iniciativa. Para se inscrever, \u00e9 necess\u00e1rio&nbsp;ser identificado em um dos seis CRAS do munic\u00edpio&nbsp;e buscar informa\u00e7\u00f5es adicionais no Centro da Universidade do Conhecimento de Americana (CUCA).&nbsp;Os participantes tamb\u00e9m recebem orienta\u00e7\u00e3o sobre formaliza\u00e7\u00e3o de neg\u00f3cios, com foco na abertura de MEIs (Microempreendedor Individual). Interessados(as) podem buscar mais informa\u00e7\u00f5es no CUCA, pelo telefone (19) 3461-4131.<\/p>\n\n\n\n<p class=\"wp-block-paragraph\"><strong>Espa\u00e7o Sustentabilidade<\/strong><\/p>\n\n\n\n<p class=\"wp-block-paragraph\">Outra frente da parceria \u00e9 o Espa\u00e7o Sustentabilidade, iniciativa da Suzano que oferece a artes\u00e3os(as) e microempreendedores(as) a oportunidade de expor e comercializar seus produtos semanalmente na unidade da empresa em Limeira. Desde outubro de 2024, o projeto j\u00e1 beneficiou 48 fam\u00edlias, com vendas que somaram mais de R$ 24 mil at\u00e9 junho deste ano.<\/p>\n\n\n\n<p class=\"wp-block-paragraph\"><strong><u>Sobre a Suzano<\/u><\/strong><\/p>\n\n\n\n<p class=\"wp-block-paragraph\">A Suzano \u00e9 a maior produtora mundial de celulose, uma das maiores produtoras de pap\u00e9is da Am\u00e9rica Latina, l\u00edder no segmento de papel higi\u00eanico no Brasil e refer\u00eancia no desenvolvimento de solu\u00e7\u00f5es sustent\u00e1veis e inovadoras a partir de mat\u00e9ria-prima de fonte renov\u00e1vel. Nossos produtos e solu\u00e7\u00f5es est\u00e3o presentes na vida de mais de 2 bilh\u00f5es de pessoas, abastecem mais de 100 pa\u00edses e incluem celulose; pap\u00e9is para imprimir e escrever; pap\u00e9is para embalagens, copos e canudos; pap\u00e9is sanit\u00e1rios e produtos absorventes; al\u00e9m de novos bioprodutos desenvolvidos para atender \u00e0 demanda global. A inova\u00e7\u00e3o e a sustentabilidade orientam nosso prop\u00f3sito de &#8220;Renovar a vida a partir da \u00e1rvore&#8221; e nosso trabalho no enfrentamento dos desafios da sociedade e do planeta. Com mais de 100 anos de hist\u00f3ria, temos a\u00e7\u00f5es nas bolsas do Brasil (SUZB3) e dos Estados Unidos (SUZ). Saiba mais na p\u00e1gina:&nbsp;<a href=\"http:\/\/www.suzano.com.br\/\" target=\"_blank\" rel=\"noreferrer noopener\">www.suzano.com.br<\/a>. &nbsp;<strong><\/strong><\/p>\n","protected":false},"excerpt":{"rendered":"<p>Iniciativa conjunta, por meio do programa Futuro Certo, promover\u00e1 a\u00e7\u00f5es de capacita\u00e7\u00e3o, empregabilidade e empreendedorismo para a popula\u00e7\u00e3o em situa\u00e7\u00e3o de vulnerabilidade A Prefeitura de Americana e a&nbsp;Suzano, maior produtora mundial de celulose e refer\u00eancia global na fabrica\u00e7\u00e3o de bioprodutos desenvolvidos a partir do eucalipto, firmaram uma Parceria P\u00fablico-Privada (PPP) para promover o desenvolvimento social [&hellip;]<\/p>\n","protected":false},"author":2,"featured_media":40066,"comment_status":"open","ping_status":"open","sticky":false,"template":"","format":"standard","meta":{"_jetpack_newsletter_access":"","_jetpack_dont_email_post_to_subs":false,"_jetpack_newsletter_tier_id":0,"_jetpack_memberships_contains_paywalled_content":false,"_mbp_banners":[],"_jetpack_feature_clip_id":0,"_jetpack_memberships_contains_paid_content":false,"footnotes":"","jetpack_publicize_message":"","jetpack_publicize_feature_enabled":true,"jetpack_social_post_already_shared":false,"jetpack_social_options":{"image_generator_settings":{"template":"highway","default_image_id":0,"enabled":false},"version":2},"jetpack_post_was_ever_published":false},"categories":[16],"tags":[],"class_list":["post-40064","post","type-post","status-publish","format-standard","has-post-thumbnail","category-local"],"jetpack_publicize_connections":[],"jetpack-related-posts":[],"jetpack_shortlink":"https:\/\/wp.me\/p7Eq1F-aqc","jetpack_sharing_enabled":true,"jetpack_featured_media_url":"https:\/\/i0.wp.com\/guialimeira.com.br\/news\/wp-content\/uploads\/2025\/07\/Assinatura-Suzano-e-Prefeitura-de-Americana-4.jpg?fit=1353%2C1011&ssl=1","_links":{"self":[{"href":"https:\/\/guialimeira.com.br\/news\/wp-json\/wp\/v2\/posts\/40064","targetHints":{"allow":["GET"]}}],"collection":[{"href":"https:\/\/guialimeira.com.br\/news\/wp-json\/wp\/v2\/posts"}],"about":[{"href":"https:\/\/guialimeira.com.br\/news\/wp-json\/wp\/v2\/types\/post"}],"author":[{"embeddable":true,"href":"https:\/\/guialimeira.com.br\/news\/wp-json\/wp\/v2\/users\/2"}],"replies":[{"embeddable":true,"href":"https:\/\/guialimeira.com.br\/news\/wp-json\/wp\/v2\/comments?post=40064"}],"version-history":[{"count":1,"href":"https:\/\/guialimeira.com.br\/news\/wp-json\/wp\/v2\/posts\/40064\/revisions"}],"predecessor-version":[{"id":40067,"href":"https:\/\/guialimeira.com.br\/news\/wp-json\/wp\/v2\/posts\/40064\/revisions\/40067"}],"wp:featuredmedia":[{"embeddable":true,"href":"https:\/\/guialimeira.com.br\/news\/wp-json\/wp\/v2\/media\/40066"}],"wp:attachment":[{"href":"https:\/\/guialimeira.com.br\/news\/wp-json\/wp\/v2\/media?parent=40064"}],"wp:term":[{"taxonomy":"category","embeddable":true,"href":"https:\/\/guialimeira.com.br\/news\/wp-json\/wp\/v2\/categories?post=40064"},{"taxonomy":"post_tag","embeddable":true,"href":"https:\/\/guialimeira.com.br\/news\/wp-json\/wp\/v2\/tags?post=40064"}],"curies":[{"name":"wp","href":"https:\/\/api.w.org\/{rel}","templated":true}]}}