{"id":4006,"date":"2024-05-07T03:29:44","date_gmt":"2024-05-07T06:29:44","guid":{"rendered":"https:\/\/guialimeira.com.br\/2024\/05\/07\/semdettur-realiza-1a-feira-da-empregabilidade-do-aprendiz-portal-do-municipio-de-piracicaba\/"},"modified":"2024-05-07T03:29:44","modified_gmt":"2024-05-07T06:29:44","slug":"semdettur-realiza-1a-feira-da-empregabilidade-do-aprendiz-portal-do-municipio-de-piracicaba","status":"publish","type":"post","link":"https:\/\/guialimeira.com.br\/news\/semdettur-realiza-1a-feira-da-empregabilidade-do-aprendiz-portal-do-municipio-de-piracicaba\/","title":{"rendered":"Semdettur realiza 1\u00aa Feira da Empregabilidade do Aprendiz \u2013 Portal do Munic\u00edpio de Piracicaba"},"content":{"rendered":"<p> <br \/>\n<\/p>\n<div>\n<p>A Prefeitura de Piracicaba, por meio da Secretaria de Desenvolvimento Econ\u00f4mico, Trabalho e Turismo (Semdettur), realiza na pr\u00f3xima quarta-feira, 08\/04, a 1\u00aa Feira da Empregabilidade do Aprendiz. O evento tem o objetivo de conectar, engajar, empregar e qualificar os jovens para que tenham oportunidade de aprender e crescer dentro das empresas parceiras, que v\u00e3o oferecer cerca de 80 vagas de emprego. A a\u00e7\u00e3o ser\u00e1 das 9h \u00e0s 12h na Acipi (Associa\u00e7\u00e3o Comercial e Industrial de Piracicaba), localizada na\u00a0rua Prudente de Moraes, 463, no Centro.<\/p>\n<p>O programa de aprendizagem profissional \u00e9 uma pol\u00edtica p\u00fablica de inclus\u00e3o de adolescentes e jovens de 14 a 24 anos no mercado de trabalho. Empresas de grande e m\u00e9dio porte podem contratar esses jovens na condi\u00e7\u00e3o de aprendizes, desde que estejam matriculados em cursos de aprendizagem profissional, uma \u00f3tima oportunidade para esse grupo entrar no mercado de trabalho e se qualificar para a vida profissional.<\/p>\n<figure class=\"wp-block-image size-large\"><img data-recalc-dims=\"1\" fetchpriority=\"high\" decoding=\"async\" width=\"696\" height=\"464\" src=\"https:\/\/i0.wp.com\/piracicaba.sp.gov.br\/wp-content\/uploads\/2024\/05\/Semdettur-realiza-Feira-de-Empregabilidade-para-Aprendizes-1024x683.jpg?resize=696%2C464&#038;ssl=1\" alt=\"\" class=\"wp-image-78481\" srcset=\"https:\/\/piracicaba.sp.gov.br\/wp-content\/uploads\/2024\/05\/Semdettur-realiza-Feira-de-Empregabilidade-para-Aprendizes-1024x683.jpg 1024w, https:\/\/piracicaba.sp.gov.br\/wp-content\/uploads\/2024\/05\/Semdettur-realiza-Feira-de-Empregabilidade-para-Aprendizes-300x200.jpg 300w, https:\/\/piracicaba.sp.gov.br\/wp-content\/uploads\/2024\/05\/Semdettur-realiza-Feira-de-Empregabilidade-para-Aprendizes-768x512.jpg 768w, https:\/\/piracicaba.sp.gov.br\/wp-content\/uploads\/2024\/05\/Semdettur-realiza-Feira-de-Empregabilidade-para-Aprendizes-1536x1024.jpg 1536w, https:\/\/piracicaba.sp.gov.br\/wp-content\/uploads\/2024\/05\/Semdettur-realiza-Feira-de-Empregabilidade-para-Aprendizes-2048x1365.jpg 2048w\" sizes=\"(max-width: 1024px) 100vw, 1024px\"\/><figcaption class=\"wp-element-caption\"><strong><em><sub>Semdettur realiza Feira de Empregabilidade para Aprendizes<\/sub><\/em><\/strong><\/figcaption><\/figure>\n<p>O evento \u00e9 aberto ao p\u00fablico e os candidatos n\u00e3o precisam se inscrever previamente, bastando apenas levar c\u00f3pias impressas do curr\u00edculo, que poder\u00e3o ser entregues para as empresas no local. Durante a feira, os jovens tamb\u00e9m poder\u00e3o ser inscritos no banco de talentos das empresas participantes.<\/p>\n<p>As vagas dispon\u00edveis s\u00e3o para as \u00e1reas de administra\u00e7\u00e3o, montador de ve\u00edculos, eletromec\u00e2nica, recep\u00e7\u00e3o, telemarketing, compras, produ\u00e7\u00e3o, PCP (Planejamento e Controle de Produ\u00e7\u00e3o), seguran\u00e7a do trabalho, auxiliar financeiro, auxiliar em sala de aula, e outras.<\/p>\n<p>Entre as empresas que oferecem oportunidades para aprendizes est\u00e3o a Argus, Caterpillar, CJ Brasil, Col\u00e9gio Polibrasil, Delta Max Supermercados, Drogal Farmac\u00eautica LTDA, Hyundai, Koppert e Tectextil Embalagens Industriais.<\/p>\n<p>Outras institui\u00e7\u00f5es e empresas de qualifica\u00e7\u00e3o e recursos humanos tamb\u00e9m participam do evento, como o Sest Senat, Centro de Apoio ao Trabalhador (CAT), Centro de Integra\u00e7\u00e3o Empresa-Escola (CIEE), Centro de Reabilita\u00e7\u00e3o (CRP), Polo de Empregabilidade Inclusiva (PEI) e o Vagas em Piracicaba SP.<\/p>\n<p><strong>SERVI\u00c7O<\/strong>\u00a0\u2013 1\u00aa Feira da Empregabilidade do Aprendiz acontece entre 9h e 12h na quarta-feira, 08\/05, na Acipi (Associa\u00e7\u00e3o Comercial e Industrial de Piracicaba), localizada na Rua Prudente de Moraes, 463, no Centro. O evento \u00e9 aberto ao p\u00fablico.<\/p>\n<\/div>\n<p><br \/>\n<br \/><a href=\"https:\/\/piracicaba.sp.gov.br\/noticias\/80-vagas-de-emprego-semdettur-realiza-1a-feira-da-empregabilidade-do-aprendiz\/\" rel=\"noopener\">Informa\u00e7\u00f5es PMP <\/a><\/p>\n","protected":false},"excerpt":{"rendered":"<p>A Prefeitura de Piracicaba, por meio da Secretaria de Desenvolvimento Econ\u00f4mico, Trabalho e Turismo (Semdettur), realiza na pr\u00f3xima quarta-feira, 08\/04, a 1\u00aa Feira da Empregabilidade do Aprendiz. O evento tem o objetivo de conectar, engajar, empregar e qualificar os jovens para que tenham oportunidade de aprender e crescer dentro das empresas parceiras, que v\u00e3o oferecer [&hellip;]<\/p>\n","protected":false},"author":1,"featured_media":4007,"comment_status":"open","ping_status":"open","sticky":false,"template":"","format":"standard","meta":{"_jetpack_newsletter_access":"","_jetpack_dont_email_post_to_subs":false,"_jetpack_newsletter_tier_id":0,"_jetpack_memberships_contains_paywalled_content":false,"_mbp_banners":[],"_jetpack_feature_clip_id":0,"_jetpack_memberships_contains_paid_content":false,"footnotes":"","jetpack_publicize_message":"","jetpack_publicize_feature_enabled":true,"jetpack_social_post_already_shared":true,"jetpack_social_options":{"image_generator_settings":{"template":"highway","default_image_id":0,"font":"","enabled":false},"version":2},"jetpack_post_was_ever_published":false},"categories":[20],"tags":[],"class_list":["post-4006","post","type-post","status-publish","format-standard","has-post-thumbnail","category-regiao"],"jetpack_publicize_connections":[],"jetpack-related-posts":[],"jetpack_shortlink":"https:\/\/wp.me\/p7Eq1F-12C","jetpack_sharing_enabled":true,"jetpack_featured_media_url":"https:\/\/i0.wp.com\/guialimeira.com.br\/news\/wp-content\/uploads\/2024\/05\/Semdettur-realiza-Feira-de-Empregabilidade-para-Aprendizes-1024x683.jpg?fit=1024%2C683&ssl=1","_links":{"self":[{"href":"https:\/\/guialimeira.com.br\/news\/wp-json\/wp\/v2\/posts\/4006","targetHints":{"allow":["GET"]}}],"collection":[{"href":"https:\/\/guialimeira.com.br\/news\/wp-json\/wp\/v2\/posts"}],"about":[{"href":"https:\/\/guialimeira.com.br\/news\/wp-json\/wp\/v2\/types\/post"}],"author":[{"embeddable":true,"href":"https:\/\/guialimeira.com.br\/news\/wp-json\/wp\/v2\/users\/1"}],"replies":[{"embeddable":true,"href":"https:\/\/guialimeira.com.br\/news\/wp-json\/wp\/v2\/comments?post=4006"}],"version-history":[{"count":0,"href":"https:\/\/guialimeira.com.br\/news\/wp-json\/wp\/v2\/posts\/4006\/revisions"}],"wp:featuredmedia":[{"embeddable":true,"href":"https:\/\/guialimeira.com.br\/news\/wp-json\/wp\/v2\/media\/4007"}],"wp:attachment":[{"href":"https:\/\/guialimeira.com.br\/news\/wp-json\/wp\/v2\/media?parent=4006"}],"wp:term":[{"taxonomy":"category","embeddable":true,"href":"https:\/\/guialimeira.com.br\/news\/wp-json\/wp\/v2\/categories?post=4006"},{"taxonomy":"post_tag","embeddable":true,"href":"https:\/\/guialimeira.com.br\/news\/wp-json\/wp\/v2\/tags?post=4006"}],"curies":[{"name":"wp","href":"https:\/\/api.w.org\/{rel}","templated":true}]}}