{"id":40030,"date":"2025-07-30T18:18:36","date_gmt":"2025-07-30T21:18:36","guid":{"rendered":"https:\/\/guialimeira.com.br\/?p=40030"},"modified":"2025-07-30T18:18:36","modified_gmt":"2025-07-30T21:18:36","slug":"arvores-com-risco-de-queda-serao-removidas-neste-domingo-3-prefeitura-municipal-de-cordeiropolis","status":"publish","type":"post","link":"https:\/\/guialimeira.com.br\/news\/arvores-com-risco-de-queda-serao-removidas-neste-domingo-3-prefeitura-municipal-de-cordeiropolis\/","title":{"rendered":"\u00c1rvores com risco de queda ser\u00e3o removidas neste domingo (3) \u2013 Prefeitura Municipal de Cordeir\u00f3polis"},"content":{"rendered":"<p> <br \/>\n<\/p>\n<div>\n<p>A Prefeitura de Cordeir\u00f3polis vai remover, no domingo (3), duas \u00e1rvores da Pra\u00e7a Comendador Jamil Abrah\u00e3o Saad, no Centro, por risco de queda. A a\u00e7\u00e3o est\u00e1 programada para acontecer a partir das 7h30. A Rua Carlos Gomes, no quarteir\u00e3o da pra\u00e7a, ser\u00e1 interditada.<\/p>\n<p>Por conta da proximidade com a rede el\u00e9trica, ser\u00e1 necess\u00e1rio interromper a energia temporariamente. Comerciantes e moradores da regi\u00e3o j\u00e1 foram notificados da medida.<\/p>\n<p>A remo\u00e7\u00e3o ser\u00e1 coordenada pela Defesa Civil, Secretaria de Meio Ambiente, Secretaria de Servi\u00e7os P\u00fablicos e Neoenergia Elektro. As \u00e1rvores passaram por avalia\u00e7\u00e3o do Meio Ambiente e haver\u00e1 compensa\u00e7\u00e3o por conta da retirada.<\/p>\n<\/p><\/div>\n<p><br \/>\n<br \/><a href=\"https:\/\/www.cordeiropolis.sp.gov.br\/arvores-com-risco-de-queda-serao-removidas-neste-domingo-3\/\" rel=\"noopener\">Informa\u00e7\u00f5es Cordeir\u00f3polis <\/a><\/p>\n","protected":false},"excerpt":{"rendered":"<p>A Prefeitura de Cordeir\u00f3polis vai remover, no domingo (3), duas \u00e1rvores da Pra\u00e7a Comendador Jamil Abrah\u00e3o Saad, no Centro, por risco de queda. A a\u00e7\u00e3o est\u00e1 programada para acontecer a partir das 7h30. A Rua Carlos Gomes, no quarteir\u00e3o da pra\u00e7a, ser\u00e1 interditada. Por conta da proximidade com a rede el\u00e9trica, ser\u00e1 necess\u00e1rio interromper a [&hellip;]<\/p>\n","protected":false},"author":1,"featured_media":0,"comment_status":"open","ping_status":"open","sticky":false,"template":"","format":"standard","meta":{"_jetpack_newsletter_access":"","_jetpack_dont_email_post_to_subs":false,"_jetpack_newsletter_tier_id":0,"_jetpack_memberships_contains_paywalled_content":false,"_mbp_banners":[],"_jetpack_feature_clip_id":0,"_jetpack_memberships_contains_paid_content":false,"footnotes":"","jetpack_publicize_message":"","jetpack_publicize_feature_enabled":true,"jetpack_social_post_already_shared":true,"jetpack_social_options":{"image_generator_settings":{"template":"highway","default_image_id":0,"font":"","enabled":false},"version":2},"jetpack_post_was_ever_published":false},"categories":[20],"tags":[],"class_list":["post-40030","post","type-post","status-publish","format-standard","category-regiao"],"jetpack_publicize_connections":[],"jetpack-related-posts":[],"jetpack_shortlink":"https:\/\/wp.me\/p7Eq1F-apE","jetpack_sharing_enabled":true,"jetpack_featured_media_url":"","_links":{"self":[{"href":"https:\/\/guialimeira.com.br\/news\/wp-json\/wp\/v2\/posts\/40030","targetHints":{"allow":["GET"]}}],"collection":[{"href":"https:\/\/guialimeira.com.br\/news\/wp-json\/wp\/v2\/posts"}],"about":[{"href":"https:\/\/guialimeira.com.br\/news\/wp-json\/wp\/v2\/types\/post"}],"author":[{"embeddable":true,"href":"https:\/\/guialimeira.com.br\/news\/wp-json\/wp\/v2\/users\/1"}],"replies":[{"embeddable":true,"href":"https:\/\/guialimeira.com.br\/news\/wp-json\/wp\/v2\/comments?post=40030"}],"version-history":[{"count":1,"href":"https:\/\/guialimeira.com.br\/news\/wp-json\/wp\/v2\/posts\/40030\/revisions"}],"predecessor-version":[{"id":40031,"href":"https:\/\/guialimeira.com.br\/news\/wp-json\/wp\/v2\/posts\/40030\/revisions\/40031"}],"wp:attachment":[{"href":"https:\/\/guialimeira.com.br\/news\/wp-json\/wp\/v2\/media?parent=40030"}],"wp:term":[{"taxonomy":"category","embeddable":true,"href":"https:\/\/guialimeira.com.br\/news\/wp-json\/wp\/v2\/categories?post=40030"},{"taxonomy":"post_tag","embeddable":true,"href":"https:\/\/guialimeira.com.br\/news\/wp-json\/wp\/v2\/tags?post=40030"}],"curies":[{"name":"wp","href":"https:\/\/api.w.org\/{rel}","templated":true}]}}