{"id":4002,"date":"2024-05-07T01:53:47","date_gmt":"2024-05-07T04:53:47","guid":{"rendered":"https:\/\/guialimeira.com.br\/2024\/05\/07\/governo-de-sp-inicia-arrecadacao-para-vitimas-do-rs-veja-o-que-doar-2\/"},"modified":"2024-05-07T01:53:47","modified_gmt":"2024-05-07T04:53:47","slug":"governo-de-sp-inicia-arrecadacao-para-vitimas-do-rs-veja-o-que-doar-2","status":"publish","type":"post","link":"https:\/\/guialimeira.com.br\/news\/governo-de-sp-inicia-arrecadacao-para-vitimas-do-rs-veja-o-que-doar-2\/","title":{"rendered":"Governo de SP inicia arrecada\u00e7\u00e3o para v\u00edtimas do RS; veja o que doar"},"content":{"rendered":"<p> <br \/>\n<\/p>\n<div id=\"\">&#13;<br \/>\n                                <!-- Title -->&#13;<br \/>\n                                &#13;<br \/>\n&#13;<br \/>\n                                <!-- Excerpt -->&#13;<\/p>\n<p class=\"excerpt\">\u00c1gua pot\u00e1vel, produtos de limpeza e itens de higiene s\u00e3o prioridade para ajudar moradores afetados pelas enchentes<\/p>\n<p>&#13;<br \/>\n&#13;<br \/>\n                                &#13;\n                            <\/p><\/div>\n<div id=\"\">&#13;<\/p>\n<figure id=\"attachment_5878334\" style=\"width: 100%;max-width: 2560px\" class=\"wp-caption alignnone caption-hide\"><img data-recalc-dims=\"1\" decoding=\"async\" loading=\"lazy\" class=\"wp-image-5878334 size-full\" src=\"https:\/\/i0.wp.com\/www.saopaulo.sp.gov.br\/wp-content\/uploads\/2024\/05\/Doac%CC%A7o%CC%83es-para-vi%CC%81timas-das-enchentes-em-SP-scaled.jpg?resize=696%2C392&#038;ssl=1\" alt=\"\" width=\"696\" height=\"392\" srcset=\"https:\/\/www.saopaulo.sp.gov.br\/wp-content\/uploads\/2024\/05\/Doac\u0327o\u0303es-para-vi\u0301timas-das-enchentes-em-SP-scaled.jpg 2560w, https:\/\/www.saopaulo.sp.gov.br\/wp-content\/uploads\/2024\/05\/Doac\u0327o\u0303es-para-vi\u0301timas-das-enchentes-em-SP-300x169.jpg 300w, https:\/\/www.saopaulo.sp.gov.br\/wp-content\/uploads\/2024\/05\/Doac\u0327o\u0303es-para-vi\u0301timas-das-enchentes-em-SP-1024x577.jpg 1024w, https:\/\/www.saopaulo.sp.gov.br\/wp-content\/uploads\/2024\/05\/Doac\u0327o\u0303es-para-vi\u0301timas-das-enchentes-em-SP-768x432.jpg 768w, https:\/\/www.saopaulo.sp.gov.br\/wp-content\/uploads\/2024\/05\/Doac\u0327o\u0303es-para-vi\u0301timas-das-enchentes-em-SP-1536x865.jpg 1536w, https:\/\/www.saopaulo.sp.gov.br\/wp-content\/uploads\/2024\/05\/Doac\u0327o\u0303es-para-vi\u0301timas-das-enchentes-em-SP-2048x1153.jpg 2048w\" sizes=\"auto, (max-width: 2560px) 100vw, 2560px\"\/><\/figure>\n<p>O Fundo Social de S\u00e3o Paulo (FUSSP) e a Defesa Civil come\u00e7aram a receber <a href=\"https:\/\/www.saopaulo.sp.gov.br\/spnoticias\/ultimas-noticias\/governo-de-sp-lanca-campanha-para-arrecadar-doacoes-para-as-vitimas-das-chuvas-no-rs\/\" rel=\"noopener\">doa\u00e7\u00f5es para serem enviadas \u00e0s v\u00edtimas das chuvas no Rio Grande do Sul<\/a> neste domingo (5). A popula\u00e7\u00e3o tamb\u00e9m poder\u00e1 levar donativos para os postos do Poupatempo a partir desta segunda-feira (6). A a\u00e7\u00e3o faz parte da <a href=\"https:\/\/www.saopaulo.sp.gov.br\/spnoticias\/ultimas-noticias\/sp-reforca-ajuda-de-aeronaves-e-profissionais-ao-rs-com-cerca-de-1-300-atendimentos\/\" rel=\"noopener\">mobiliza\u00e7\u00e3o do Governo de S\u00e3o Paulo para ajudar a popula\u00e7\u00e3o ga\u00facha, que tamb\u00e9m conta com equipes de resgate, embarca\u00e7\u00f5es e aeronaves<\/a>.<\/p>\n<p>Pessoas f\u00edsicas, entidades e empresas podem fazer doa\u00e7\u00f5es. Os materiais devem ser entregues no dep\u00f3sito do FUSSP, localizado na Avenida Marechal M\u00e1rio Guedes, 301, no bairro do Jaguar\u00e9, na capital. O local abriu excepcionalmente neste domingo das 8h \u00e0s 17h. Durante a semana, as doa\u00e7\u00f5es poder\u00e3o ser entregues das 8h \u00e0s 17h no mesmo local. O transporte para o Rio Grande do Sul ser\u00e1 feito pelas companhias a\u00e9reas Latam, Gol e Azul, que se voluntariaram para enviar as doa\u00e7\u00f5es devido aos diversos bloqueios nas estradas.<\/p>\n<p>J\u00e1 para quem optar pelas doa\u00e7\u00f5es via Poupatempo, \u00e9 poss\u00edvel enviar os materiais a qualquer uma das 241 unidades da capital, Grande S\u00e3o Paulo, Baixada Santista, Litoral Norte e interior. Todos os itens recebidos no Poupatempo ser\u00e3o destinados ao FUSSP para distribui\u00e7\u00e3o aos atingidos pelas chuvas no Sul.<\/p>\n<p>A prioridade neste momento \u00e9 para \u00e1gua pot\u00e1vel e produtos de limpeza e higiene, itens solicitados pela Defesa Civil do Rio Grande do Sul. Comida e roupas n\u00e3o est\u00e3o entre as principais necessidades neste momento e, por isso, n\u00e3o devem ser enviados.<\/p>\n<p>\u201c\u00c9 s\u00f3 chegar e entregar as doa\u00e7\u00f5es, sem necessidade de cadastro. A recomenda\u00e7\u00e3o \u00e9 que os itens sejam, preferencialmente, lacrados e novos\u201d, explica a chefe de gabinete do FUSSP, Cristina Prado. A campanha n\u00e3o tem data para terminar. O primeiro caminh\u00e3o com produtos deixa o galp\u00e3o na manh\u00e3 desta segunda-feira (6) para transporte a\u00e9reo.<\/p>\n<p>O FUSSP n\u00e3o est\u00e1 recebendo doa\u00e7\u00f5es em PIX ou dinheiro. Quem tiver interesse neste tipo de ajuda precisa procurar os canais oficiais do governo ga\u00facho.<\/p>\n<p>Mas \u00e9 poss\u00edvel auxiliar com trabalho volunt\u00e1rio no dep\u00f3sito de S\u00e3o Paulo para ajudar com transporte e separa\u00e7\u00e3o dos itens. Neste caso, basta comparecer ao local.<\/p>\n<p>Muita gente aproveitou o primeiro dia de campanha para levar sua contribui\u00e7\u00e3o neste domingo. O motorista Carlos Jos\u00e9 Souza de Oliveira realizou a doa\u00e7\u00e3o de itens arrecadados na igreja frequentada por ele. \u201cN\u00f3s vamos ajudar o pr\u00f3ximo, estamos fazendo a nossa parte pelas pessoas que est\u00e3o precisando neste momento.\u201d<\/p>\n<p>O diretor comercial Rafael de Souza \u00e9 ga\u00facho e conta que toda sua fam\u00edlia est\u00e1 empenhada em ajudar \u00e0s v\u00edtimas das enchentes. \u201cEstamos h\u00e1 11 anos em S\u00e3o Paulo e buscamos um lugar para fazer a doa\u00e7\u00e3o. Encontramos o Fundo Social, que est\u00e1 fazendo um papel muito importante. Ent\u00e3o arrecadamos muita coisa em PIX com os amigos, compramos os itens que pediram e viemos entregar.\u201d<\/p>\n<p><strong>Veja a lista de produtos priorit\u00e1rios para doa\u00e7\u00e3o:<\/strong><\/p>\n<ul>\n<li>\u00c1gua<\/li>\n<li>\u00c1gua sanit\u00e1ria<\/li>\n<li>Balde<\/li>\n<li>Desinfetante<\/li>\n<li>Detergente<\/li>\n<li>Detergente em p\u00f3<\/li>\n<li>Escova para lavar<\/li>\n<li>Esponja para limpeza<\/li>\n<li>Esponja de a\u00e7o<\/li>\n<li>Limpador multiuso<\/li>\n<li>Luva de l\u00e1tex<\/li>\n<li>Pano de ch\u00e3o<\/li>\n<li>Rodo<\/li>\n<li>Sab\u00e3o em barra<\/li>\n<li>Sacos de lixo<\/li>\n<li>Sapon\u00e1ceo<\/li>\n<li>Vassoura<\/li>\n<li>Aparelho de barbear<\/li>\n<li>Creme dental<\/li>\n<li>Escova de dente<\/li>\n<li>Fio dental<\/li>\n<li>Sabonete<\/li>\n<li>Shampoo e condicionador<\/li>\n<\/ul>\n<p>Outras informa\u00e7\u00f5es sobre as doa\u00e7\u00f5es \u00e0s v\u00edtimas das enchentes no Rio Grande do Sul podem ser acessadas no site do FUSSP <a href=\"http:\/\/fundosocial.sp.gov.br\" rel=\"noopener\">fundosocial.sp.gov.br<\/a>, nas redes oficiais do fundo ou pelos telefones 11 2193-6979 e 11 3238-3944.<\/p>\n<\/p><\/div>\n<p><br \/>\n<br \/><a href=\"https:\/\/www.saopaulo.sp.gov.br\/spnoticias\/ultimas-noticias\/governo-de-sp-inicia-arrecadacao-para-vitimas-do-rs-veja-o-que-doar\/\" rel=\"noopener\">Informa\u00e7\u00f5es GOV.SP<\/a><\/p>\n","protected":false},"excerpt":{"rendered":"<p>&#13; &#13; &#13; &#13; &#13; \u00c1gua pot\u00e1vel, produtos de limpeza e itens de higiene s\u00e3o prioridade para ajudar moradores afetados pelas enchentes &#13; &#13; &#13; &#13; O Fundo Social de S\u00e3o Paulo (FUSSP) e a Defesa Civil come\u00e7aram a receber doa\u00e7\u00f5es para serem enviadas \u00e0s v\u00edtimas das chuvas no Rio Grande do Sul neste domingo [&hellip;]<\/p>\n","protected":false},"author":1,"featured_media":4003,"comment_status":"open","ping_status":"open","sticky":false,"template":"","format":"standard","meta":{"_jetpack_newsletter_access":"","_jetpack_dont_email_post_to_subs":false,"_jetpack_newsletter_tier_id":0,"_jetpack_memberships_contains_paywalled_content":false,"_mbp_banners":[],"_jetpack_feature_clip_id":0,"_jetpack_memberships_contains_paid_content":false,"footnotes":"","jetpack_publicize_message":"","jetpack_publicize_feature_enabled":true,"jetpack_social_post_already_shared":true,"jetpack_social_options":{"image_generator_settings":{"template":"highway","default_image_id":0,"font":"","enabled":false},"version":2},"jetpack_post_was_ever_published":false},"categories":[21],"tags":[],"class_list":["post-4002","post","type-post","status-publish","format-standard","has-post-thumbnail","category-sp-news"],"jetpack_publicize_connections":[],"jetpack-related-posts":[],"jetpack_shortlink":"https:\/\/wp.me\/p7Eq1F-12y","jetpack_sharing_enabled":true,"jetpack_featured_media_url":"https:\/\/i0.wp.com\/guialimeira.com.br\/news\/wp-content\/uploads\/2024\/05\/1715057631_Governo-de-SP-inicia-arrecadacao-para-vitimas-do-RS-veja.jpg?fit=2560%2C1441&ssl=1","_links":{"self":[{"href":"https:\/\/guialimeira.com.br\/news\/wp-json\/wp\/v2\/posts\/4002","targetHints":{"allow":["GET"]}}],"collection":[{"href":"https:\/\/guialimeira.com.br\/news\/wp-json\/wp\/v2\/posts"}],"about":[{"href":"https:\/\/guialimeira.com.br\/news\/wp-json\/wp\/v2\/types\/post"}],"author":[{"embeddable":true,"href":"https:\/\/guialimeira.com.br\/news\/wp-json\/wp\/v2\/users\/1"}],"replies":[{"embeddable":true,"href":"https:\/\/guialimeira.com.br\/news\/wp-json\/wp\/v2\/comments?post=4002"}],"version-history":[{"count":0,"href":"https:\/\/guialimeira.com.br\/news\/wp-json\/wp\/v2\/posts\/4002\/revisions"}],"wp:featuredmedia":[{"embeddable":true,"href":"https:\/\/guialimeira.com.br\/news\/wp-json\/wp\/v2\/media\/4003"}],"wp:attachment":[{"href":"https:\/\/guialimeira.com.br\/news\/wp-json\/wp\/v2\/media?parent=4002"}],"wp:term":[{"taxonomy":"category","embeddable":true,"href":"https:\/\/guialimeira.com.br\/news\/wp-json\/wp\/v2\/categories?post=4002"},{"taxonomy":"post_tag","embeddable":true,"href":"https:\/\/guialimeira.com.br\/news\/wp-json\/wp\/v2\/tags?post=4002"}],"curies":[{"name":"wp","href":"https:\/\/api.w.org\/{rel}","templated":true}]}}