{"id":4000,"date":"2024-05-07T01:27:43","date_gmt":"2024-05-07T04:27:43","guid":{"rendered":"https:\/\/guialimeira.com.br\/2024\/05\/07\/prefeitura-de-piracicaba-sera-ponto-de-arrecadacao-para-vitimas-das-chuvas-no-rio-grande-do-sul-portal-do-municipio-de-piracicaba\/"},"modified":"2024-05-07T01:27:43","modified_gmt":"2024-05-07T04:27:43","slug":"prefeitura-de-piracicaba-sera-ponto-de-arrecadacao-para-vitimas-das-chuvas-no-rio-grande-do-sul-portal-do-municipio-de-piracicaba","status":"publish","type":"post","link":"https:\/\/guialimeira.com.br\/news\/prefeitura-de-piracicaba-sera-ponto-de-arrecadacao-para-vitimas-das-chuvas-no-rio-grande-do-sul-portal-do-municipio-de-piracicaba\/","title":{"rendered":"Prefeitura de Piracicaba ser\u00e1 ponto de arrecada\u00e7\u00e3o para v\u00edtimas das chuvas no Rio Grande do Sul \u2013 Portal do Munic\u00edpio de Piracicaba"},"content":{"rendered":"<p> <br \/>\n<\/p>\n<div>\n<figure class=\"wp-block-image size-large\"><img data-recalc-dims=\"1\" fetchpriority=\"high\" decoding=\"async\" width=\"696\" height=\"392\" src=\"https:\/\/i0.wp.com\/piracicaba.sp.gov.br\/wp-content\/uploads\/2024\/05\/Prefeitura-de-Piracicaba-sera-ponto-de-arrecadacao-para-vitimas-das-chuvas-no-Rio-Grande-do-Sul-1024x576.jpg?resize=696%2C392&#038;ssl=1\" alt=\"\" class=\"wp-image-78515\" srcset=\"https:\/\/piracicaba.sp.gov.br\/wp-content\/uploads\/2024\/05\/Prefeitura-de-Piracicaba-sera-ponto-de-arrecadacao-para-vitimas-das-chuvas-no-Rio-Grande-do-Sul-1024x576.jpg 1024w, https:\/\/piracicaba.sp.gov.br\/wp-content\/uploads\/2024\/05\/Prefeitura-de-Piracicaba-sera-ponto-de-arrecadacao-para-vitimas-das-chuvas-no-Rio-Grande-do-Sul-300x169.jpg 300w, https:\/\/piracicaba.sp.gov.br\/wp-content\/uploads\/2024\/05\/Prefeitura-de-Piracicaba-sera-ponto-de-arrecadacao-para-vitimas-das-chuvas-no-Rio-Grande-do-Sul-768x432.jpg 768w, https:\/\/piracicaba.sp.gov.br\/wp-content\/uploads\/2024\/05\/Prefeitura-de-Piracicaba-sera-ponto-de-arrecadacao-para-vitimas-das-chuvas-no-Rio-Grande-do-Sul-1536x864.jpg 1536w, https:\/\/piracicaba.sp.gov.br\/wp-content\/uploads\/2024\/05\/Prefeitura-de-Piracicaba-sera-ponto-de-arrecadacao-para-vitimas-das-chuvas-no-Rio-Grande-do-Sul-2048x1152.jpg 2048w\" sizes=\"(max-width: 1024px) 100vw, 1024px\"\/><figcaption class=\"wp-element-caption\">Prefeitura de Piracicaba ser\u00e1 ponto de arrecada\u00e7\u00e3o para v\u00edtimas das chuvas no Rio Grande do Sul<\/figcaption><\/figure>\n<p>A Prefeitura de Piracicaba, por meio do Fundo Social de Solidariedade (Fussp), aderiu hoje, 06\/05, \u00e0 campanha estadual de arrecada\u00e7\u00f5es que est\u00e3o sendo enviadas \u00e0s v\u00edtimas das chuvas no estado do Rio Grande do Sul. O Centro C\u00edvico, localizado na rua Ant\u00f4nio Corr\u00eaa Barbosa, 2233, Centro, ser\u00e1 um ponto de arrecada\u00e7\u00e3o de \u00e1gua, produtos de limpeza e de higiene. As doa\u00e7\u00f5es podem ser feitas at\u00e9 o dia 10\/05, \u00e0s 12h.<\/p>\n<p>Tamb\u00e9m ser\u00e3o pontos de arrecada\u00e7\u00e3o: a Casa do Artes\u00e3o \u2013 Amoporto (Associa\u00e7\u00e3o dos Moradores e Restaurantes da Rua do Porto), localizada na Av. Alidor Pecorari, s\/n, Parque da Rua do Porto; Casa do Hip Hop, rua Ja\u00e7an\u00e3 Altair Pereira Guerrini, 200, Paulic\u00e9ia; Acipi (Associa\u00e7\u00e3o Comercial e Industrial de Piracicaba), rua Prudente de Moraes, 463, Centro.<\/p>\n<p>Pessoas f\u00edsicas, entidades e empresas podem fazer doa\u00e7\u00f5es. A a\u00e7\u00e3o faz parte da mobiliza\u00e7\u00e3o do Governo de S\u00e3o Paulo, que tamb\u00e9m conta com equipes de resgate, embarca\u00e7\u00f5es e aeronaves. Os itens arrecadados em Piracicaba ser\u00e3o enviados para o Fussp S\u00e3o Paulo, que reunir\u00e1 as doa\u00e7\u00f5es de todos os munic\u00edpios do estado e enviar\u00e1 diretamente ao governo ga\u00facho.<\/p>\n<p>De acordo com a presidente do Fussp Piracicaba, Andr\u00e9a Almeida, os esfor\u00e7os est\u00e3o direcionados na arrecada\u00e7\u00e3o de itens de necessidade b\u00e1sica. \u201cItens como mantimentos e roupas, por exemplo, s\u00e3o sempre bem-vindos, mas nosso foco \u00e9 mobilizar a popula\u00e7\u00e3o piracicabana para arrecadarmos \u00e1gua pot\u00e1vel e itens de higiene e limpeza. Agora, mais do que nunca, nosso esp\u00edrito de solidariedade precisa prevalecer em meio \u00e0 trag\u00e9dia devastadora que atingiu a popula\u00e7\u00e3o ga\u00facha\u201d, destacou.<\/p>\n<p>Para doa\u00e7\u00f5es via pix ou dinheiro, a orienta\u00e7\u00e3o \u00e9 procurar diretamente os canais oficiais do governo do Rio Grande do Sul. Outras informa\u00e7\u00f5es podem ser acessadas no site do Fussp S\u00e3o Paulo, por meio do site\u00a0<a href=\"http:\/\/fundosocial.sp.gov.br\/\" target=\"_blank\" rel=\"noreferrer noopener\">fundosocial.sp.gov.br<\/a>, nas redes oficiais ou pelos telefones (11) 2193-6979 e (11) 3238-3944.<\/p>\n<p>Veja a lista de produtos priorit\u00e1rios para doa\u00e7\u00e3o:<\/p>\n<ul>\n<li>\u00c1gua<\/li>\n<li>\u00c1gua sanit\u00e1ria<\/li>\n<li>Balde<\/li>\n<li>Desinfetante<\/li>\n<li>Detergente<\/li>\n<li>Detergente em p\u00f3<\/li>\n<li>Escova para lavar<\/li>\n<li>Esponja para limpeza<\/li>\n<li>Esponja de a\u00e7o<\/li>\n<li>Limpador multiuso<\/li>\n<li>Luva de l\u00e1tex<\/li>\n<li>Pano de ch\u00e3o<\/li>\n<li>Rodo<\/li>\n<li>Sab\u00e3o em barra<\/li>\n<li>Sacos de lixo<\/li>\n<li>Sapon\u00e1ceo<\/li>\n<li>Vassoura<\/li>\n<li>Aparelho de barbear<\/li>\n<li>Creme dental<\/li>\n<li>Escova de dente<\/li>\n<li>Fio dental<\/li>\n<li>Sabonete<\/li>\n<li>Shampoo e condicionador<\/li>\n<\/ul>\n<p>Pontos de arrecada\u00e7\u00e3o em Piracicaba:<br \/>\u2013 Centro C\u00edvico (Pr\u00e9dio da Prefeitura de Piracicaba): rua Ant\u00f4nio Corr\u00eaa Barbosa, 2.233, Centro.<\/p>\n<p>\u2013 Casa do Artes\u00e3o \u2013 Amoporto: Av. Alidor Pecorari, s\/n, Parque da Rua do Porto.<\/p>\n<p>\u2013 Casa do Hip Hop, rua Ja\u00e7an\u00e3 Altair Pereira Guerrini, 200, Paulic\u00e9ia.<\/p>\n<p>\u2013 Acipi (Associa\u00e7\u00e3o Comercial e Industrial de Piracicaba), rua Prudente de Moraes, 463, Centro.<\/p>\n<\/div>\n<p><br \/>\n<br \/><a href=\"https:\/\/piracicaba.sp.gov.br\/noticias\/prefeitura-de-piracicaba-sera-ponto-de-arrecadacao-para-vitimas-das-chuvas-no-rio-grande-do-sul\/\" rel=\"noopener\">Informa\u00e7\u00f5es PMP <\/a><\/p>\n","protected":false},"excerpt":{"rendered":"<p>Prefeitura de Piracicaba ser\u00e1 ponto de arrecada\u00e7\u00e3o para v\u00edtimas das chuvas no Rio Grande do Sul A Prefeitura de Piracicaba, por meio do Fundo Social de Solidariedade (Fussp), aderiu hoje, 06\/05, \u00e0 campanha estadual de arrecada\u00e7\u00f5es que est\u00e3o sendo enviadas \u00e0s v\u00edtimas das chuvas no estado do Rio Grande do Sul. O Centro C\u00edvico, localizado [&hellip;]<\/p>\n","protected":false},"author":1,"featured_media":4001,"comment_status":"open","ping_status":"open","sticky":false,"template":"","format":"standard","meta":{"_jetpack_newsletter_access":"","_jetpack_dont_email_post_to_subs":false,"_jetpack_newsletter_tier_id":0,"_jetpack_memberships_contains_paywalled_content":false,"_mbp_banners":[],"_jetpack_feature_clip_id":0,"_jetpack_memberships_contains_paid_content":false,"footnotes":"","jetpack_publicize_message":"","jetpack_publicize_feature_enabled":true,"jetpack_social_post_already_shared":true,"jetpack_social_options":{"image_generator_settings":{"template":"highway","default_image_id":0,"font":"","enabled":false},"version":2},"jetpack_post_was_ever_published":false},"categories":[20],"tags":[],"class_list":["post-4000","post","type-post","status-publish","format-standard","has-post-thumbnail","category-regiao"],"jetpack_publicize_connections":[],"jetpack-related-posts":[],"jetpack_shortlink":"https:\/\/wp.me\/p7Eq1F-12w","jetpack_sharing_enabled":true,"jetpack_featured_media_url":"https:\/\/i0.wp.com\/guialimeira.com.br\/news\/wp-content\/uploads\/2024\/05\/Prefeitura-de-Piracicaba-sera-ponto-de-arrecadacao-para-vitimas-das-chuvas-no-Rio-Grande-do-Sul-1024x576.jpg?fit=1024%2C576&ssl=1","_links":{"self":[{"href":"https:\/\/guialimeira.com.br\/news\/wp-json\/wp\/v2\/posts\/4000","targetHints":{"allow":["GET"]}}],"collection":[{"href":"https:\/\/guialimeira.com.br\/news\/wp-json\/wp\/v2\/posts"}],"about":[{"href":"https:\/\/guialimeira.com.br\/news\/wp-json\/wp\/v2\/types\/post"}],"author":[{"embeddable":true,"href":"https:\/\/guialimeira.com.br\/news\/wp-json\/wp\/v2\/users\/1"}],"replies":[{"embeddable":true,"href":"https:\/\/guialimeira.com.br\/news\/wp-json\/wp\/v2\/comments?post=4000"}],"version-history":[{"count":0,"href":"https:\/\/guialimeira.com.br\/news\/wp-json\/wp\/v2\/posts\/4000\/revisions"}],"wp:featuredmedia":[{"embeddable":true,"href":"https:\/\/guialimeira.com.br\/news\/wp-json\/wp\/v2\/media\/4001"}],"wp:attachment":[{"href":"https:\/\/guialimeira.com.br\/news\/wp-json\/wp\/v2\/media?parent=4000"}],"wp:term":[{"taxonomy":"category","embeddable":true,"href":"https:\/\/guialimeira.com.br\/news\/wp-json\/wp\/v2\/categories?post=4000"},{"taxonomy":"post_tag","embeddable":true,"href":"https:\/\/guialimeira.com.br\/news\/wp-json\/wp\/v2\/tags?post=4000"}],"curies":[{"name":"wp","href":"https:\/\/api.w.org\/{rel}","templated":true}]}}