{"id":3998,"date":"2024-05-07T00:52:49","date_gmt":"2024-05-07T03:52:49","guid":{"rendered":"https:\/\/guialimeira.com.br\/2024\/05\/07\/centro-paula-souza-plataforma-digital-conecta-alunos-com-mercado-de-trabalho\/"},"modified":"2024-05-07T00:52:49","modified_gmt":"2024-05-07T03:52:49","slug":"centro-paula-souza-plataforma-digital-conecta-alunos-com-mercado-de-trabalho","status":"publish","type":"post","link":"https:\/\/guialimeira.com.br\/news\/centro-paula-souza-plataforma-digital-conecta-alunos-com-mercado-de-trabalho\/","title":{"rendered":"Centro Paula Souza: plataforma digital conecta alunos com mercado de trabalho"},"content":{"rendered":"<p> <br \/>\n<\/p>\n<div id=\"\">&#13;<\/p>\n<figure id=\"attachment_5877036\" style=\"width: 100%;max-width: 1200px\" class=\"wp-caption alignnone\"><img data-recalc-dims=\"1\" decoding=\"async\" loading=\"lazy\" class=\"size-full wp-image-5877036\" src=\"https:\/\/i0.wp.com\/www.saopaulo.sp.gov.br\/wp-content\/uploads\/2024\/05\/WhatsApp-Image-2024-05-03-at-14.38.46.jpeg?resize=696%2C464&#038;ssl=1\" alt=\"\" width=\"696\" height=\"464\" srcset=\"https:\/\/www.saopaulo.sp.gov.br\/wp-content\/uploads\/2024\/05\/WhatsApp-Image-2024-05-03-at-14.38.46.jpeg 1200w, https:\/\/www.saopaulo.sp.gov.br\/wp-content\/uploads\/2024\/05\/WhatsApp-Image-2024-05-03-at-14.38.46-300x200.jpeg 300w, https:\/\/www.saopaulo.sp.gov.br\/wp-content\/uploads\/2024\/05\/WhatsApp-Image-2024-05-03-at-14.38.46-1024x683.jpeg 1024w, https:\/\/www.saopaulo.sp.gov.br\/wp-content\/uploads\/2024\/05\/WhatsApp-Image-2024-05-03-at-14.38.46-768x512.jpeg 768w\" sizes=\"auto, (max-width: 1200px) 100vw, 1200px\"\/><figcaption class=\"wp-caption-text\">Plataforma gera oportunidade de crescimento por meio de oferta de vagas, mentoria e desenvolvimento de compet\u00eancias<\/figcaption><\/figure>\n<p>O Centro Paula Souza (CPS), autarquia do Governo de S\u00e3o Paulo vinculada \u00e0 Secretaria de Ci\u00eancia, Tecnologia e Inova\u00e7\u00e3o, lan\u00e7ar\u00e1 uma nova plataforma digital para conectar alunos e egressos com o mercado de trabalho, gerando oportunidades de emprego e desenvolvimento de compet\u00eancias. O CPS Carreiras foi apresentado oficialmente aos diretores das Escolas T\u00e9cnicas (Etecs) e Faculdades de Tecnologia (Fatecs) estaduais durante dois eventos online, nesta quinta-feira (2).<\/p>\n<p>\u201cOrganizamos estes encontros para compartilhar com voc\u00eas nosso entusiasmo com a iniciativa que representar\u00e1 um grande passo nas pol\u00edticas de empregabilidade da nossa institui\u00e7\u00e3o\u201d, afirmou a diretora-superintendente do CPS, Laura Lagan\u00e1.<\/p>\n<p>A iniciativa \u00e9 direcionada a estudantes e jovens formados nas Etecs e Fatecs, que representam um universo de mais de 100 mil profissionais por ano. Reconhecido pela excel\u00eancia na gest\u00e3o educacional, o CPS passar\u00e1 a atuar em grande escala nos servi\u00e7os de carreiras.<\/p>\n<p>\u201cA integra\u00e7\u00e3o que ocorria no limiar das unidades escolares, agora ser\u00e1 ampliada e sistematizada. Com a plataforma, ganharemos escalabilidade em nossa intera\u00e7\u00e3o com empresas, permitindo maior agilidade na atualiza\u00e7\u00e3o e na cria\u00e7\u00e3o de cursos\u201d, explica a vice-diretora-superintendente do CPS, Emilena Lorenzon Bianco.<\/p>\n<p>Participaram tamb\u00e9m da live de lan\u00e7amento o coordenador da Unidade do Ensino M\u00e9dio e T\u00e9cnico (Cetec), Almerio Melqu\u00edades Ara\u00fajo, o coordenador da Unidade do Ensino Superior de Gradua\u00e7\u00e3o (Cesu), Rafael Ferreira Alves, o diretor do Departamento Acad\u00eamico Pedag\u00f3gico da Cesu, Andr\u00e9 Luiz Braun Galv\u00e3o, a equipe do CPS Carreiras, liderada pela coordenadora de projetos, Paula Hypolito, e mais de 240 diretores de unidades entre Etecs e Fatecs.<\/p>\n<p><strong>\u2018Trabalhabilidade<\/strong>\u2018<\/p>\n<p>A palavra-chave do CPS Carreiras \u00e9 \u201ctrabalhabilidade\u201d, que significa ir al\u00e9m da conex\u00e3o entre candidato e vaga de emprego. O objetivo central \u00e9 ajudar o jovem a desenvolver uma carreira de longo prazo, apresentando novos modelos de trabalho e programas de capacita\u00e7\u00e3o.<\/p>\n<p>\u201cO conceito trabalhabilidade engloba tanto quem busca emprego de carteira assinada quanto quem prefere ser aut\u00f4nomo ou empreendedor, j\u00e1 que s\u00e3o muitas as maneiras de atuar hoje em dia. Ampliamos as oportunidades para abranger o maior n\u00famero de intera\u00e7\u00f5es entre pessoas que buscam oportunidades profissionais e organiza\u00e7\u00f5es que procuram talentos\u201d, explica a vice-diretora Emilena Lorenzon Bianco.<\/p>\n<p><strong>Como funciona<\/strong><\/p>\n<p>Desenvolvido em plataforma online, o sistema cruzar\u00e1 dados dos estudantes com empresas parceiras, estabelecendo uma comunica\u00e7\u00e3o direta entre o candidato e a vaga. O programa disponibilizar\u00e1 ainda gest\u00e3o e orienta\u00e7\u00e3o com profissionais de carreira, simula\u00e7\u00e3o de entrevistas e processos de recrutamento assistidos pela institui\u00e7\u00e3o.<\/p>\n<p>\u201cImagine um ambiente que antecipa as compet\u00eancias que o aluno precisa desenvolver para atuar em determinados perfis profissionais, e como deve se posicionar para alcan\u00e7ar a profiss\u00e3o que tanto deseja. Dar isso a ele, de maneira estruturada, acelera as possibilidades de alcan\u00e7ar seus objetivos\u201d, ressalta Emilena.<\/p>\n<p>Al\u00e9m de proporcionar o encontro entre as partes interessadas, o CPS Carreiras far\u00e1 o papel de estimular o crescimento do profissional pela aquisi\u00e7\u00e3o de compet\u00eancias essenciais de maneira cont\u00ednua e direta, incluindo a oferta de cursos adicionais com micro certifica\u00e7\u00f5es.<\/p>\n<p>\u201cOs alunos contar\u00e3o ainda com coaching de carreiras, que os ajudar\u00e1 a construir seus itiner\u00e1rios formativos, participando de eventos com empresas empregadoras\u201d, explica a vice-diretora.<\/p>\n<figure id=\"attachment_5877042\" style=\"width: 100%;max-width: 1600px\" class=\"wp-caption alignnone\"><img data-recalc-dims=\"1\" decoding=\"async\" loading=\"lazy\" class=\"size-full wp-image-5877042\" src=\"https:\/\/i0.wp.com\/www.saopaulo.sp.gov.br\/wp-content\/uploads\/2024\/05\/WhatsApp-Image-2024-05-03-at-14.50.37.jpeg?resize=696%2C389&#038;ssl=1\" alt=\"\" width=\"696\" height=\"389\" srcset=\"https:\/\/www.saopaulo.sp.gov.br\/wp-content\/uploads\/2024\/05\/WhatsApp-Image-2024-05-03-at-14.50.37.jpeg 1600w, https:\/\/www.saopaulo.sp.gov.br\/wp-content\/uploads\/2024\/05\/WhatsApp-Image-2024-05-03-at-14.50.37-300x168.jpeg 300w, https:\/\/www.saopaulo.sp.gov.br\/wp-content\/uploads\/2024\/05\/WhatsApp-Image-2024-05-03-at-14.50.37-1024x572.jpeg 1024w, https:\/\/www.saopaulo.sp.gov.br\/wp-content\/uploads\/2024\/05\/WhatsApp-Image-2024-05-03-at-14.50.37-768x429.jpeg 768w, https:\/\/www.saopaulo.sp.gov.br\/wp-content\/uploads\/2024\/05\/WhatsApp-Image-2024-05-03-at-14.50.37-1536x858.jpeg 1536w\" sizes=\"auto, (max-width: 1600px) 100vw, 1600px\"\/><figcaption class=\"wp-caption-text\">Mais de 240 diretores das Etecs e Fatecs participaram das lives de lan\u00e7amento, realizadas no dia 2 de maio<\/figcaption><\/figure>\n<p><strong>Parcerias<\/strong><\/p>\n<p>Empresas que j\u00e1 atuam em conv\u00eanio com o CPS continuam parceiras, sem necessidade de novos contratos. \u00c9 o caso de\u00a0Amazon, Cisco, ERP, Flex, Google, Huawei, IBM, Microsoft, Oracle, Rede Globo, SAP, SAS e Salesforce. As portas est\u00e3o abertas a demais companhias que busquem profissionais talentosos.<\/p>\n<p>\u201cTodas as empresas parceiras est\u00e3o habilitadas a oferecer vagas, disponibilizar cursos ou treinamento espec\u00edficos para determinadas posi\u00e7\u00f5es\u201d, destaca o professor respons\u00e1vel pelos conv\u00eanios do CPS Carreiras, Jo\u00e3o Carlos Lopes Fernandes.<\/p>\n<p>As vagas, que antes eram anunciadas apenas localmente, passar\u00e3o a ganhar escala estadual, garantindo maior divulga\u00e7\u00e3o na busca por profissionais mais capacitados. Uma posi\u00e7\u00e3o online poder\u00e1 ser disputada por todos os alunos da rede, uma vaga presencial, por todos do entorno ou dispostos a mudar de endere\u00e7o.<\/p>\n<p>\u201cEm fase final de desenvolvimento, a plataforma ir\u00e1 agregar e absorver todas as iniciativas j\u00e1 existentes nas unidades. Em breve, haver\u00e1 treinamentos para coordenadores professores\u201d, finaliza a coordenadora do CPS Carreiras, Paula Hypolito.<\/p>\n<p>Siga o canal \u201cGoverno de S\u00e3o Paulo\u201d no WhatsApp:<br \/><a href=\"https:\/\/bit.ly\/govspnozap\" target=\"_blank\" rel=\"noopener noreferrer\">https:\/\/bit.ly\/govspnozap<\/a><\/p>\n<\/p><\/div>\n<p><br \/>\n<br \/><a href=\"https:\/\/www.saopaulo.sp.gov.br\/spnoticias\/ultimas-noticias\/cps-carreiras-conectara-alunos-e-egressos-com-mercado-de-trabalho\/\" rel=\"noopener\">Informa\u00e7\u00f5es GOV.SP<\/a><\/p>\n","protected":false},"excerpt":{"rendered":"<p>&#13; Plataforma gera oportunidade de crescimento por meio de oferta de vagas, mentoria e desenvolvimento de compet\u00eancias O Centro Paula Souza (CPS), autarquia do Governo de S\u00e3o Paulo vinculada \u00e0 Secretaria de Ci\u00eancia, Tecnologia e Inova\u00e7\u00e3o, lan\u00e7ar\u00e1 uma nova plataforma digital para conectar alunos e egressos com o mercado de trabalho, gerando oportunidades de emprego [&hellip;]<\/p>\n","protected":false},"author":1,"featured_media":3999,"comment_status":"open","ping_status":"open","sticky":false,"template":"","format":"standard","meta":{"_jetpack_newsletter_access":"","_jetpack_dont_email_post_to_subs":false,"_jetpack_newsletter_tier_id":0,"_jetpack_memberships_contains_paywalled_content":false,"_mbp_banners":[],"_jetpack_feature_clip_id":0,"_jetpack_memberships_contains_paid_content":false,"footnotes":"","jetpack_publicize_message":"","jetpack_publicize_feature_enabled":true,"jetpack_social_post_already_shared":true,"jetpack_social_options":{"image_generator_settings":{"template":"highway","default_image_id":0,"font":"","enabled":false},"version":2},"jetpack_post_was_ever_published":false},"categories":[21],"tags":[],"class_list":["post-3998","post","type-post","status-publish","format-standard","has-post-thumbnail","category-sp-news"],"jetpack_publicize_connections":[],"jetpack-related-posts":[],"jetpack_shortlink":"https:\/\/wp.me\/p7Eq1F-12u","jetpack_sharing_enabled":true,"jetpack_featured_media_url":"https:\/\/i0.wp.com\/guialimeira.com.br\/news\/wp-content\/uploads\/2024\/05\/Centro-Paula-Souza-plataforma-digital-conecta-alunos-com-mercado-de.jpeg?fit=1200%2C800&ssl=1","_links":{"self":[{"href":"https:\/\/guialimeira.com.br\/news\/wp-json\/wp\/v2\/posts\/3998","targetHints":{"allow":["GET"]}}],"collection":[{"href":"https:\/\/guialimeira.com.br\/news\/wp-json\/wp\/v2\/posts"}],"about":[{"href":"https:\/\/guialimeira.com.br\/news\/wp-json\/wp\/v2\/types\/post"}],"author":[{"embeddable":true,"href":"https:\/\/guialimeira.com.br\/news\/wp-json\/wp\/v2\/users\/1"}],"replies":[{"embeddable":true,"href":"https:\/\/guialimeira.com.br\/news\/wp-json\/wp\/v2\/comments?post=3998"}],"version-history":[{"count":0,"href":"https:\/\/guialimeira.com.br\/news\/wp-json\/wp\/v2\/posts\/3998\/revisions"}],"wp:featuredmedia":[{"embeddable":true,"href":"https:\/\/guialimeira.com.br\/news\/wp-json\/wp\/v2\/media\/3999"}],"wp:attachment":[{"href":"https:\/\/guialimeira.com.br\/news\/wp-json\/wp\/v2\/media?parent=3998"}],"wp:term":[{"taxonomy":"category","embeddable":true,"href":"https:\/\/guialimeira.com.br\/news\/wp-json\/wp\/v2\/categories?post=3998"},{"taxonomy":"post_tag","embeddable":true,"href":"https:\/\/guialimeira.com.br\/news\/wp-json\/wp\/v2\/tags?post=3998"}],"curies":[{"name":"wp","href":"https:\/\/api.w.org\/{rel}","templated":true}]}}