{"id":3992,"date":"2024-05-07T00:26:46","date_gmt":"2024-05-07T03:26:46","guid":{"rendered":"https:\/\/guialimeira.com.br\/2024\/05\/07\/17o-pira-nos-bairros-realiza-quase-1-400-atendimentos-na-regiao-do-jardim-primavera-portal-do-municipio-de-piracicaba\/"},"modified":"2024-05-07T00:26:46","modified_gmt":"2024-05-07T03:26:46","slug":"17o-pira-nos-bairros-realiza-quase-1-400-atendimentos-na-regiao-do-jardim-primavera-portal-do-municipio-de-piracicaba","status":"publish","type":"post","link":"https:\/\/guialimeira.com.br\/news\/17o-pira-nos-bairros-realiza-quase-1-400-atendimentos-na-regiao-do-jardim-primavera-portal-do-municipio-de-piracicaba\/","title":{"rendered":"17\u00ba Pira nos Bairros realiza quase 1.400 atendimentos na regi\u00e3o do Jardim Primavera \u2013 Portal do Munic\u00edpio de Piracicaba"},"content":{"rendered":"<p> <br \/>\n<\/p>\n<div>\n<p>O bairro Jardim Primavera e moradores da regi\u00e3o receberam no \u00faltimo s\u00e1bado, 04\/05, a 17\u00aa edi\u00e7\u00e3o do Pira nos Bairros, que aconteceu na Escola Municipal Professor Luis Claudio Alves. O programa realizou 1.399 atendimentos na escola, que tamb\u00e9m teve a entrega oficial da obra de manuten\u00e7\u00e3o e reforma feita na institui\u00e7\u00e3o. A a\u00e7\u00e3o \u00e9 organizada pela Prefeitura de Piracicaba e re\u00fane, em um \u00fanico lugar, diversos servi\u00e7os oferecidos pelo Executivo.<\/p>\n<figure class=\"wp-block-image size-large\"><img data-recalc-dims=\"1\" fetchpriority=\"high\" decoding=\"async\" width=\"696\" height=\"464\" src=\"https:\/\/i0.wp.com\/piracicaba.sp.gov.br\/wp-content\/uploads\/2024\/05\/Prefeito-Luciano-Almeida-diretor-da-escola-Gregorio-Sanches-e-o-secretario-de-Educacao-Bruno-Roza-com-placa-da-reforma-da-EM-Luis-Claudio-Alves-1024x682.jpg?resize=696%2C464&#038;ssl=1\" alt=\"\" class=\"wp-image-78510\" srcset=\"https:\/\/piracicaba.sp.gov.br\/wp-content\/uploads\/2024\/05\/Prefeito-Luciano-Almeida-diretor-da-escola-Gregorio-Sanches-e-o-secretario-de-Educacao-Bruno-Roza-com-placa-da-reforma-da-EM-Luis-Claudio-Alves-1024x682.jpg 1024w, https:\/\/piracicaba.sp.gov.br\/wp-content\/uploads\/2024\/05\/Prefeito-Luciano-Almeida-diretor-da-escola-Gregorio-Sanches-e-o-secretario-de-Educacao-Bruno-Roza-com-placa-da-reforma-da-EM-Luis-Claudio-Alves-300x200.jpg 300w, https:\/\/piracicaba.sp.gov.br\/wp-content\/uploads\/2024\/05\/Prefeito-Luciano-Almeida-diretor-da-escola-Gregorio-Sanches-e-o-secretario-de-Educacao-Bruno-Roza-com-placa-da-reforma-da-EM-Luis-Claudio-Alves-768x512.jpg 768w, https:\/\/piracicaba.sp.gov.br\/wp-content\/uploads\/2024\/05\/Prefeito-Luciano-Almeida-diretor-da-escola-Gregorio-Sanches-e-o-secretario-de-Educacao-Bruno-Roza-com-placa-da-reforma-da-EM-Luis-Claudio-Alves-1536x1024.jpg 1536w, https:\/\/piracicaba.sp.gov.br\/wp-content\/uploads\/2024\/05\/Prefeito-Luciano-Almeida-diretor-da-escola-Gregorio-Sanches-e-o-secretario-de-Educacao-Bruno-Roza-com-placa-da-reforma-da-EM-Luis-Claudio-Alves.jpg 2000w\" sizes=\"(max-width: 1024px) 100vw, 1024px\"\/><figcaption class=\"wp-element-caption\"><strong><em><sub>Prefeito Luciano Almeida, diretor da escola, Greg\u00f3rio Sanches, e o secret\u00e1rio de Educa\u00e7\u00e3o, Bruno Roza com placa da reforma da EM Luis Claudio Alves<\/sub><\/em><\/strong><\/figcaption><\/figure>\n<p>O prefeito Luciano Almeida participou da entrega oficial da obra de manuten\u00e7\u00e3o e reforma da Escola Municipal Luis Claudio Alves, e agradeceu o apoio de todos os presentes nas mudan\u00e7as e melhorias realizadas na educa\u00e7\u00e3o municipal durante esta gest\u00e3o. Ao todo, 124 escolas da rede municipal passam por reforma. \u201cQue todos aproveitem [a escola], isso aqui \u00e9 de voc\u00eas, \u00e9 pra voc\u00eas, e o futuro das nossas crian\u00e7as j\u00e1 come\u00e7ou aqui agora com o trabalho que voc\u00eas fazem [na educa\u00e7\u00e3o].\u201d<\/p>\n<p>Participaram ainda do 17\u00ba Pira nos Bairros os secret\u00e1rios Bruno Roza, da Educa\u00e7\u00e3o; Andrea Ribeiro, de Habita\u00e7\u00e3o e Gest\u00e3o Territorial; Euclidia Fioravante, de Assist\u00eancia e Desenvolvimento Social; Jane Franco, de Mobilidade Urbana, Tr\u00e2nsito e Transportes; Telma Trimer, de Finan\u00e7as; Juliana Baccarin, chefe de Gabinete; Ant\u00f4nio Carlos Bonassi, diretor da R\u00e1dio Educativa; e vereadores.<\/p>\n<figure class=\"wp-block-image size-large\"><img data-recalc-dims=\"1\" loading=\"lazy\" decoding=\"async\" width=\"696\" height=\"464\" src=\"https:\/\/i0.wp.com\/piracicaba.sp.gov.br\/wp-content\/uploads\/2024\/05\/Edicao-do-Pira-nos-Bairros-no-Jardim-Primavera-teve-vacinacao-de-gripe-com-ampliacao-para-pessoas-acima-de-6-meses-1024x682.jpg?resize=696%2C464&#038;ssl=1\" alt=\"\" class=\"wp-image-78508\" srcset=\"https:\/\/piracicaba.sp.gov.br\/wp-content\/uploads\/2024\/05\/Edicao-do-Pira-nos-Bairros-no-Jardim-Primavera-teve-vacinacao-de-gripe-com-ampliacao-para-pessoas-acima-de-6-meses-1024x682.jpg 1024w, https:\/\/piracicaba.sp.gov.br\/wp-content\/uploads\/2024\/05\/Edicao-do-Pira-nos-Bairros-no-Jardim-Primavera-teve-vacinacao-de-gripe-com-ampliacao-para-pessoas-acima-de-6-meses-300x200.jpg 300w, https:\/\/piracicaba.sp.gov.br\/wp-content\/uploads\/2024\/05\/Edicao-do-Pira-nos-Bairros-no-Jardim-Primavera-teve-vacinacao-de-gripe-com-ampliacao-para-pessoas-acima-de-6-meses-768x512.jpg 768w, https:\/\/piracicaba.sp.gov.br\/wp-content\/uploads\/2024\/05\/Edicao-do-Pira-nos-Bairros-no-Jardim-Primavera-teve-vacinacao-de-gripe-com-ampliacao-para-pessoas-acima-de-6-meses-1536x1024.jpg 1536w, https:\/\/piracicaba.sp.gov.br\/wp-content\/uploads\/2024\/05\/Edicao-do-Pira-nos-Bairros-no-Jardim-Primavera-teve-vacinacao-de-gripe-com-ampliacao-para-pessoas-acima-de-6-meses.jpg 2000w\" sizes=\"auto, (max-width: 1024px) 100vw, 1024px\"\/><figcaption class=\"wp-element-caption\"><strong><em><sub>Edi\u00e7\u00e3o do Pira nos Bairros no Jardim Primavera teve vacina\u00e7\u00e3o de gripe com amplia\u00e7\u00e3o para pessoas acima de 6 meses<\/sub><\/em><\/strong><\/figcaption><\/figure>\n<p>O secret\u00e1rio de Educa\u00e7\u00e3o lembrou que a escola foi a primeira convertida ao per\u00edodo integral na cidade, que agora passou por reforma tamb\u00e9m. \u201cO programa Pira nos Bairros tem esse objetivo: trazer a comunidade pra dentro das escolas, a escola viva e pulsante como gostamos de dizer. Esse espa\u00e7o \u00e9 da comunidade, \u00e9 de voc\u00eas, e os servi\u00e7os p\u00fablicos precisam estar perto das pessoas, estar nos bairros e nas comunidades. E esse programa do governo do prefeito Luciano Almeida tem exatamente esse objetivo\u201d, disse Bruno Roza.<\/p>\n<p>\u201cEu gostaria de agradecer pelas melhorias que est\u00e3o sendo feitas na escola, por tudo que chegou pra n\u00f3s nesses \u00faltimos anos, desde material do sistema Poliedro, reforma das escolas, uniformes, gra\u00e7as ao trabalho dessa nova gest\u00e3o, ent\u00e3o o meu muito obrigado a voc\u00eas\u201d, disse o diretor da escola, Greg\u00f3rio Sanches.<\/p>\n<figure class=\"wp-block-image size-large\"><img data-recalc-dims=\"1\" loading=\"lazy\" decoding=\"async\" width=\"696\" height=\"464\" src=\"https:\/\/i0.wp.com\/piracicaba.sp.gov.br\/wp-content\/uploads\/2024\/05\/Louise-de-9-anos-segurando-divulgacao-da-campanha-da-Smads-contra-abuso-e-exploracao-infantil-1024x682.jpg?resize=696%2C464&#038;ssl=1\" alt=\"\" class=\"wp-image-78511\" srcset=\"https:\/\/piracicaba.sp.gov.br\/wp-content\/uploads\/2024\/05\/Louise-de-9-anos-segurando-divulgacao-da-campanha-da-Smads-contra-abuso-e-exploracao-infantil-1024x682.jpg 1024w, https:\/\/piracicaba.sp.gov.br\/wp-content\/uploads\/2024\/05\/Louise-de-9-anos-segurando-divulgacao-da-campanha-da-Smads-contra-abuso-e-exploracao-infantil-300x200.jpg 300w, https:\/\/piracicaba.sp.gov.br\/wp-content\/uploads\/2024\/05\/Louise-de-9-anos-segurando-divulgacao-da-campanha-da-Smads-contra-abuso-e-exploracao-infantil-768x512.jpg 768w, https:\/\/piracicaba.sp.gov.br\/wp-content\/uploads\/2024\/05\/Louise-de-9-anos-segurando-divulgacao-da-campanha-da-Smads-contra-abuso-e-exploracao-infantil-1536x1024.jpg 1536w, https:\/\/piracicaba.sp.gov.br\/wp-content\/uploads\/2024\/05\/Louise-de-9-anos-segurando-divulgacao-da-campanha-da-Smads-contra-abuso-e-exploracao-infantil.jpg 2000w\" sizes=\"auto, (max-width: 1024px) 100vw, 1024px\"\/><figcaption class=\"wp-element-caption\"><strong><em><sub>Louise, de 9 anos, segurando divulga\u00e7\u00e3o da campanha da Smads contra abuso e explora\u00e7\u00e3o infantil<\/sub><\/em><\/strong><\/figcaption><\/figure>\n<p>\u201cEm 17 edi\u00e7\u00f5es atingimos 22.603 atendimentos, comprovando o sucesso e a import\u00e2ncia do Pira nos Bairros, que tem como objetivo reunir em um \u00fanico lugar, de forma simult\u00e2nea e gratuita, diversos servi\u00e7os oferecidos pelo Executivo, abrangendo todas as secretarias municipais, diretamente nos bairros, aos s\u00e1bados, facilitando o acesso da popula\u00e7\u00e3o\u201d, comemorou o assessor de Projetos e Planejamento da Secretaria de Governo, Alvaro Saviani.<\/p>\n<p><strong>ATENDIMENTOS<\/strong>\u00a0\u2013 O Pira nos Bairros realizado no bairro Jardim Primavera teve o maior n\u00famero de atendimentos entre as seis edi\u00e7\u00f5es realizadas este ano, levando para a escola diversos servi\u00e7os, como testes e exames de vis\u00e3o e glicemia, cadastro de curr\u00edculos e vagas de emprego, vacina\u00e7\u00e3o, parcelamento de d\u00e9bitos, credenciamento para o transporte p\u00fablico e estacionamento para idosos, inscri\u00e7\u00f5es para habita\u00e7\u00e3o de interesse popular e cart\u00e3o Pira Cidad\u00e3o, al\u00e9m de atividades esportivas, culturais e de recrea\u00e7\u00e3o.<\/p>\n<figure class=\"wp-block-image size-large\"><img data-recalc-dims=\"1\" loading=\"lazy\" decoding=\"async\" width=\"696\" height=\"464\" src=\"https:\/\/i0.wp.com\/piracicaba.sp.gov.br\/wp-content\/uploads\/2024\/05\/Emanuela-de-9-anos-tomando-a-vacina-contra-a-gripe-da-gripe-1024x682.jpg?resize=696%2C464&#038;ssl=1\" alt=\"\" class=\"wp-image-78509\" srcset=\"https:\/\/piracicaba.sp.gov.br\/wp-content\/uploads\/2024\/05\/Emanuela-de-9-anos-tomando-a-vacina-contra-a-gripe-da-gripe-1024x682.jpg 1024w, https:\/\/piracicaba.sp.gov.br\/wp-content\/uploads\/2024\/05\/Emanuela-de-9-anos-tomando-a-vacina-contra-a-gripe-da-gripe-300x200.jpg 300w, https:\/\/piracicaba.sp.gov.br\/wp-content\/uploads\/2024\/05\/Emanuela-de-9-anos-tomando-a-vacina-contra-a-gripe-da-gripe-768x512.jpg 768w, https:\/\/piracicaba.sp.gov.br\/wp-content\/uploads\/2024\/05\/Emanuela-de-9-anos-tomando-a-vacina-contra-a-gripe-da-gripe-1536x1024.jpg 1536w, https:\/\/piracicaba.sp.gov.br\/wp-content\/uploads\/2024\/05\/Emanuela-de-9-anos-tomando-a-vacina-contra-a-gripe-da-gripe.jpg 2000w\" sizes=\"auto, (max-width: 1024px) 100vw, 1024px\"\/><figcaption class=\"wp-element-caption\"><strong><em><sub>Emanuela, de 9 anos, tomando a vacina contra a gripe da gripe<\/sub><\/em><\/strong><\/figcaption><\/figure>\n<p>Nesta edi\u00e7\u00e3o, um dos parceiros do programa, a Cl\u00ednica de Olhos, fez o exame de catarata em pessoas acima de 60 anos \u2013 que eram encaminhadas para tratamento caso fosse detectada a doen\u00e7a \u2013 al\u00e9m dos testes de vis\u00e3o e avalia\u00e7\u00e3o de rotina. Ao todo, foram 46 atendimentos.<\/p>\n<p>A Sa\u00fade levou para o bairro a vacina\u00e7\u00e3o contra a influenza (gripe) ap\u00f3s ter ampliado o p\u00fablico para pessoas acima de 6 meses. Foram aplicadas 170 doses durante a a\u00e7\u00e3o. Emanuela Franco, de apenas 9 anos, foi sozinha tomar a vacina da gripe e recebeu elogios das enfermeiras pela coragem. \u201cN\u00e3o tenho medo\u201d, garantiu, simulando a careta que faria caso a vacina doesse um pouco na hora da aplica\u00e7\u00e3o.<\/p>\n<figure class=\"wp-block-image size-large\"><img data-recalc-dims=\"1\" loading=\"lazy\" decoding=\"async\" width=\"696\" height=\"464\" src=\"https:\/\/i0.wp.com\/piracicaba.sp.gov.br\/wp-content\/uploads\/2024\/05\/Padre-Claudemir-Rocha-foi-pra-conhecer-e-conseguiu-tres-servicos-no-Pira-dos-Bairros-1024x682.jpg?resize=696%2C464&#038;ssl=1\" alt=\"\" class=\"wp-image-78512\" srcset=\"https:\/\/piracicaba.sp.gov.br\/wp-content\/uploads\/2024\/05\/Padre-Claudemir-Rocha-foi-pra-conhecer-e-conseguiu-tres-servicos-no-Pira-dos-Bairros-1024x682.jpg 1024w, https:\/\/piracicaba.sp.gov.br\/wp-content\/uploads\/2024\/05\/Padre-Claudemir-Rocha-foi-pra-conhecer-e-conseguiu-tres-servicos-no-Pira-dos-Bairros-300x200.jpg 300w, https:\/\/piracicaba.sp.gov.br\/wp-content\/uploads\/2024\/05\/Padre-Claudemir-Rocha-foi-pra-conhecer-e-conseguiu-tres-servicos-no-Pira-dos-Bairros-768x512.jpg 768w, https:\/\/piracicaba.sp.gov.br\/wp-content\/uploads\/2024\/05\/Padre-Claudemir-Rocha-foi-pra-conhecer-e-conseguiu-tres-servicos-no-Pira-dos-Bairros-1536x1024.jpg 1536w, https:\/\/piracicaba.sp.gov.br\/wp-content\/uploads\/2024\/05\/Padre-Claudemir-Rocha-foi-pra-conhecer-e-conseguiu-tres-servicos-no-Pira-dos-Bairros.jpg 2000w\" sizes=\"auto, (max-width: 1024px) 100vw, 1024px\"\/><figcaption class=\"wp-element-caption\"><strong><em><sub>Padre Claudemir Rocha foi pra conhecer e conseguiu tr\u00eas servi\u00e7os no Pira dos Bairros<\/sub><\/em><\/strong><\/figcaption><\/figure>\n<p>O padre Claudemir Aparecido da Rocha, que est\u00e1 na par\u00f3quia do Jardim Primavera h\u00e1 pouco mais de dois anos, foi at\u00e9 a escola s\u00f3 para acompanhar o evento, mas acabou aproveitando pra fazer tr\u00eas servi\u00e7os. \u201cN\u00f3s ficamos meio distantes de tudo, ent\u00e3o foi muito bom ter esses servi\u00e7os no bairro, facilita muito a vida das pessoas. Eu vim s\u00f3 pra ver o evento, mas a\u00ed j\u00e1 fiz meu cart\u00e3o Pira Cidad\u00e3o, j\u00e1 tomei a vacina contra a gripe e vou em casa buscar minha cachorrinha pra vacinar agora.\u201d<\/p>\n<figure class=\"wp-block-image size-large\"><img data-recalc-dims=\"1\" loading=\"lazy\" decoding=\"async\" width=\"696\" height=\"464\" src=\"https:\/\/i0.wp.com\/piracicaba.sp.gov.br\/wp-content\/uploads\/2024\/05\/Amigos-Rafael-Deivid-pegaram-mudas-no-atendimento-da-Sema-pra-presentear-as-maes-1024x682.jpg?resize=696%2C464&#038;ssl=1\" alt=\"\" class=\"wp-image-78513\" srcset=\"https:\/\/piracicaba.sp.gov.br\/wp-content\/uploads\/2024\/05\/Amigos-Rafael-Deivid-pegaram-mudas-no-atendimento-da-Sema-pra-presentear-as-maes-1024x682.jpg 1024w, https:\/\/piracicaba.sp.gov.br\/wp-content\/uploads\/2024\/05\/Amigos-Rafael-Deivid-pegaram-mudas-no-atendimento-da-Sema-pra-presentear-as-maes-300x200.jpg 300w, https:\/\/piracicaba.sp.gov.br\/wp-content\/uploads\/2024\/05\/Amigos-Rafael-Deivid-pegaram-mudas-no-atendimento-da-Sema-pra-presentear-as-maes-768x512.jpg 768w, https:\/\/piracicaba.sp.gov.br\/wp-content\/uploads\/2024\/05\/Amigos-Rafael-Deivid-pegaram-mudas-no-atendimento-da-Sema-pra-presentear-as-maes-1536x1024.jpg 1536w, https:\/\/piracicaba.sp.gov.br\/wp-content\/uploads\/2024\/05\/Amigos-Rafael-Deivid-pegaram-mudas-no-atendimento-da-Sema-pra-presentear-as-maes.jpg 2000w\" sizes=\"auto, (max-width: 1024px) 100vw, 1024px\"\/><figcaption class=\"wp-element-caption\"><strong><em><sub>Amigos Rafael Deivid pegaram mudas no atendimento da Sema pra presentear as m\u00e3es<\/sub><\/em><\/strong><\/figcaption><\/figure>\n<p>No atendimento da Secretaria de Agricultura e Abastecimento, os amigos Rafael Augusto da Cruz, de 11 anos, Deivid Lucas, de 9 anos, aproveitaram a distribui\u00e7\u00e3o de mudas de hortali\u00e7as e pegaram duas pra dar de presente para as m\u00e3es deles. \u201cA gente mora aqui no bairro e viemos [na a\u00e7\u00e3o] com minha m\u00e3e. Vamos dar o presente pra elas\u201d, comentou Rafael.<\/p>\n<p>Karolaine Silva estava acompanhando a m\u00e3e no Pira nos Bairros e aproveitou para pegar tr\u00eas livros que estavam sendo doados na escola para levar para o sobrinho. \u201cEle l\u00ea cada livro gigante, tem 10 anos. Ele j\u00e1 leu tr\u00eas no m\u00eas passado e estou levando mais esses tr\u00eas\u201d, comentou orgulhosa. Ela tamb\u00e9m aproveitou o setor do Centro de Atendimento ao Trabalhador (CAT) para fazer o curr\u00edculo dela.<\/p>\n<figure class=\"wp-block-image size-large\"><img data-recalc-dims=\"1\" loading=\"lazy\" decoding=\"async\" width=\"696\" height=\"464\" src=\"https:\/\/i0.wp.com\/piracicaba.sp.gov.br\/wp-content\/uploads\/2024\/05\/Atendimento-do-CAT-com-formulacao-de-curriculos-para-moradores-1024x682.jpg?resize=696%2C464&#038;ssl=1\" alt=\"\" class=\"wp-image-78507\" srcset=\"https:\/\/piracicaba.sp.gov.br\/wp-content\/uploads\/2024\/05\/Atendimento-do-CAT-com-formulacao-de-curriculos-para-moradores-1024x682.jpg 1024w, https:\/\/piracicaba.sp.gov.br\/wp-content\/uploads\/2024\/05\/Atendimento-do-CAT-com-formulacao-de-curriculos-para-moradores-300x200.jpg 300w, https:\/\/piracicaba.sp.gov.br\/wp-content\/uploads\/2024\/05\/Atendimento-do-CAT-com-formulacao-de-curriculos-para-moradores-768x512.jpg 768w, https:\/\/piracicaba.sp.gov.br\/wp-content\/uploads\/2024\/05\/Atendimento-do-CAT-com-formulacao-de-curriculos-para-moradores-1536x1024.jpg 1536w, https:\/\/piracicaba.sp.gov.br\/wp-content\/uploads\/2024\/05\/Atendimento-do-CAT-com-formulacao-de-curriculos-para-moradores.jpg 2000w\" sizes=\"auto, (max-width: 1024px) 100vw, 1024px\"\/><figcaption class=\"wp-element-caption\"><strong><em><sub>Atendimento do CAT com formula\u00e7\u00e3o de curr\u00edculos para moradores<\/sub><\/em><\/strong><\/figcaption><\/figure>\n<\/div>\n<p><br \/>\n<br \/><a href=\"https:\/\/piracicaba.sp.gov.br\/noticias\/17o-pira-nos-bairros-realiza-quase-1-400-atendimentos-na-regiao-do-jardim-primavera\/\" rel=\"noopener\">Informa\u00e7\u00f5es PMP <\/a><\/p>\n","protected":false},"excerpt":{"rendered":"<p>O bairro Jardim Primavera e moradores da regi\u00e3o receberam no \u00faltimo s\u00e1bado, 04\/05, a 17\u00aa edi\u00e7\u00e3o do Pira nos Bairros, que aconteceu na Escola Municipal Professor Luis Claudio Alves. O programa realizou 1.399 atendimentos na escola, que tamb\u00e9m teve a entrega oficial da obra de manuten\u00e7\u00e3o e reforma feita na institui\u00e7\u00e3o. A a\u00e7\u00e3o \u00e9 organizada [&hellip;]<\/p>\n","protected":false},"author":1,"featured_media":3993,"comment_status":"open","ping_status":"open","sticky":false,"template":"","format":"standard","meta":{"_jetpack_newsletter_access":"","_jetpack_dont_email_post_to_subs":false,"_jetpack_newsletter_tier_id":0,"_jetpack_memberships_contains_paywalled_content":false,"_mbp_banners":[],"_jetpack_feature_clip_id":0,"_jetpack_memberships_contains_paid_content":false,"footnotes":"","jetpack_publicize_message":"","jetpack_publicize_feature_enabled":true,"jetpack_social_post_already_shared":true,"jetpack_social_options":{"image_generator_settings":{"template":"highway","default_image_id":0,"font":"","enabled":false},"version":2},"jetpack_post_was_ever_published":false},"categories":[20],"tags":[],"class_list":["post-3992","post","type-post","status-publish","format-standard","has-post-thumbnail","category-regiao"],"jetpack_publicize_connections":[],"jetpack-related-posts":[],"jetpack_shortlink":"https:\/\/wp.me\/p7Eq1F-12o","jetpack_sharing_enabled":true,"jetpack_featured_media_url":"https:\/\/i0.wp.com\/guialimeira.com.br\/news\/wp-content\/uploads\/2024\/05\/Prefeito-Luciano-Almeida-diretor-da-escola-Gregorio-Sanches-e-o-secretario-de-Educacao-Bruno-Roza-com-placa-da-reforma-da-EM-Luis-Claudio-Alves-1024x682.jpg?fit=1024%2C682&ssl=1","_links":{"self":[{"href":"https:\/\/guialimeira.com.br\/news\/wp-json\/wp\/v2\/posts\/3992","targetHints":{"allow":["GET"]}}],"collection":[{"href":"https:\/\/guialimeira.com.br\/news\/wp-json\/wp\/v2\/posts"}],"about":[{"href":"https:\/\/guialimeira.com.br\/news\/wp-json\/wp\/v2\/types\/post"}],"author":[{"embeddable":true,"href":"https:\/\/guialimeira.com.br\/news\/wp-json\/wp\/v2\/users\/1"}],"replies":[{"embeddable":true,"href":"https:\/\/guialimeira.com.br\/news\/wp-json\/wp\/v2\/comments?post=3992"}],"version-history":[{"count":0,"href":"https:\/\/guialimeira.com.br\/news\/wp-json\/wp\/v2\/posts\/3992\/revisions"}],"wp:featuredmedia":[{"embeddable":true,"href":"https:\/\/guialimeira.com.br\/news\/wp-json\/wp\/v2\/media\/3993"}],"wp:attachment":[{"href":"https:\/\/guialimeira.com.br\/news\/wp-json\/wp\/v2\/media?parent=3992"}],"wp:term":[{"taxonomy":"category","embeddable":true,"href":"https:\/\/guialimeira.com.br\/news\/wp-json\/wp\/v2\/categories?post=3992"},{"taxonomy":"post_tag","embeddable":true,"href":"https:\/\/guialimeira.com.br\/news\/wp-json\/wp\/v2\/tags?post=3992"}],"curies":[{"name":"wp","href":"https:\/\/api.w.org\/{rel}","templated":true}]}}