{"id":39884,"date":"2025-07-28T18:30:37","date_gmt":"2025-07-28T21:30:37","guid":{"rendered":"https:\/\/guialimeira.com.br\/?p=39884"},"modified":"2025-07-28T18:30:37","modified_gmt":"2025-07-28T21:30:37","slug":"saae-alerta-sobre-a-atual-situacao-hidrica-e-medidas-adotadas-para-garantir-o-abastecimento-prefeitura-municipal-de-cordeiropolis","status":"publish","type":"post","link":"https:\/\/guialimeira.com.br\/news\/saae-alerta-sobre-a-atual-situacao-hidrica-e-medidas-adotadas-para-garantir-o-abastecimento-prefeitura-municipal-de-cordeiropolis\/","title":{"rendered":"SAAE alerta sobre a atual situa\u00e7\u00e3o h\u00eddrica e medidas adotadas para garantir o abastecimento \u2013 Prefeitura Municipal de Cordeir\u00f3polis"},"content":{"rendered":"<p> <br \/>\n<\/p>\n<div>\n<p>O Servi\u00e7o Aut\u00f4nomo de \u00c1gua e Esgoto (SAAE) esclarece pontos sobre a atual situa\u00e7\u00e3o h\u00eddrica de Cordeir\u00f3polis. Na \u00faltima semana, decreto da prefeita Cristina Saad proibiu o uso de \u00e1gua pot\u00e1vel para lavar cal\u00e7adas e carros, por exemplo. O objetivo \u00e9 conscientizar para a utiliza\u00e7\u00e3o respons\u00e1vel da \u00e1gua e evitar a escassez nos pr\u00f3ximos meses de estiagem.<\/p>\n<p>Segundo o SAAE, Cordeir\u00f3polis conta hoje com tr\u00eas pontos principais de capta\u00e7\u00e3o de \u00e1gua: Santa Marina 1, Barro Preto e Cascalho. No final de 2023, a capta\u00e7\u00e3o em Ibicaba foi desativada, com a retirada da tubula\u00e7\u00e3o devido \u00e0 baixa viabilidade operacional. Al\u00e9m disso, o munic\u00edpio conta com uma reserva estrat\u00e9gica menor do que o divulgado anteriormente: s\u00e3o duas cavas de argila \u2013 e n\u00e3o tr\u00eas \u2013 sendo que uma delas pertence a Santa Gertrudes e j\u00e1 foi requisitada por outra concession\u00e1ria de saneamento.<\/p>\n<p><strong>Problemas estruturais<\/strong><\/p>\n<p>A atual administra\u00e7\u00e3o encontrou o sistema h\u00eddrico com diversos problemas estruturais. As quatro bombas de capta\u00e7\u00e3o m\u00f3vel foram entregues com defeitos, algumas, inclusive, com motor fundido, e mais de 3.000 metros de tubos de alum\u00ednio desapareceram entre 2019 e 2025. Al\u00e9m disso, foram herdadas d\u00edvidas com fornecedores, energia el\u00e9trica e com a ag\u00eancia reguladora ARES-PCJ, que est\u00e3o sendo regularizadas.<\/p>\n<p>\u201cO decreto de alerta h\u00eddrico publicado pela Prefeitura tem como objetivo conscientizar a popula\u00e7\u00e3o para evitar o racionamento. A medida \u00e9 preventiva e diferente do rod\u00edzio que vinha sendo adotado anteriormente. Agora, as paradas no abastecimento s\u00e3o planejadas, divulgadas e documentadas\u201d, explicou o presidente do SAAE, Marco Gomes da Silva.<\/p>\n<p><strong>Nova represa<\/strong><\/p>\n<p>Apesar de a nova represa de Santa Marina ter sido anunciada com capacidade de 1,5 bilh\u00e3o de litros, a atual gest\u00e3o do SAAE verificou que o volume real \u00e9 de aproximadamente 400 milh\u00f5es de litros \u2013 cerca de 30% da estimativa inicial, suficiente para atender apenas 45 dias do consumo atual do munic\u00edpio. Esses dados constam no estudo do projeto executivo da barragem, feito pela gest\u00e3o passada, \u00e0 \u00e9poca das obras.<\/p>\n<p>Segundo o presidente do SAAE, a comporta da represa foi entregue danificada e passar\u00e1 por manuten\u00e7\u00e3o em setembro, o que exigir\u00e1 o esvaziamento tempor\u00e1rio da represa.<\/p>\n<p>\u201cA \u00e1rea da represa foi encontrada sem manuten\u00e7\u00e3o, com vegeta\u00e7\u00e3o alta e danos \u00e0 mata ciliar. Desde ent\u00e3o, a prefeitura realizou a limpeza e o local est\u00e1 pronto para receber o replantio de mudas, conforme determina\u00e7\u00e3o da Cetesb\u201d, cita Silva.<\/p>\n<p><strong>Conv\u00eanio e novos loteamentos<\/strong><\/p>\n<p>De acordo com o presidente do SAAE, mesmo com o conv\u00eanio de R$ 5 milh\u00f5es para constru\u00e7\u00e3o da adutora e sistema de bombeamento, o munic\u00edpio recebeu os recursos sem projeto t\u00e9cnico nem autoriza\u00e7\u00f5es para in\u00edcio da obra. A atual gest\u00e3o est\u00e1 na fase final de elabora\u00e7\u00e3o do projeto para garantir o uso respons\u00e1vel dos recursos.<\/p>\n<p>Outro ponto de aten\u00e7\u00e3o identificado foi a libera\u00e7\u00e3o de 12 loteamentos em 2024 sem estrutura m\u00ednima de saneamento. \u201cIsso poderia comprometer o sistema de abastecimento, que j\u00e1 opera com 90% da capacidade\u201d, ressaltou Silva. \u201cEstamos reestruturando o SAAE com base t\u00e9cnica, responsabilidade fiscal e planejamento. Nosso foco \u00e9 garantir seguran\u00e7a h\u00eddrica, equil\u00edbrio financeiro e respeito \u00e0 popula\u00e7\u00e3o\u201d, completou.<\/p>\n<\/p><\/div>\n<p><br \/>\n<br \/><a href=\"https:\/\/www.cordeiropolis.sp.gov.br\/saae-alerta-sobre-a-atual-situacao-hidrica-e-medidas-adotadas-para-garantir-o-abastecimento\/\" rel=\"noopener\">Informa\u00e7\u00f5es Cordeir\u00f3polis <\/a><\/p>\n","protected":false},"excerpt":{"rendered":"<p>O Servi\u00e7o Aut\u00f4nomo de \u00c1gua e Esgoto (SAAE) esclarece pontos sobre a atual situa\u00e7\u00e3o h\u00eddrica de Cordeir\u00f3polis. Na \u00faltima semana, decreto da prefeita Cristina Saad proibiu o uso de \u00e1gua pot\u00e1vel para lavar cal\u00e7adas e carros, por exemplo. O objetivo \u00e9 conscientizar para a utiliza\u00e7\u00e3o respons\u00e1vel da \u00e1gua e evitar a escassez nos pr\u00f3ximos meses [&hellip;]<\/p>\n","protected":false},"author":1,"featured_media":0,"comment_status":"open","ping_status":"open","sticky":false,"template":"","format":"standard","meta":{"_jetpack_newsletter_access":"","_jetpack_dont_email_post_to_subs":false,"_jetpack_newsletter_tier_id":0,"_jetpack_memberships_contains_paywalled_content":false,"_mbp_banners":[],"_jetpack_feature_clip_id":0,"_jetpack_memberships_contains_paid_content":false,"footnotes":"","jetpack_publicize_message":"","jetpack_publicize_feature_enabled":true,"jetpack_social_post_already_shared":true,"jetpack_social_options":{"image_generator_settings":{"template":"highway","default_image_id":0,"font":"","enabled":false},"version":2},"jetpack_post_was_ever_published":false},"categories":[20],"tags":[],"class_list":["post-39884","post","type-post","status-publish","format-standard","category-regiao"],"jetpack_publicize_connections":[],"jetpack-related-posts":[],"jetpack_shortlink":"https:\/\/wp.me\/p7Eq1F-ani","jetpack_sharing_enabled":true,"jetpack_featured_media_url":"","_links":{"self":[{"href":"https:\/\/guialimeira.com.br\/news\/wp-json\/wp\/v2\/posts\/39884","targetHints":{"allow":["GET"]}}],"collection":[{"href":"https:\/\/guialimeira.com.br\/news\/wp-json\/wp\/v2\/posts"}],"about":[{"href":"https:\/\/guialimeira.com.br\/news\/wp-json\/wp\/v2\/types\/post"}],"author":[{"embeddable":true,"href":"https:\/\/guialimeira.com.br\/news\/wp-json\/wp\/v2\/users\/1"}],"replies":[{"embeddable":true,"href":"https:\/\/guialimeira.com.br\/news\/wp-json\/wp\/v2\/comments?post=39884"}],"version-history":[{"count":1,"href":"https:\/\/guialimeira.com.br\/news\/wp-json\/wp\/v2\/posts\/39884\/revisions"}],"predecessor-version":[{"id":39885,"href":"https:\/\/guialimeira.com.br\/news\/wp-json\/wp\/v2\/posts\/39884\/revisions\/39885"}],"wp:attachment":[{"href":"https:\/\/guialimeira.com.br\/news\/wp-json\/wp\/v2\/media?parent=39884"}],"wp:term":[{"taxonomy":"category","embeddable":true,"href":"https:\/\/guialimeira.com.br\/news\/wp-json\/wp\/v2\/categories?post=39884"},{"taxonomy":"post_tag","embeddable":true,"href":"https:\/\/guialimeira.com.br\/news\/wp-json\/wp\/v2\/tags?post=39884"}],"curies":[{"name":"wp","href":"https:\/\/api.w.org\/{rel}","templated":true}]}}