{"id":39871,"date":"2025-07-28T15:41:34","date_gmt":"2025-07-28T18:41:34","guid":{"rendered":"https:\/\/guialimeira.com.br\/?p=39871"},"modified":"2025-07-28T15:41:34","modified_gmt":"2025-07-28T18:41:34","slug":"vereadora-discute-implantacao-do-programa-estadual-de-educacao-ambiental-em-limeira-2","status":"publish","type":"post","link":"https:\/\/guialimeira.com.br\/news\/vereadora-discute-implantacao-do-programa-estadual-de-educacao-ambiental-em-limeira-2\/","title":{"rendered":"Vereadora discute implanta\u00e7\u00e3o do Programa Estadual de Educa\u00e7\u00e3o Ambiental em Limeira"},"content":{"rendered":"\n<figure class=\"wp-block-gallery has-nested-images columns-default is-cropped wp-block-gallery-1 is-layout-flex wp-block-gallery-is-layout-flex\"><\/figure>\n \r\n<br><img data-recalc-dims=\"1\" decoding=\"async\" src=\"https:\/\/i0.wp.com\/guialimeira.com.br\/wp-content\/uploads\/2025\/07\/Vereadora-discute-implantacao-do-Programa-Estadual-de-Educacao-Ambiental-em.jpg?w=696&#038;ssl=1\" \/><br><div>\n\t\t\t\t\t<p>A vereadora Bruna Magalh\u00e3es (PRTB) se reuniu na \u00faltima ter\u00e7a-feira, 22 de julho, com a secret\u00e1ria Estadual do Meio Ambiente, Nat\u00e1lia Resende, com objetivo de implementar o Programa Estadual de Educa\u00e7\u00e3o Ambiental (ProEEA) em Limeira, e demais programas do estado que venham a contribuir com a\u00e7\u00f5es que tratam do descarte correto dos res\u00edduos recicl\u00e1veis e n\u00e3o recicl\u00e1veis.\u00a0<\/p><p>Bruna explica que o ProEEA \u00e9 uma iniciativa, fruto de parceria entre a Secretaria de Meio Ambiente, Infraestrutura e Log\u00edstica (Semil) e a Secretaria da Educa\u00e7\u00e3o (Seduc). O programa, conforme a parlamentar, \u00e9 um instrumento que ir\u00e1 consolidar e articular a\u00e7\u00f5es de educa\u00e7\u00e3o ambiental em todo o territ\u00f3rio paulista, tanto nos ensinos formal e n\u00e3o formal quanto na gest\u00e3o p\u00fablica e nos diversos setores da sociedade.<\/p><p>\u201cAcreditamos que a educa\u00e7\u00e3o ambiental deve ser parte do cotidiano escolar e da cultura institucional. A educa\u00e7\u00e3o ambiental \u00e9 uma constru\u00e7\u00e3o coletiva e essencial para transformar nossa rela\u00e7\u00e3o com o meio ambiente e o desenvolvimento do munic\u00edpio. O envolvimento das escolas, dos munic\u00edpios e da sociedade civil ser\u00e1 decisivo para avan\u00e7armos na implementa\u00e7\u00e3o do programa em Limeira&#8221;, ressaltou Bruna.<\/p><p>De acordo com ela, a secret\u00e1ria Estadual do Meio Ambiente, ficou \u00e0 disposi\u00e7\u00e3o do munic\u00edpio para o ProEEA e demais programas do Estado, que tenham por objetivo o fortalecimento das a\u00e7\u00f5es de conscientiza\u00e7\u00e3o ambiental na cidade de Limeira.\u00a0<\/p><p><strong>O programa\u00a0\u00a0<\/strong><\/p><p>A parlamentar destacou que o ProEEA est\u00e1 estruturado em quatro eixos estrat\u00e9gicos: incorpora\u00e7\u00e3o da educa\u00e7\u00e3o ambiental no ensino formal; no ensino n\u00e3o formal; na gest\u00e3o p\u00fablica; e entre indiv\u00edduos, coletivos e setores da sociedade.\u00a0<\/p><p>\u201cAl\u00e9m de orientar a\u00e7\u00f5es e pol\u00edticas, o programa prev\u00ea mecanismos de monitoramento e avalia\u00e7\u00e3o, busca estimular a ci\u00eancia cidad\u00e3, capacitar educadores e promover maior integra\u00e7\u00e3o entre Estado, munic\u00edpios e sociedade na pauta ambiental\u201d, refor\u00e7ou Bruna.<\/p><p><i>Do Gabinete Parlamentar &#8211; Vereadora Bruna Magalh\u00e3es (PRTB)<\/i><\/p><p><i>*Fotos do Gabinete parlamentar<\/i><\/p><p><strong>As mat\u00e9rias de origem dos Gabinetes Parlamentares s\u00e3o de inteira\u00a0 responsabilidade dos parlamentares e de suas assessorias. S\u00e3o devidamente assinadas e n\u00e3o refletem, necessariamente, a opini\u00e3o institucional da C\u00e2mara Municipal de Limeira.<\/strong><\/p>\t\t\t\t<\/div>\r\n<br>\r\n<br><a href=\"https:\/\/www.limeira.sp.leg.br\/noticias\/view\/2025-07-28_vereadora-discute-implantacao-do-programa-estadual-de-educacao-ambiental-em-limeira\" rel=\"noopener\">Informa\u00e7\u00f5es CML <\/a>","protected":false},"excerpt":{"rendered":"<p>A vereadora Bruna Magalh\u00e3es (PRTB) se reuniu na \u00faltima ter\u00e7a-feira, 22 de julho, com a secret\u00e1ria Estadual do Meio Ambiente, Nat\u00e1lia Resende, com objetivo de implementar o Programa Estadual de Educa\u00e7\u00e3o Ambiental (ProEEA) em Limeira, e demais programas do estado que venham a contribuir com a\u00e7\u00f5es que tratam do descarte correto dos res\u00edduos recicl\u00e1veis e [&hellip;]<\/p>\n","protected":false},"author":1,"featured_media":39870,"comment_status":"open","ping_status":"open","sticky":false,"template":"","format":"standard","meta":{"_jetpack_newsletter_access":"","_jetpack_dont_email_post_to_subs":false,"_jetpack_newsletter_tier_id":0,"_jetpack_memberships_contains_paywalled_content":false,"_mbp_banners":[],"_jetpack_feature_clip_id":0,"_jetpack_memberships_contains_paid_content":false,"footnotes":"","jetpack_publicize_message":"","jetpack_publicize_feature_enabled":true,"jetpack_social_post_already_shared":true,"jetpack_social_options":{"image_generator_settings":{"template":"highway","default_image_id":0,"font":"","enabled":false},"version":2},"jetpack_post_was_ever_published":false},"categories":[19],"tags":[],"class_list":["post-39871","post","type-post","status-publish","format-standard","has-post-thumbnail","category-politica"],"jetpack_publicize_connections":[],"jetpack-related-posts":[],"jetpack_shortlink":"https:\/\/wp.me\/p7Eq1F-an5","jetpack_sharing_enabled":true,"jetpack_featured_media_url":"https:\/\/i0.wp.com\/guialimeira.com.br\/news\/wp-content\/uploads\/2025\/07\/Vereadora-discute-implantacao-do-Programa-Estadual-de-Educacao-Ambiental-em.jpg?fit=1280%2C640&ssl=1","_links":{"self":[{"href":"https:\/\/guialimeira.com.br\/news\/wp-json\/wp\/v2\/posts\/39871","targetHints":{"allow":["GET"]}}],"collection":[{"href":"https:\/\/guialimeira.com.br\/news\/wp-json\/wp\/v2\/posts"}],"about":[{"href":"https:\/\/guialimeira.com.br\/news\/wp-json\/wp\/v2\/types\/post"}],"author":[{"embeddable":true,"href":"https:\/\/guialimeira.com.br\/news\/wp-json\/wp\/v2\/users\/1"}],"replies":[{"embeddable":true,"href":"https:\/\/guialimeira.com.br\/news\/wp-json\/wp\/v2\/comments?post=39871"}],"version-history":[{"count":1,"href":"https:\/\/guialimeira.com.br\/news\/wp-json\/wp\/v2\/posts\/39871\/revisions"}],"predecessor-version":[{"id":39872,"href":"https:\/\/guialimeira.com.br\/news\/wp-json\/wp\/v2\/posts\/39871\/revisions\/39872"}],"wp:featuredmedia":[{"embeddable":true,"href":"https:\/\/guialimeira.com.br\/news\/wp-json\/wp\/v2\/media\/39870"}],"wp:attachment":[{"href":"https:\/\/guialimeira.com.br\/news\/wp-json\/wp\/v2\/media?parent=39871"}],"wp:term":[{"taxonomy":"category","embeddable":true,"href":"https:\/\/guialimeira.com.br\/news\/wp-json\/wp\/v2\/categories?post=39871"},{"taxonomy":"post_tag","embeddable":true,"href":"https:\/\/guialimeira.com.br\/news\/wp-json\/wp\/v2\/tags?post=39871"}],"curies":[{"name":"wp","href":"https:\/\/api.w.org\/{rel}","templated":true}]}}