{"id":39867,"date":"2025-07-28T15:27:34","date_gmt":"2025-07-28T18:27:34","guid":{"rendered":"https:\/\/guialimeira.com.br\/?p=39867"},"modified":"2025-07-28T15:27:34","modified_gmt":"2025-07-28T18:27:34","slug":"defesa-civil-de-cordeiropolis-intensifica-campanha-contra-queimadas-prefeitura-municipal-de-cordeiropolis","status":"publish","type":"post","link":"https:\/\/guialimeira.com.br\/news\/defesa-civil-de-cordeiropolis-intensifica-campanha-contra-queimadas-prefeitura-municipal-de-cordeiropolis\/","title":{"rendered":"Defesa Civil de Cordeir\u00f3polis intensifica campanha contra queimadas \u2013 Prefeitura Municipal de Cordeir\u00f3polis"},"content":{"rendered":"<p> <br \/>\n<\/p>\n<div>\n<p>A Defesa Civil de Cordeir\u00f3polis intensificou as a\u00e7\u00f5es de conscientiza\u00e7\u00e3o ambiental com o objetivo de prevenir queimadas e minimizar os impactos do per\u00edodo de estiagem. Como parte da campanha, faixas com mensagens educativas foram instaladas em diversos pontos da cidade, alertando sobre os riscos e preju\u00edzos causados pelo fogo em \u00e1reas urbanas e rurais.<\/p>\n<p>Al\u00e9m das faixas, os agentes da Defesa Civil distribuem panfletos com orienta\u00e7\u00f5es sobre cuidados necess\u00e1rios durante a estiagem, per\u00edodo em que a vegeta\u00e7\u00e3o seca e o clima favorecem o alastramento de inc\u00eandios. Segundo o \u00f3rg\u00e3o, a participa\u00e7\u00e3o da popula\u00e7\u00e3o \u00e9 fundamental para preservar o meio ambiente, a sa\u00fade e a seguran\u00e7a de todos.<\/p>\n<p>\u201c\u00c9 essencial evitar qualquer pr\u00e1tica que possa provocar fogo, como queimadas em terrenos baldios, soltura de bal\u00f5es, realiza\u00e7\u00e3o de fogueiras e descarte irregular de materiais inflam\u00e1veis\u201d, explica a coordenadora da Defesa Civil, Alessandra Cantrella.<\/p>\n<p>Outro trabalho realizado pelo \u00f3rg\u00e3o \u00e9 a visita em empresas de materiais recicl\u00e1veis para orienta\u00e7\u00e3o, uma vez que s\u00e3o locais de alto risco de inc\u00eandio tamb\u00e9m. Esse trabalho tem parceria tamb\u00e9m com as secretarias de Meio Ambiente e de Justi\u00e7a e Cidadania.<\/p>\n<p>Em caso de princ\u00edpio de inc\u00eandio, a orienta\u00e7\u00e3o \u00e9 para que a popula\u00e7\u00e3o entre em contato imediatamente com os canais de emerg\u00eancia: 199 (Defesa Civil), 193 (Corpo de Bombeiros), 190 (Pol\u00edcia Militar) e 153 (Guarda Municipal).<\/p>\n<figure class=\"wp-block-gallery has-nested-images columns-default is-cropped wp-block-gallery-1 is-layout-flex wp-block-gallery-is-layout-flex\">\n<figure class=\"wp-block-image size-large\"><\/figure>\n<figure class=\"wp-block-image size-large\"><img data-recalc-dims=\"1\" decoding=\"async\" loading=\"lazy\" width=\"696\" height=\"694\" data-id=\"30875\" src=\"https:\/\/i0.wp.com\/guialimeira.com.br\/wp-content\/uploads\/2025\/07\/1753727253_783_Defesa-Civil-de-Cordeiropolis-intensifica-campanha-contra-queimadas-%E2%80%93-Prefeitura.jpeg?resize=696%2C694&#038;ssl=1\" alt=\"\" class=\"wp-image-30875\" \/><\/figure>\n<figure class=\"wp-block-image size-large\"><img data-recalc-dims=\"1\" decoding=\"async\" data-attachment-id=\"30874\" data-permalink=\"https:\/\/guialimeira.com.br\/news\/selo-cidade-verde-do-mundo-sp-lidera-com-13-das-34-cidades-reconhecidas-pela-onu\/selo-cidade-verde-do-mundo-sp-lidera-com-13-das\/\" data-orig-file=\"https:\/\/i0.wp.com\/guialimeira.com.br\/news\/wp-content\/uploads\/2025\/04\/Selo-Cidade-Verde-do-Mundo-SP-lidera-com-13-das.jpg?fit=1024%2C576&amp;ssl=1\" data-orig-size=\"1024,576\" data-comments-opened=\"1\" data-image-meta=\"{&quot;aperture&quot;:&quot;0&quot;,&quot;credit&quot;:&quot;&quot;,&quot;camera&quot;:&quot;&quot;,&quot;caption&quot;:&quot;&quot;,&quot;created_timestamp&quot;:&quot;0&quot;,&quot;copyright&quot;:&quot;&quot;,&quot;focal_length&quot;:&quot;0&quot;,&quot;iso&quot;:&quot;0&quot;,&quot;shutter_speed&quot;:&quot;0&quot;,&quot;title&quot;:&quot;&quot;,&quot;orientation&quot;:&quot;0&quot;}\" data-image-title=\"Selo Cidade Verde do Mundo: SP lidera com 13 das\" data-image-description=\"\" data-image-caption=\"\" data-large-file=\"https:\/\/i0.wp.com\/guialimeira.com.br\/news\/wp-content\/uploads\/2025\/04\/Selo-Cidade-Verde-do-Mundo-SP-lidera-com-13-das.jpg?fit=696%2C392&amp;ssl=1\" loading=\"lazy\" width=\"696\" height=\"524\" data-id=\"30874\" src=\"https:\/\/i0.wp.com\/guialimeira.com.br\/wp-content\/uploads\/2025\/07\/1753727253_83_Defesa-Civil-de-Cordeiropolis-intensifica-campanha-contra-queimadas-%E2%80%93-Prefeitura.jpeg?resize=696%2C524&#038;ssl=1\" alt=\"\" class=\"wp-image-30874\" \/><\/figure>\n<figure class=\"wp-block-image size-large\"><img data-recalc-dims=\"1\" decoding=\"async\" loading=\"lazy\" width=\"696\" height=\"524\" data-id=\"30873\" src=\"https:\/\/i0.wp.com\/guialimeira.com.br\/wp-content\/uploads\/2025\/07\/1753727253_955_Defesa-Civil-de-Cordeiropolis-intensifica-campanha-contra-queimadas-%E2%80%93-Prefeitura.jpeg?resize=696%2C524&#038;ssl=1\" alt=\"\" class=\"wp-image-30873\" \/><\/figure>\n<\/figure><\/div>\n<p><br \/>\n<br \/><a href=\"https:\/\/www.cordeiropolis.sp.gov.br\/defesa-civil-de-cordeiropolis-intensifica-campanha-contra-queimadas\/\" rel=\"noopener\">Informa\u00e7\u00f5es Cordeir\u00f3polis <\/a><\/p>\n","protected":false},"excerpt":{"rendered":"<p>A Defesa Civil de Cordeir\u00f3polis intensificou as a\u00e7\u00f5es de conscientiza\u00e7\u00e3o ambiental com o objetivo de prevenir queimadas e minimizar os impactos do per\u00edodo de estiagem. Como parte da campanha, faixas com mensagens educativas foram instaladas em diversos pontos da cidade, alertando sobre os riscos e preju\u00edzos causados pelo fogo em \u00e1reas urbanas e rurais. Al\u00e9m [&hellip;]<\/p>\n","protected":false},"author":1,"featured_media":39868,"comment_status":"open","ping_status":"open","sticky":false,"template":"","format":"standard","meta":{"_jetpack_newsletter_access":"","_jetpack_dont_email_post_to_subs":false,"_jetpack_newsletter_tier_id":0,"_jetpack_memberships_contains_paywalled_content":false,"_mbp_banners":[],"_jetpack_feature_clip_id":0,"_jetpack_memberships_contains_paid_content":false,"footnotes":"","jetpack_publicize_message":"","jetpack_publicize_feature_enabled":true,"jetpack_social_post_already_shared":true,"jetpack_social_options":{"image_generator_settings":{"template":"highway","default_image_id":0,"font":"","enabled":false},"version":2},"jetpack_post_was_ever_published":false},"categories":[20],"tags":[],"class_list":["post-39867","post","type-post","status-publish","format-standard","has-post-thumbnail","category-regiao"],"jetpack_publicize_connections":[],"jetpack-related-posts":[],"jetpack_shortlink":"https:\/\/wp.me\/p7Eq1F-an1","jetpack_sharing_enabled":true,"jetpack_featured_media_url":"https:\/\/i0.wp.com\/guialimeira.com.br\/news\/wp-content\/uploads\/2025\/07\/Defesa-Civil-de-Cordeiropolis-intensifica-campanha-contra-queimadas-%E2%80%93-Prefeitura.jpeg?fit=1024%2C771&ssl=1","_links":{"self":[{"href":"https:\/\/guialimeira.com.br\/news\/wp-json\/wp\/v2\/posts\/39867","targetHints":{"allow":["GET"]}}],"collection":[{"href":"https:\/\/guialimeira.com.br\/news\/wp-json\/wp\/v2\/posts"}],"about":[{"href":"https:\/\/guialimeira.com.br\/news\/wp-json\/wp\/v2\/types\/post"}],"author":[{"embeddable":true,"href":"https:\/\/guialimeira.com.br\/news\/wp-json\/wp\/v2\/users\/1"}],"replies":[{"embeddable":true,"href":"https:\/\/guialimeira.com.br\/news\/wp-json\/wp\/v2\/comments?post=39867"}],"version-history":[{"count":1,"href":"https:\/\/guialimeira.com.br\/news\/wp-json\/wp\/v2\/posts\/39867\/revisions"}],"predecessor-version":[{"id":39869,"href":"https:\/\/guialimeira.com.br\/news\/wp-json\/wp\/v2\/posts\/39867\/revisions\/39869"}],"wp:featuredmedia":[{"embeddable":true,"href":"https:\/\/guialimeira.com.br\/news\/wp-json\/wp\/v2\/media\/39868"}],"wp:attachment":[{"href":"https:\/\/guialimeira.com.br\/news\/wp-json\/wp\/v2\/media?parent=39867"}],"wp:term":[{"taxonomy":"category","embeddable":true,"href":"https:\/\/guialimeira.com.br\/news\/wp-json\/wp\/v2\/categories?post=39867"},{"taxonomy":"post_tag","embeddable":true,"href":"https:\/\/guialimeira.com.br\/news\/wp-json\/wp\/v2\/tags?post=39867"}],"curies":[{"name":"wp","href":"https:\/\/api.w.org\/{rel}","templated":true}]}}