{"id":39862,"date":"2025-07-28T14:40:35","date_gmt":"2025-07-28T17:40:35","guid":{"rendered":"https:\/\/guialimeira.com.br\/?p=39862"},"modified":"2025-07-28T14:40:35","modified_gmt":"2025-07-28T17:40:35","slug":"lei-do-alzheimer-dr-marcelo-rossi-inicia-ciclo-de-palestras-do-2o-semestre-2","status":"publish","type":"post","link":"https:\/\/guialimeira.com.br\/news\/lei-do-alzheimer-dr-marcelo-rossi-inicia-ciclo-de-palestras-do-2o-semestre-2\/","title":{"rendered":"Lei do Alzheimer: Dr. Marcelo Rossi inicia ciclo de palestras do 2\u00ba semestre"},"content":{"rendered":"\n<figure class=\"wp-block-gallery has-nested-images columns-default is-cropped wp-block-gallery-1 is-layout-flex wp-block-gallery-is-layout-flex\"><\/figure>\n \r\n<br><img data-recalc-dims=\"1\" decoding=\"async\" src=\"https:\/\/i0.wp.com\/guialimeira.com.br\/wp-content\/uploads\/2025\/07\/Lei-do-Alzheimer-Dr-Marcelo-Rossi-inicia-ciclo-de-palestras.jpg?w=696&#038;ssl=1\" \/><br><div>\n\t\t\t\t\t<p>O vereador Dr. Marcelo Rossi (MDB), autor da <a href=\"https:\/\/legislacao.limeira.sp.leg.br\/Limeira-SP\/LeisOrdinarias\/5833-2017\" rel=\"noopener\">Lei do Alzheimer N\u00ba 5.833\/2017<\/a>, iniciou neste domingo, 28 de julho,\u00a0 o ciclo de palestras do segundo semestre de 2025. Desta vez, a conscientiza\u00e7\u00e3o sobre a doen\u00e7a foi levada aos frequentadores da Igreja Metodista Central.<\/p><p>\u201cEm nome do pastor Andr\u00e9 No\u00e9, agrade\u00e7o pelo convite e pela oportunidade de expandirmos informa\u00e7\u00f5es que podem fazer a diferen\u00e7a na vida das pessoas no presente e no futuro\u201d, destacou o parlamentar.\u00a0<\/p><p>Alguns dos temas abordados foram: os alertas sobre os sintomas, incluindo a diferen\u00e7a entre esquecimentos rotineiros e sinais de comportamento que podem sugerir a dem\u00eancia; formas de preven\u00e7\u00e3o; como atividades f\u00edsicas e intelectuais, alimenta\u00e7\u00e3o e socializa\u00e7\u00e3o; controle da progress\u00e3o e recomenda\u00e7\u00f5es aos cuidadores. O vereador, que tamb\u00e9m \u00e9 m\u00e9dico geriatra, elucidou ainda mitos acerca da doen\u00e7a de Alzheimer e aproveitou o encontro para dar dicas de envelhecimento saud\u00e1vel e preven\u00e7\u00e3o de quedas, incluindo o fim do preconceito com o uso da bengala.<\/p><p>Segundo o parlamentar, no primeiro semestre, as atividades do mandato alcan\u00e7aram mais de 500 pessoas, com 13 palestras em grupos de terceira idade. No outro extremo da pir\u00e2mide demogr\u00e1fica, envolveu os jovens com a mesma tem\u00e1tica &#8211; o <a href=\"https:\/\/legislacao.limeira.sp.leg.br\/Limeira-SP\/LeisOrdinarias\/6470-2020\" rel=\"noopener\">Projeto Idoso Por Um Minuto Lei N\u00b06.470\/2020<\/a>.<\/p><p><i>Do Gabinete Parlamentar \u2013 Vereador\u00a0 Dr. Marcelo Rossi (MDB)<\/i><\/p><p><i>*Fotos do Gabinete parlamentar<\/i><\/p><p><strong>As mat\u00e9rias de origem dos Gabinetes Parlamentares s\u00e3o de inteira\u00a0 responsabilidade dos parlamentares e de suas assessorias. S\u00e3o devidamente assinadas e n\u00e3o refletem, necessariamente, a opini\u00e3o institucional da C\u00e2mara Municipal de Limeira.<\/strong><\/p><p>\u00a0<\/p>\t\t\t\t<\/div>\r\n<br>\r\n<br><a href=\"https:\/\/www.limeira.sp.leg.br\/noticias\/view\/2025-07-28_lei-do-alzheimer-dr-marcelo-rossi-inicia-ciclo-de-palestras-do-2-semestre\" rel=\"noopener\">Informa\u00e7\u00f5es CML <\/a>","protected":false},"excerpt":{"rendered":"<p>O vereador Dr. Marcelo Rossi (MDB), autor da Lei do Alzheimer N\u00ba 5.833\/2017, iniciou neste domingo, 28 de julho,\u00a0 o ciclo de palestras do segundo semestre de 2025. Desta vez, a conscientiza\u00e7\u00e3o sobre a doen\u00e7a foi levada aos frequentadores da Igreja Metodista Central. \u201cEm nome do pastor Andr\u00e9 No\u00e9, agrade\u00e7o pelo convite e pela oportunidade [&hellip;]<\/p>\n","protected":false},"author":1,"featured_media":39861,"comment_status":"open","ping_status":"open","sticky":false,"template":"","format":"standard","meta":{"_jetpack_newsletter_access":"","_jetpack_dont_email_post_to_subs":false,"_jetpack_newsletter_tier_id":0,"_jetpack_memberships_contains_paywalled_content":false,"_mbp_banners":[],"_jetpack_feature_clip_id":0,"_jetpack_memberships_contains_paid_content":false,"footnotes":"","jetpack_publicize_message":"","jetpack_publicize_feature_enabled":true,"jetpack_social_post_already_shared":true,"jetpack_social_options":{"image_generator_settings":{"template":"highway","default_image_id":0,"font":"","enabled":false},"version":2},"jetpack_post_was_ever_published":false},"categories":[19],"tags":[],"class_list":["post-39862","post","type-post","status-publish","format-standard","has-post-thumbnail","category-politica"],"jetpack_publicize_connections":[],"jetpack-related-posts":[],"jetpack_shortlink":"https:\/\/wp.me\/p7Eq1F-amW","jetpack_sharing_enabled":true,"jetpack_featured_media_url":"https:\/\/i0.wp.com\/guialimeira.com.br\/news\/wp-content\/uploads\/2025\/07\/Lei-do-Alzheimer-Dr-Marcelo-Rossi-inicia-ciclo-de-palestras.jpg?fit=1280%2C640&ssl=1","_links":{"self":[{"href":"https:\/\/guialimeira.com.br\/news\/wp-json\/wp\/v2\/posts\/39862","targetHints":{"allow":["GET"]}}],"collection":[{"href":"https:\/\/guialimeira.com.br\/news\/wp-json\/wp\/v2\/posts"}],"about":[{"href":"https:\/\/guialimeira.com.br\/news\/wp-json\/wp\/v2\/types\/post"}],"author":[{"embeddable":true,"href":"https:\/\/guialimeira.com.br\/news\/wp-json\/wp\/v2\/users\/1"}],"replies":[{"embeddable":true,"href":"https:\/\/guialimeira.com.br\/news\/wp-json\/wp\/v2\/comments?post=39862"}],"version-history":[{"count":1,"href":"https:\/\/guialimeira.com.br\/news\/wp-json\/wp\/v2\/posts\/39862\/revisions"}],"predecessor-version":[{"id":39863,"href":"https:\/\/guialimeira.com.br\/news\/wp-json\/wp\/v2\/posts\/39862\/revisions\/39863"}],"wp:featuredmedia":[{"embeddable":true,"href":"https:\/\/guialimeira.com.br\/news\/wp-json\/wp\/v2\/media\/39861"}],"wp:attachment":[{"href":"https:\/\/guialimeira.com.br\/news\/wp-json\/wp\/v2\/media?parent=39862"}],"wp:term":[{"taxonomy":"category","embeddable":true,"href":"https:\/\/guialimeira.com.br\/news\/wp-json\/wp\/v2\/categories?post=39862"},{"taxonomy":"post_tag","embeddable":true,"href":"https:\/\/guialimeira.com.br\/news\/wp-json\/wp\/v2\/tags?post=39862"}],"curies":[{"name":"wp","href":"https:\/\/api.w.org\/{rel}","templated":true}]}}