{"id":3982,"date":"2024-05-06T23:25:47","date_gmt":"2024-05-07T02:25:47","guid":{"rendered":"https:\/\/guialimeira.com.br\/2024\/05\/06\/tradicional-desfile-das-rainhas-foi-realizado-no-sabado-04-05-portal-do-municipio-de-piracicaba\/"},"modified":"2024-05-06T23:25:47","modified_gmt":"2024-05-07T02:25:47","slug":"tradicional-desfile-das-rainhas-foi-realizado-no-sabado-04-05-portal-do-municipio-de-piracicaba","status":"publish","type":"post","link":"https:\/\/guialimeira.com.br\/news\/tradicional-desfile-das-rainhas-foi-realizado-no-sabado-04-05-portal-do-municipio-de-piracicaba\/","title":{"rendered":"tradicional desfile das Rainhas foi realizado no s\u00e1bado, 04\/05 \u2013 Portal do Munic\u00edpio de Piracicaba"},"content":{"rendered":"<p> <br \/>\n<\/p>\n<div>\n<figure class=\"wp-block-image size-large\"><img data-recalc-dims=\"1\" fetchpriority=\"high\" decoding=\"async\" width=\"696\" height=\"464\" src=\"https:\/\/i0.wp.com\/piracicaba.sp.gov.br\/wp-content\/uploads\/2024\/05\/Acompanharam-o-desfile-a-secretaria-de-Governo-Tassia-Espego-a-presidente-do-Fussp-Andrea-Almeida-e-o-presidente-da-Fenapi-Fabio-Sanches-1024x682.jpg?resize=696%2C464&#038;ssl=1\" alt=\"\" class=\"wp-image-78522\" srcset=\"https:\/\/piracicaba.sp.gov.br\/wp-content\/uploads\/2024\/05\/Acompanharam-o-desfile-a-secretaria-de-Governo-Tassia-Espego-a-presidente-do-Fussp-Andrea-Almeida-e-o-presidente-da-Fenapi-Fabio-Sanches-1024x682.jpg 1024w, https:\/\/piracicaba.sp.gov.br\/wp-content\/uploads\/2024\/05\/Acompanharam-o-desfile-a-secretaria-de-Governo-Tassia-Espego-a-presidente-do-Fussp-Andrea-Almeida-e-o-presidente-da-Fenapi-Fabio-Sanches-300x200.jpg 300w, https:\/\/piracicaba.sp.gov.br\/wp-content\/uploads\/2024\/05\/Acompanharam-o-desfile-a-secretaria-de-Governo-Tassia-Espego-a-presidente-do-Fussp-Andrea-Almeida-e-o-presidente-da-Fenapi-Fabio-Sanches-768x512.jpg 768w, https:\/\/piracicaba.sp.gov.br\/wp-content\/uploads\/2024\/05\/Acompanharam-o-desfile-a-secretaria-de-Governo-Tassia-Espego-a-presidente-do-Fussp-Andrea-Almeida-e-o-presidente-da-Fenapi-Fabio-Sanches-1536x1024.jpg 1536w, https:\/\/piracicaba.sp.gov.br\/wp-content\/uploads\/2024\/05\/Acompanharam-o-desfile-a-secretaria-de-Governo-Tassia-Espego-a-presidente-do-Fussp-Andrea-Almeida-e-o-presidente-da-Fenapi-Fabio-Sanches.jpg 2000w\" sizes=\"(max-width: 1024px) 100vw, 1024px\"\/><figcaption class=\"wp-element-caption\"><strong><em><sub>Acompanharam o desfile a secret\u00e1ria de Governo, T\u00e1ssia Espego, a presidente do Fussp, Andr\u00e9a Almeida, e o presidente da Fenapi, Fabio Sanches<\/sub><\/em><\/strong><\/figcaption><\/figure>\n<p>O \u00faltimo s\u00e1bado, 04\/05, foi marcado pela graciosidade e entusiasmo das Rainhas da 39\u00aa Festa das Na\u00e7\u00f5es, que realizaram o tradicional desfile, divulgando e promovendo o evento nas principais ruas e avenidas da cidade, a bordo do Trenzinho Tur\u00edstico. O trajeto percorreu diversos bairros, convidando para a festa, que acontece de 15 a 19 de maio, no Engenho Central.<\/p>\n<p>Acompanharam tamb\u00e9m o desfile a presidente do Fundo Social de Solidariedade (Fussp), Andr\u00e9a Almeida; a secret\u00e1ria de Governo, T\u00e1ssia Espego; e o presidente da Fenapi (Associa\u00e7\u00e3o Cultural Festa das Na\u00e7\u00f5es), Fabio do Amaral Sanches.<\/p>\n<figure class=\"wp-block-image size-large is-resized\"><img data-recalc-dims=\"1\" loading=\"lazy\" decoding=\"async\" width=\"696\" height=\"464\" src=\"https:\/\/i0.wp.com\/piracicaba.sp.gov.br\/wp-content\/uploads\/2024\/05\/A-bordo-do-Trenzinho-Turistico-as-Rainhas-passaram-por-diversos-bairros-da-cidade-para-promover-a-festa-1024x682.jpg?resize=696%2C464&#038;ssl=1\" alt=\"\" class=\"wp-image-78521\" style=\"width:840px;height:auto\" srcset=\"https:\/\/piracicaba.sp.gov.br\/wp-content\/uploads\/2024\/05\/A-bordo-do-Trenzinho-Turistico-as-Rainhas-passaram-por-diversos-bairros-da-cidade-para-promover-a-festa-1024x682.jpg 1024w, https:\/\/piracicaba.sp.gov.br\/wp-content\/uploads\/2024\/05\/A-bordo-do-Trenzinho-Turistico-as-Rainhas-passaram-por-diversos-bairros-da-cidade-para-promover-a-festa-300x200.jpg 300w, https:\/\/piracicaba.sp.gov.br\/wp-content\/uploads\/2024\/05\/A-bordo-do-Trenzinho-Turistico-as-Rainhas-passaram-por-diversos-bairros-da-cidade-para-promover-a-festa-768x512.jpg 768w, https:\/\/piracicaba.sp.gov.br\/wp-content\/uploads\/2024\/05\/A-bordo-do-Trenzinho-Turistico-as-Rainhas-passaram-por-diversos-bairros-da-cidade-para-promover-a-festa-1536x1024.jpg 1536w, https:\/\/piracicaba.sp.gov.br\/wp-content\/uploads\/2024\/05\/A-bordo-do-Trenzinho-Turistico-as-Rainhas-passaram-por-diversos-bairros-da-cidade-para-promover-a-festa.jpg 2000w\" sizes=\"auto, (max-width: 1024px) 100vw, 1024px\"\/><figcaption class=\"wp-element-caption\"><strong><em><sub>A bordo do Trenzinho Tur\u00edstico, as Rainhas passaram por diversos bairros da cidade, para promover a festa<\/sub><\/em><\/strong><\/figcaption><\/figure>\n<p>O itiner\u00e1rio teve sa\u00edda, \u00e0s 10h, e retorno na Casa do Artes\u00e3o e passou pelos bairros Paulista, Pauliceia, Centro, Vila Rezende, Alem\u00e3es, Vila Independ\u00eancia, Morumbi, Jardim Petr\u00f3polis e Piracicamirim.<\/p>\n<p>\u201cO desfile \u00e9 sempre muito aguardado, porque lembra que a Festa das Na\u00e7\u00f5es j\u00e1 est\u00e1 pr\u00f3xima de come\u00e7ar e tamb\u00e9m porque \u00e9 um momento de muita alegria. O desfile tamb\u00e9m mostra todo o empenho das Rainhas, que trabalham incansavelmente antes e durante a festa, voluntariamente. Por isso, deixo aqui o convite a toda a popula\u00e7\u00e3o que prestigie a festa, participe, aproveite esses cinco dias de celebra\u00e7\u00e3o da solidariedade, cultura e gastronomia\u201d, comentou Andr\u00e9a Almeida.<\/p>\n<p>A presidente do Fussp lembrou ainda que a campanha para quem deseja trabalhar como volunt\u00e1rio na Festa das Na\u00e7\u00f5es segue at\u00e9 a quarta-feira, dia 8. \u201cOs restaurantes precisam de volunt\u00e1rios, contam com esse aux\u00edlio durante os cinco dias de evento. Portanto, quem tem vontade de realizar um trabalho volunt\u00e1rio, pode aproveitar a festa para exercer essa a\u00e7\u00e3o\u201d, disse. As inscri\u00e7\u00f5es podem ser feitas pelo site\u00a0<a href=\"http:\/\/pira.sp.gov.br\/festadasnacoes\" target=\"_blank\" rel=\"noreferrer noopener\"><u>pira.sp.gov.br\/festadasnacoes<\/u><\/a>.<\/p>\n<p>\u201cCostumo sempre dizer que a Festa das Na\u00e7\u00f5es cria uma atmosfera diferente na cidade inteira. \u00c9 um evento que tem uma identidade piracicabana muito forte e isso \u00e9 admir\u00e1vel, \u00e9 bonito de ver e de sentir, e isso ficou percept\u00edvel durante o desfile. N\u00e3o tenho d\u00favida que a 39\u00aa edi\u00e7\u00e3o ser\u00e1 mais uma vez um grande sucesso\u201d, destacou T\u00e1ssia Espego.<\/p>\n<figure class=\"wp-block-image size-large\"><img data-recalc-dims=\"1\" loading=\"lazy\" decoding=\"async\" width=\"696\" height=\"464\" src=\"https:\/\/i0.wp.com\/piracicaba.sp.gov.br\/wp-content\/uploads\/2024\/05\/O-itinerario-passou-pelos-bairros-Paulista-Pauliceia-Centro-Vila-Rezende-Alemaes-Vila-Independencia-Morumbi-e-Piracicamirim-1024x682.jpg?resize=696%2C464&#038;ssl=1\" alt=\"\" class=\"wp-image-78524\" srcset=\"https:\/\/piracicaba.sp.gov.br\/wp-content\/uploads\/2024\/05\/O-itinerario-passou-pelos-bairros-Paulista-Pauliceia-Centro-Vila-Rezende-Alemaes-Vila-Independencia-Morumbi-e-Piracicamirim-1024x682.jpg 1024w, https:\/\/piracicaba.sp.gov.br\/wp-content\/uploads\/2024\/05\/O-itinerario-passou-pelos-bairros-Paulista-Pauliceia-Centro-Vila-Rezende-Alemaes-Vila-Independencia-Morumbi-e-Piracicamirim-300x200.jpg 300w, https:\/\/piracicaba.sp.gov.br\/wp-content\/uploads\/2024\/05\/O-itinerario-passou-pelos-bairros-Paulista-Pauliceia-Centro-Vila-Rezende-Alemaes-Vila-Independencia-Morumbi-e-Piracicamirim-768x512.jpg 768w, https:\/\/piracicaba.sp.gov.br\/wp-content\/uploads\/2024\/05\/O-itinerario-passou-pelos-bairros-Paulista-Pauliceia-Centro-Vila-Rezende-Alemaes-Vila-Independencia-Morumbi-e-Piracicamirim-1536x1024.jpg 1536w, https:\/\/piracicaba.sp.gov.br\/wp-content\/uploads\/2024\/05\/O-itinerario-passou-pelos-bairros-Paulista-Pauliceia-Centro-Vila-Rezende-Alemaes-Vila-Independencia-Morumbi-e-Piracicamirim.jpg 2000w\" sizes=\"auto, (max-width: 1024px) 100vw, 1024px\"\/><figcaption class=\"wp-element-caption\"><strong><em><sub>O itiner\u00e1rio passou pelos bairros Paulista, Pauliceia, Centro, Vila Rezende, Alem\u00e3es, Vila Independ\u00eancia, Morumbi e Piracicamirim<\/sub><\/em><\/strong><\/figcaption><\/figure>\n<p>Para Fabio Sanches, o desfile enaltece a festa e, principalmente, a rela\u00e7\u00e3o da cidade com o evento. \u201cEsse momento \u00e9 a um dos principais meios de divulga\u00e7\u00e3o da festa, e \u00e9 sempre recebido com muita alegria pela cidade. \u00c9 durante o desfile que apresentamos as Rainhas e convidamos todos para participar da Festa das Na\u00e7\u00f5es. Tanto desfile como festa s\u00e3o eventos j\u00e1 enraizados na cultura piracicabana\u201d, acrescentou o presidente da Fenapi.<\/p>\n<p>O desfile das Rainhas contou ainda com o apoio e suporte da Secretaria de Tr\u00e2nsito e Transportes (Semuttran) e da Guarda Civil.<\/p>\n<p>Realizada pela Associa\u00e7\u00e3o Cultural Festa das Na\u00e7\u00f5es (Fenapi), a Festa das Na\u00e7\u00f5es \u00e9 promovida pela Prefeitura de Piracicaba, por meio do Fussp, com organiza\u00e7\u00e3o da Secretaria Municipal de Governo, e apresentada pelo Minist\u00e9rio da Cultura e pela Tools Digital Services. Uma parte dos recursos s\u00e3o oriundos da Lei de Incentivo \u00e0 Cultura (Lei Rouanet), do Governo Federal.<\/p>\n<p>Toda a renda da festa ser\u00e1 revertida em prol de 19 institui\u00e7\u00f5es sociais de Piracicaba, que representam as 17 na\u00e7\u00f5es.<\/p>\n<p><strong>AS RAINHAS\u00a0<\/strong>\u00a0\u2013 As rainhas desta edi\u00e7\u00e3o s\u00e3o: Celiana Aparecida de Oliveira (\u00c1frica do Sul \u2013 Casa do Hip Hop de Piracicaba); Giulia de Melo Braz (Alemanha \u2013 Lions Clube de Piracicaba \u2013 Independ\u00eancia); Ana Laura Benato (\u00c1ustria \u2013 Escola de Educa\u00e7\u00e3o Especial Passo a Passo); Maria Clara Marchesin (Brasil \u2013 APASPI \u2013 Associa\u00e7\u00e3o de Pais e Amigos de Surdos de Piracicaba e Associa\u00e7\u00e3o S\u00edndrome de Down de Piracicaba \u2013 Espa\u00e7o Pipa); Isabella Fabiana Rodrigues da Silva (Congo \u2013 Casa de Amparo aos Idosos \u2013 Cantinho da Vov\u00f3 S\u00f4nia); Kelly Kawai (Coreia do Sul \u2013 CRAMI \u2013 Centro Regional de Registros e Aten\u00e7\u00e3o aos Maus Tratos na Inf\u00e2ncia); Ana Carolina Brito Trevisan (Espanha \u2013 APFP \u2013 Associa\u00e7\u00e3o Presbiteriana de Filantropia de Piracicaba); Ana Vit\u00f3ria Correia (Estados Unidos \u2013 AAEPE \u2013 Associa\u00e7\u00e3o Atl\u00e9tica Educando pelo Esporte); Giovanna Ramos Tremocoldi (Holanda \u2013 Centro de Reabilita\u00e7\u00e3o Piracicaba); Raissa Mariconi Felix (It\u00e1lia \u2013 Casa do Bom Menino); Maria Fernanda Takaki (Jap\u00e3o \u2013 FUNJAPE \u2013 Funda\u00e7\u00e3o Jaime Pereira); Rebeca Cotunha Macedo (M\u00e9xico \u2013 Grupo de Escoteiro S\u00e3o M\u00e1rio \u2013 144\u00ba); Danyelle Gon\u00e7alves de Campos Rosa Santos (Mo\u00e7ambique \u2013 LBV \u2013 Legi\u00e3o da Boa Vontade); Gabriella Ferrari Campestrini (Na\u00e7\u00f5es \u00c1rabes \u2013 CESAC \u2013 Centro Social de Assist\u00eancia e Cultura S\u00e3o Jos\u00e9); Larissa Dalpino Mendes (Portugal \u2013 Pasca \u2013 Pastoral do Servi\u00e7o da Caridade); Fernanda Oliveira Brasil (Reino Unido \u2013 Instituto Formar) e Maria Eduarda Vicente Nystron (Su\u00ed\u00e7a \u2013 Escola de M\u00e3es Prof\u00aa Branca Motta de Toledo Sachs).<\/p>\n<p><strong>PATROC\u00cdNIO \u2013\u00a0<\/strong>Por meio da Lei de Incentivo \u00e0 Cultura (Lei Rouanet), a 39\u00aa Festa das Na\u00e7\u00f5es de Piracicaba \u00e9 apresentada pelo Minist\u00e9rio da Cultura e pela Tools Digital Services. Os patrocinadores desta edi\u00e7\u00e3o s\u00e3o Tools Digital Services, Caterpillar e Hyundai (Ouro); Drogal, Grupo Pirasa, Pecege e Unimed Piracicaba (Prata); e Arcelor Mittal, CJ Brasil, Embraplan, Essencial, Paques e Unimil (Bronze). Apoio: Andritz, Doowon, Glovis, Hwashin, Hyundai Mobis, Hyundai Steel, Hyundai Transys, Myoung Shin Brasil, Seoyon E-hwa, S.H. e Shopping Piracicaba. A cerveja oficial \u00e9 Germ\u00e2nia.<\/p>\n<figure class=\"wp-block-image size-large\"><img data-recalc-dims=\"1\" loading=\"lazy\" decoding=\"async\" width=\"696\" height=\"464\" src=\"https:\/\/i0.wp.com\/piracicaba.sp.gov.br\/wp-content\/uploads\/2024\/05\/As-rainhas-representam-as-17-nacoes-que-integram-a-39a-edicao-da-festa-1024x682.jpg?resize=696%2C464&#038;ssl=1\" alt=\"\" class=\"wp-image-78523\" srcset=\"https:\/\/piracicaba.sp.gov.br\/wp-content\/uploads\/2024\/05\/As-rainhas-representam-as-17-nacoes-que-integram-a-39a-edicao-da-festa-1024x682.jpg 1024w, https:\/\/piracicaba.sp.gov.br\/wp-content\/uploads\/2024\/05\/As-rainhas-representam-as-17-nacoes-que-integram-a-39a-edicao-da-festa-300x200.jpg 300w, https:\/\/piracicaba.sp.gov.br\/wp-content\/uploads\/2024\/05\/As-rainhas-representam-as-17-nacoes-que-integram-a-39a-edicao-da-festa-768x512.jpg 768w, https:\/\/piracicaba.sp.gov.br\/wp-content\/uploads\/2024\/05\/As-rainhas-representam-as-17-nacoes-que-integram-a-39a-edicao-da-festa-1536x1024.jpg 1536w, https:\/\/piracicaba.sp.gov.br\/wp-content\/uploads\/2024\/05\/As-rainhas-representam-as-17-nacoes-que-integram-a-39a-edicao-da-festa.jpg 2000w\" sizes=\"auto, (max-width: 1024px) 100vw, 1024px\"\/><figcaption class=\"wp-element-caption\"><strong><em><sub>As rainhas representam as 17 na\u00e7\u00f5es que integram a 39\u00aa edi\u00e7\u00e3o da festa<\/sub><\/em><\/strong><\/figcaption><\/figure>\n<p><strong>INGRESSOS E HOR\u00c1RIOS \u2013<\/strong>\u00a0A venda antecipada de ingressos j\u00e1 est\u00e1 liberada, aos valores de R$ 16 (inteira) e R$ 8 (meia-entrada). Para adquirir, basta entrar no site oficial da festa (<a href=\"https:\/\/festadasnacoes.org.br\/\" target=\"_blank\" rel=\"noreferrer noopener\"><u>https:\/\/festadasnacoes.org.br\/<\/u><\/a>), clicar no bot\u00e3o Ingresso e escolher os dias. Ser\u00e3o aceitos pagamentos com cart\u00e3o de cr\u00e9dito e pix.<\/p>\n<p>Informa\u00e7\u00f5es sobre gratuidade e meia-entrada, assim como os termos para a entrada de menores de idade est\u00e3o dispon\u00edveis no site, no bot\u00e3o Acesso \u00e0 Festa. A entrada de menores de 16 anos s\u00f3 ser\u00e1 poss\u00edvel na companhia de um adulto ou respons\u00e1vel e com o preenchimento da declara\u00e7\u00e3o necess\u00e1ria, dispon\u00edvel, tamb\u00e9m, no bot\u00e3o Acesso \u00e0 Festa.<\/p>\n<p>Na quarta, quinta e sexta, dias 15, 16 e 17, a festa come\u00e7a \u00e0s 19h, Na quarta se encerra \u00e0 meia-noite, na quinta, \u00e0 1h, e na sexta, \u00e0s 2h. No s\u00e1bado, 18, come\u00e7a \u00e0s 11h e termina \u00e0s 2h, e no domingo, 19, come\u00e7a \u00e0s 11h e termina \u00e0s 18h.<\/p>\n<p><strong>SERVI\u00c7O \u2013\u00a0<\/strong>39\u00aa Festa das Na\u00e7\u00f5es de Piracicaba, apresentada pelo Minist\u00e9rio da Cultura e pela Tools Digital Services. De 15 a 19 de maio, no Engenho Central, avenida Maurice Allain, 454.<br \/>Site:\u00a0<a href=\"http:\/\/www.xn--festadasnaes-tdb0r.org.br\/\" target=\"_blank\" rel=\"noreferrer noopener\"><u>www.festadasna\u00e7\u00f5es.org.br<\/u><\/a>. Facebook: festadasnacoesdepiracicaba. Instagram: festadasnacoesdepiracicaba.<\/p>\n<\/div>\n<p><br \/>\n<br \/><a href=\"https:\/\/piracicaba.sp.gov.br\/noticias\/39a-festa-das-nacoes-tradicional-desfile-das-rainhas-foi-realizado-no-sabado-04-05\/\" rel=\"noopener\">Informa\u00e7\u00f5es PMP <\/a><\/p>\n","protected":false},"excerpt":{"rendered":"<p>Acompanharam o desfile a secret\u00e1ria de Governo, T\u00e1ssia Espego, a presidente do Fussp, Andr\u00e9a Almeida, e o presidente da Fenapi, Fabio Sanches O \u00faltimo s\u00e1bado, 04\/05, foi marcado pela graciosidade e entusiasmo das Rainhas da 39\u00aa Festa das Na\u00e7\u00f5es, que realizaram o tradicional desfile, divulgando e promovendo o evento nas principais ruas e avenidas da [&hellip;]<\/p>\n","protected":false},"author":1,"featured_media":3983,"comment_status":"open","ping_status":"open","sticky":false,"template":"","format":"standard","meta":{"_jetpack_newsletter_access":"","_jetpack_dont_email_post_to_subs":false,"_jetpack_newsletter_tier_id":0,"_jetpack_memberships_contains_paywalled_content":false,"_mbp_banners":[],"_jetpack_feature_clip_id":0,"_jetpack_memberships_contains_paid_content":false,"footnotes":"","jetpack_publicize_message":"","jetpack_publicize_feature_enabled":true,"jetpack_social_post_already_shared":true,"jetpack_social_options":{"image_generator_settings":{"template":"highway","default_image_id":0,"font":"","enabled":false},"version":2},"jetpack_post_was_ever_published":false},"categories":[20],"tags":[],"class_list":["post-3982","post","type-post","status-publish","format-standard","has-post-thumbnail","category-regiao"],"jetpack_publicize_connections":[],"jetpack-related-posts":[],"jetpack_shortlink":"https:\/\/wp.me\/p7Eq1F-12e","jetpack_sharing_enabled":true,"jetpack_featured_media_url":"https:\/\/i0.wp.com\/guialimeira.com.br\/news\/wp-content\/uploads\/2024\/05\/Acompanharam-o-desfile-a-secretaria-de-Governo-Tassia-Espego-a-presidente-do-Fussp-Andrea-Almeida-e-o-presidente-da-Fenapi-Fabio-Sanches-1024x682.jpg?fit=1024%2C682&ssl=1","_links":{"self":[{"href":"https:\/\/guialimeira.com.br\/news\/wp-json\/wp\/v2\/posts\/3982","targetHints":{"allow":["GET"]}}],"collection":[{"href":"https:\/\/guialimeira.com.br\/news\/wp-json\/wp\/v2\/posts"}],"about":[{"href":"https:\/\/guialimeira.com.br\/news\/wp-json\/wp\/v2\/types\/post"}],"author":[{"embeddable":true,"href":"https:\/\/guialimeira.com.br\/news\/wp-json\/wp\/v2\/users\/1"}],"replies":[{"embeddable":true,"href":"https:\/\/guialimeira.com.br\/news\/wp-json\/wp\/v2\/comments?post=3982"}],"version-history":[{"count":0,"href":"https:\/\/guialimeira.com.br\/news\/wp-json\/wp\/v2\/posts\/3982\/revisions"}],"wp:featuredmedia":[{"embeddable":true,"href":"https:\/\/guialimeira.com.br\/news\/wp-json\/wp\/v2\/media\/3983"}],"wp:attachment":[{"href":"https:\/\/guialimeira.com.br\/news\/wp-json\/wp\/v2\/media?parent=3982"}],"wp:term":[{"taxonomy":"category","embeddable":true,"href":"https:\/\/guialimeira.com.br\/news\/wp-json\/wp\/v2\/categories?post=3982"},{"taxonomy":"post_tag","embeddable":true,"href":"https:\/\/guialimeira.com.br\/news\/wp-json\/wp\/v2\/tags?post=3982"}],"curies":[{"name":"wp","href":"https:\/\/api.w.org\/{rel}","templated":true}]}}