{"id":39717,"date":"2025-07-25T18:34:37","date_gmt":"2025-07-25T21:34:37","guid":{"rendered":"https:\/\/guialimeira.com.br\/?p=39717"},"modified":"2025-07-25T18:34:37","modified_gmt":"2025-07-25T21:34:37","slug":"carlinhos-do-grotta-requer-informacoes-sobre-vacinas-nas-unidades-basicas-de-saude-do-municipio-2","status":"publish","type":"post","link":"https:\/\/guialimeira.com.br\/news\/carlinhos-do-grotta-requer-informacoes-sobre-vacinas-nas-unidades-basicas-de-saude-do-municipio-2\/","title":{"rendered":"Carlinhos do Grotta requer informa\u00e7\u00f5es sobre vacinas nas unidades b\u00e1sicas de sa\u00fade do munic\u00edpio"},"content":{"rendered":"\n<figure class=\"wp-block-gallery has-nested-images columns-default is-cropped wp-block-gallery-1 is-layout-flex wp-block-gallery-is-layout-flex\"><\/figure>\n \r\n<br><img data-recalc-dims=\"1\" decoding=\"async\" src=\"https:\/\/i0.wp.com\/guialimeira.com.br\/wp-content\/uploads\/2025\/07\/Carlinhos-do-Grotta-requer-informacoes-sobre-as-vacinas-nas-Unidades.jpeg?w=696&#038;ssl=1\" \/><br><div>\n\t\t\t\t\t<p>O vereador Carlinhos do Grotta (PL) apresentou, na sexta-feira, 11 de julho, o <a href=\"https:\/\/consulta.limeira.sp.leg.br\/Documentos\/Documento\/386088\" rel=\"noopener\">Requerimento N\u00ba 446\/2025<\/a> \u00e0 Prefeitura, solicitando informa\u00e7\u00f5es sobre o gerenciamento de estoque de vacinas nas unidades b\u00e1sicas de sa\u00fade (UBS) para evitar perdas e garantir a disponibilidade.\u00a0<\/p><p>No documento, o parlamentar questiona como s\u00e3o realizados os protocolos em casos de emerg\u00eancia, como <i>recall <\/i>(retirada do mercado) de vacinas ou erros na administra\u00e7\u00e3o. Ele tamb\u00e9m solicita informa\u00e7\u00f5es sobre a quantidade atual em estoque, o n\u00famero de doses perdidas ou desperdi\u00e7adas e as respectivas datas de vencimento.<\/p><p>Ainda no requerimento, o vereador solicita informa\u00e7\u00f5es sobre as estrat\u00e9gias que est\u00e3o sendo implementadas para aumentar a ades\u00e3o \u00e0s campanhas de vacina\u00e7\u00e3o, os principais motivos para a perda de vacinas e por que n\u00e3o \u00e9 poss\u00edvel vacinar a faixa et\u00e1ria acima do programado em caso de baixa ades\u00e3o. Al\u00e9m de expor d\u00favidas acerca dos profissionais de sa\u00fade, se recebem treinamento adequado para gerenciar e aplicar as doses corretamente, bem como os recursos financeiros alocados para a compra e manuten\u00e7\u00e3o nas UBS.\u00a0<\/p><p>Tamb\u00e9m foi questionado:\u00a0<\/p><ul><li>Existe um sistema de controle de vacinas eficiente nas UBS para monitorar estoque, vencimento e aplica\u00e7\u00e3o?<\/li><li>H\u00e1 um plano de conting\u00eancia para lidar com situa\u00e7\u00f5es de emerg\u00eancia, como epidemias ou desabastecimento de vacinas?<\/li><li>Parcerias com outras entidades ou organiza\u00e7\u00f5es s\u00e3o mantidas para melhorar a gest\u00e3o e distribui\u00e7\u00e3o de vacinas?<\/li><\/ul><p><i>Do Gabinete Parlamentar &#8211; Vereador Carlinhos do Grotta (PL)<\/i><\/p><p><strong>As mat\u00e9rias de origem dos Gabinetes Parlamentares s\u00e3o de inteira\u00a0 responsabilidade dos parlamentares e de suas assessorias. S\u00e3o devidamente assinadas e n\u00e3o refletem, necessariamente, a opini\u00e3o institucional da C\u00e2mara Municipal de Limeira.<\/strong><\/p>\t\t\t\t<\/div>\r\n<br>\r\n<br><a href=\"https:\/\/www.limeira.sp.leg.br\/noticias\/view\/2025-07-24_carlinhos-do-grotta-requer-informacoes-sobre-vacinas-nas-unidades-basicas-de-saude-do-municipio\" rel=\"noopener\">Informa\u00e7\u00f5es CML <\/a>","protected":false},"excerpt":{"rendered":"<p>O vereador Carlinhos do Grotta (PL) apresentou, na sexta-feira, 11 de julho, o Requerimento N\u00ba 446\/2025 \u00e0 Prefeitura, solicitando informa\u00e7\u00f5es sobre o gerenciamento de estoque de vacinas nas unidades b\u00e1sicas de sa\u00fade (UBS) para evitar perdas e garantir a disponibilidade.\u00a0 No documento, o parlamentar questiona como s\u00e3o realizados os protocolos em casos de emerg\u00eancia, como [&hellip;]<\/p>\n","protected":false},"author":1,"featured_media":39610,"comment_status":"open","ping_status":"open","sticky":false,"template":"","format":"standard","meta":{"_jetpack_newsletter_access":"","_jetpack_dont_email_post_to_subs":false,"_jetpack_newsletter_tier_id":0,"_jetpack_memberships_contains_paywalled_content":false,"_mbp_banners":[],"_jetpack_feature_clip_id":0,"_jetpack_memberships_contains_paid_content":false,"footnotes":"","jetpack_publicize_message":"","jetpack_publicize_feature_enabled":true,"jetpack_social_post_already_shared":true,"jetpack_social_options":{"image_generator_settings":{"template":"highway","default_image_id":0,"font":"","enabled":false},"version":2},"jetpack_post_was_ever_published":false},"categories":[19],"tags":[],"class_list":["post-39717","post","type-post","status-publish","format-standard","has-post-thumbnail","category-politica"],"jetpack_publicize_connections":[],"jetpack-related-posts":[],"jetpack_shortlink":"https:\/\/wp.me\/p7Eq1F-akB","jetpack_sharing_enabled":true,"jetpack_featured_media_url":"https:\/\/i0.wp.com\/guialimeira.com.br\/news\/wp-content\/uploads\/2025\/07\/Carlinhos-do-Grotta-requer-informacoes-sobre-as-vacinas-nas-Unidades.jpeg?fit=1280%2C640&ssl=1","_links":{"self":[{"href":"https:\/\/guialimeira.com.br\/news\/wp-json\/wp\/v2\/posts\/39717","targetHints":{"allow":["GET"]}}],"collection":[{"href":"https:\/\/guialimeira.com.br\/news\/wp-json\/wp\/v2\/posts"}],"about":[{"href":"https:\/\/guialimeira.com.br\/news\/wp-json\/wp\/v2\/types\/post"}],"author":[{"embeddable":true,"href":"https:\/\/guialimeira.com.br\/news\/wp-json\/wp\/v2\/users\/1"}],"replies":[{"embeddable":true,"href":"https:\/\/guialimeira.com.br\/news\/wp-json\/wp\/v2\/comments?post=39717"}],"version-history":[{"count":1,"href":"https:\/\/guialimeira.com.br\/news\/wp-json\/wp\/v2\/posts\/39717\/revisions"}],"predecessor-version":[{"id":39718,"href":"https:\/\/guialimeira.com.br\/news\/wp-json\/wp\/v2\/posts\/39717\/revisions\/39718"}],"wp:featuredmedia":[{"embeddable":true,"href":"https:\/\/guialimeira.com.br\/news\/wp-json\/wp\/v2\/media\/39610"}],"wp:attachment":[{"href":"https:\/\/guialimeira.com.br\/news\/wp-json\/wp\/v2\/media?parent=39717"}],"wp:term":[{"taxonomy":"category","embeddable":true,"href":"https:\/\/guialimeira.com.br\/news\/wp-json\/wp\/v2\/categories?post=39717"},{"taxonomy":"post_tag","embeddable":true,"href":"https:\/\/guialimeira.com.br\/news\/wp-json\/wp\/v2\/tags?post=39717"}],"curies":[{"name":"wp","href":"https:\/\/api.w.org\/{rel}","templated":true}]}}