{"id":3971,"date":"2024-05-06T22:24:47","date_gmt":"2024-05-07T01:24:47","guid":{"rendered":"https:\/\/guialimeira.com.br\/2024\/05\/06\/prefeito-assina-mais-dois-contratos-para-recape-asfaltico-no-municipio-portal-do-municipio-de-piracicaba\/"},"modified":"2024-05-06T22:24:47","modified_gmt":"2024-05-07T01:24:47","slug":"prefeito-assina-mais-dois-contratos-para-recape-asfaltico-no-municipio-portal-do-municipio-de-piracicaba","status":"publish","type":"post","link":"https:\/\/guialimeira.com.br\/news\/prefeito-assina-mais-dois-contratos-para-recape-asfaltico-no-municipio-portal-do-municipio-de-piracicaba\/","title":{"rendered":"Prefeito assina mais dois contratos para recape asf\u00e1ltico no munic\u00edpio \u2013 Portal do Munic\u00edpio de Piracicaba"},"content":{"rendered":"<p> <br \/>\n<\/p>\n<div>\n<figure class=\"wp-block-image size-large\"><img data-recalc-dims=\"1\" fetchpriority=\"high\" decoding=\"async\" width=\"696\" height=\"464\" src=\"https:\/\/i0.wp.com\/piracicaba.sp.gov.br\/wp-content\/uploads\/2024\/05\/Prefeito-assinou-hoje-mais-dois-contratos-para-recape-asfaltico-de-cerca-de-32-km-na-cidade-1024x683.jpg?resize=696%2C464&#038;ssl=1\" alt=\"\" class=\"wp-image-78527\" srcset=\"https:\/\/piracicaba.sp.gov.br\/wp-content\/uploads\/2024\/05\/Prefeito-assinou-hoje-mais-dois-contratos-para-recape-asfaltico-de-cerca-de-32-km-na-cidade-1024x683.jpg 1024w, https:\/\/piracicaba.sp.gov.br\/wp-content\/uploads\/2024\/05\/Prefeito-assinou-hoje-mais-dois-contratos-para-recape-asfaltico-de-cerca-de-32-km-na-cidade-300x200.jpg 300w, https:\/\/piracicaba.sp.gov.br\/wp-content\/uploads\/2024\/05\/Prefeito-assinou-hoje-mais-dois-contratos-para-recape-asfaltico-de-cerca-de-32-km-na-cidade-768x512.jpg 768w, https:\/\/piracicaba.sp.gov.br\/wp-content\/uploads\/2024\/05\/Prefeito-assinou-hoje-mais-dois-contratos-para-recape-asfaltico-de-cerca-de-32-km-na-cidade-1536x1024.jpg 1536w, https:\/\/piracicaba.sp.gov.br\/wp-content\/uploads\/2024\/05\/Prefeito-assinou-hoje-mais-dois-contratos-para-recape-asfaltico-de-cerca-de-32-km-na-cidade-2048x1365.jpg 2048w\" sizes=\"(max-width: 1024px) 100vw, 1024px\"\/><figcaption class=\"wp-element-caption\"><strong><em><sub>Prefeito assinou hoje mais dois contratos para recape asf\u00e1ltico de cerca de 32 km na cidade<\/sub><\/em><\/strong><\/figcaption><\/figure>\n<p>O prefeito Luciano Almeida assinou hoje, 06\/05, mais dois contratos para execu\u00e7\u00e3o de recapeamento asf\u00e1ltico na cidade. Os lotes integram o pacote que soma 258 km de novo pavimento, incluindo asf\u00e1ltico e em concreto, em andamento, e que vai beneficiar mais de 200 pontos, entre ruas e avenidas, no total.<\/p>\n<p>Os contratos assinados hoje s\u00e3o referentes aos sub-lotes B e D do edital 58\/2023, que integram a quarta etapa dos servi\u00e7os de recape. Os lotes A e C seguem em processo licitat\u00f3rio. O lote B foi arrematado pelo valor de R$ 14,3 milh\u00f5es e a empresa vencedora \u00e9 a Pontuali Construtora e Engenharia Ltda. J\u00e1 o lote D tem investimento de R$ 19.770.346,00, e a empresa ganhadora do certame \u00e9 a Pavinc Construtora e Pavimentadora Ltda.<\/p>\n<p>A reuni\u00e3o para celebra\u00e7\u00e3o dos contratos contou com a presen\u00e7a do secret\u00e1rio de Obras e Zeladoria (Semozel), M\u00e1rcio Marino; do propriet\u00e1rio da Pavinc, Marcos Roberto Constantino; e do engenheiro respons\u00e1vel da Pontuali, M\u00e1rio Dion\u00edsio Carboni.<\/p>\n<p>\u201cDividimos o quarto lote em quatro sub-lotes para dar mais celeridade \u00e0s obras de pavimenta\u00e7\u00e3o na cidade. J\u00e1 temos dois lotes em andamento, o primeiro, de concreto, e o segundo, de asfalto, e agora esperamos que nos pr\u00f3ximos dias se iniciem mais estas duas etapas. Os dois sub-lotes v\u00e3o atender principalmente a regi\u00e3o central de Piracicaba e, para n\u00e3o prejudicar o tr\u00e2nsito, teremos um cuidado redobrado, que consiste em executar os trabalhos tamb\u00e9m nos finais de semana e durante a noite\u201d, salientou Luciano Almeida.<\/p>\n<figure class=\"wp-block-image size-large\"><img data-recalc-dims=\"1\" loading=\"lazy\" decoding=\"async\" width=\"696\" height=\"460\" src=\"https:\/\/i0.wp.com\/piracicaba.sp.gov.br\/wp-content\/uploads\/2024\/05\/A-rua-Governador-Pedro-de-Toledo-principal-ponto-comercial-do-centro-da-cidade-sera-recapeada-em-toda-sua-extensao-1024x677.jpg?resize=696%2C460&#038;ssl=1\" alt=\"\" class=\"wp-image-78525\" srcset=\"https:\/\/piracicaba.sp.gov.br\/wp-content\/uploads\/2024\/05\/A-rua-Governador-Pedro-de-Toledo-principal-ponto-comercial-do-centro-da-cidade-sera-recapeada-em-toda-sua-extensao-1024x677.jpg 1024w, https:\/\/piracicaba.sp.gov.br\/wp-content\/uploads\/2024\/05\/A-rua-Governador-Pedro-de-Toledo-principal-ponto-comercial-do-centro-da-cidade-sera-recapeada-em-toda-sua-extensao-300x198.jpg 300w, https:\/\/piracicaba.sp.gov.br\/wp-content\/uploads\/2024\/05\/A-rua-Governador-Pedro-de-Toledo-principal-ponto-comercial-do-centro-da-cidade-sera-recapeada-em-toda-sua-extensao-768x508.jpg 768w, https:\/\/piracicaba.sp.gov.br\/wp-content\/uploads\/2024\/05\/A-rua-Governador-Pedro-de-Toledo-principal-ponto-comercial-do-centro-da-cidade-sera-recapeada-em-toda-sua-extensao-1536x1016.jpg 1536w, https:\/\/piracicaba.sp.gov.br\/wp-content\/uploads\/2024\/05\/A-rua-Governador-Pedro-de-Toledo-principal-ponto-comercial-do-centro-da-cidade-sera-recapeada-em-toda-sua-extensao.jpg 1700w\" sizes=\"auto, (max-width: 1024px) 100vw, 1024px\"\/><figcaption class=\"wp-element-caption\"><strong><em><sub>A rua Governador Pedro de Toledo, principal ponto comercial do centro da cidade, ser\u00e1 recapeada em toda sua extens\u00e3o<\/sub><\/em><\/strong><\/figcaption><\/figure>\n<p>Durante o encontro, o prefeito informou aos representantes das duas empresas que a emiss\u00e3o da Ordem de Servi\u00e7o para as obras deve ser feita nos pr\u00f3ximos dias \u2013 a previs\u00e3o \u00e9 que as equipes comecem os trabalhos em at\u00e9 dez dias ap\u00f3s a emiss\u00e3o da OS pela Semozel.<\/p>\n<p>\u201cComo empresa e como piracicabano, me sinto orgulhoso em poder colaborar com esse projeto, que foi muito bem elaborado e que vai melhorar a infraestrutura na nossa cidade\u201d, comentou Marcos Constantino, da Pavinc.<\/p>\n<p>\u201cSabemos que a necessidade do recape na cidade \u00e9 grande e, agora, vamos atender uma parcela consider\u00e1vel deste pacote de obras, tanto com nova pavimenta\u00e7\u00e3o, como com as adequa\u00e7\u00f5es nas redes de drenagem\u201d, finalizou M\u00e1rio Carboni, da Pontuali.<\/p>\n<p>O secret\u00e1rio de Obras e Zeladoria, Marcio Marino, explicou que ainda nesta semana ser\u00e1 feito um estudo t\u00e9cnico e de prioridades, para elabora\u00e7\u00e3o do cronograma das vias. \u201cVamos agora fazer um levantamento t\u00e9cnico das vias que s\u00e3o priorit\u00e1rias, alinhar com as empresas e j\u00e1 iniciar as obras. Nossa expectativa \u00e9 que isso ocorra dentro de 10 dias, assim que emitirmos a OS. As obras de recape s\u00e3o um grande projeto, que visa dar qualidade de vida aos mun\u00edcipes, fluidez e seguran\u00e7a ao tr\u00e2nsito\u201d, disse.<\/p>\n<figure class=\"wp-block-image size-large\"><img data-recalc-dims=\"1\" loading=\"lazy\" decoding=\"async\" width=\"696\" height=\"464\" src=\"https:\/\/i0.wp.com\/piracicaba.sp.gov.br\/wp-content\/uploads\/2024\/05\/Alem-do-prefeito-participaram-da-reuniao-o-titular-da-Semozel-Marcio-Marino-e-os-representantes-da-Pavinc-e-da-Pontuali-Marcos-Constantino-e-Mario-Carboni-1024x682.jpg?resize=696%2C464&#038;ssl=1\" alt=\"\" class=\"wp-image-78526\" srcset=\"https:\/\/piracicaba.sp.gov.br\/wp-content\/uploads\/2024\/05\/Alem-do-prefeito-participaram-da-reuniao-o-titular-da-Semozel-Marcio-Marino-e-os-representantes-da-Pavinc-e-da-Pontuali-Marcos-Constantino-e-Mario-Carboni-1024x682.jpg 1024w, https:\/\/piracicaba.sp.gov.br\/wp-content\/uploads\/2024\/05\/Alem-do-prefeito-participaram-da-reuniao-o-titular-da-Semozel-Marcio-Marino-e-os-representantes-da-Pavinc-e-da-Pontuali-Marcos-Constantino-e-Mario-Carboni-300x200.jpg 300w, https:\/\/piracicaba.sp.gov.br\/wp-content\/uploads\/2024\/05\/Alem-do-prefeito-participaram-da-reuniao-o-titular-da-Semozel-Marcio-Marino-e-os-representantes-da-Pavinc-e-da-Pontuali-Marcos-Constantino-e-Mario-Carboni-768x512.jpg 768w, https:\/\/piracicaba.sp.gov.br\/wp-content\/uploads\/2024\/05\/Alem-do-prefeito-participaram-da-reuniao-o-titular-da-Semozel-Marcio-Marino-e-os-representantes-da-Pavinc-e-da-Pontuali-Marcos-Constantino-e-Mario-Carboni-1536x1024.jpg 1536w, https:\/\/piracicaba.sp.gov.br\/wp-content\/uploads\/2024\/05\/Alem-do-prefeito-participaram-da-reuniao-o-titular-da-Semozel-Marcio-Marino-e-os-representantes-da-Pavinc-e-da-Pontuali-Marcos-Constantino-e-Mario-Carboni.jpg 2000w\" sizes=\"auto, (max-width: 1024px) 100vw, 1024px\"\/><figcaption class=\"wp-element-caption\"><strong><em><sub>Al\u00e9m do prefeito, participaram da reuni\u00e3o o titular da Semozel, M\u00e1rcio Marino, e os representantes da Pavinc e da Pontuali, Marcos Constantino e M\u00e1rio Carboni<\/sub><\/em><\/strong><\/figcaption><\/figure>\n<p><strong>OS SERVI\u00c7OS \u2013<\/strong>\u00a0Entre os pontos que ser\u00e3o atendidos nestes dois lotes est\u00e3o: rua Guerino Lubiani (toda extens\u00e3o), rua Dona Idalina (toda extens\u00e3o), rua Ing\u00e1 (da avenida Raposo Tavares at\u00e9 a avenida Thales Castanho de Andrade), rua Jo\u00e3o Bottene (toda extens\u00e3o), rua Governador Pedro de Toledo (toda extens\u00e3o), rua Riachuelo (toda extens\u00e3o), rua Visconde do Rio Branco (da avenida Antonio Fazanaro at\u00e9 a rua Floriano Peixoto) e avenida Dois C\u00f3rregos (da avenida Alberto Vollet Sachs at\u00e9 a rodovia do A\u00e7\u00facar).<\/p>\n<p>Os servi\u00e7os realizados consistem nas etapas de fresagem, tratamentos e recapeamento das vias, sendo que a fresagem consiste na remo\u00e7\u00e3o do pavimento antigo, em vias com remendos em mau estado, \u00e1reas adjacentes a grandes buracos, \u00e1reas com grande concentra\u00e7\u00e3o de trincas e outros defeitos. J\u00e1 os servi\u00e7os de tratamentos e recapeamento asf\u00e1ltico dever\u00e3o ser executados conforme as espessuras de CBUQ (asfalto) j\u00e1 definidas pelos projetistas como tr\u00e1fego leve e tr\u00e1fego m\u00e9dio, al\u00e9m do trabalho de tratamentos superficiais e profundos que visam a troca da base ou at\u00e9 mesmo sub-base em \u00e1reas de deformidades extremas.<\/p>\n<p>As empresas contratadas tamb\u00e9m ser\u00e3o respons\u00e1veis por toda a sinaliza\u00e7\u00e3o e seguran\u00e7a da obra, devendo apresentar projeto de desvio de tr\u00e2nsito local, com prov\u00e1veis rotas de desvio, e sinaliza\u00e7\u00e3o vertical a serem implantadas, al\u00e9m do projeto de implanta\u00e7\u00e3o de sinaliza\u00e7\u00e3o horizontal para rotas de desvio, caso necess\u00e1rio.<\/p>\n<\/div>\n<p><br \/>\n<br \/><a href=\"https:\/\/piracicaba.sp.gov.br\/noticias\/prefeito-assina-mais-dois-contratos-para-recape-asfaltico-no-municipio\/\" rel=\"noopener\">Informa\u00e7\u00f5es PMP <\/a><\/p>\n","protected":false},"excerpt":{"rendered":"<p>Prefeito assinou hoje mais dois contratos para recape asf\u00e1ltico de cerca de 32 km na cidade O prefeito Luciano Almeida assinou hoje, 06\/05, mais dois contratos para execu\u00e7\u00e3o de recapeamento asf\u00e1ltico na cidade. Os lotes integram o pacote que soma 258 km de novo pavimento, incluindo asf\u00e1ltico e em concreto, em andamento, e que vai [&hellip;]<\/p>\n","protected":false},"author":1,"featured_media":3972,"comment_status":"open","ping_status":"open","sticky":false,"template":"","format":"standard","meta":{"_jetpack_newsletter_access":"","_jetpack_dont_email_post_to_subs":false,"_jetpack_newsletter_tier_id":0,"_jetpack_memberships_contains_paywalled_content":false,"_mbp_banners":[],"_jetpack_feature_clip_id":0,"_jetpack_memberships_contains_paid_content":false,"footnotes":"","jetpack_publicize_message":"","jetpack_publicize_feature_enabled":true,"jetpack_social_post_already_shared":true,"jetpack_social_options":{"image_generator_settings":{"template":"highway","default_image_id":0,"font":"","enabled":false},"version":2},"jetpack_post_was_ever_published":false},"categories":[20],"tags":[],"class_list":["post-3971","post","type-post","status-publish","format-standard","has-post-thumbnail","category-regiao"],"jetpack_publicize_connections":[],"jetpack-related-posts":[],"jetpack_shortlink":"https:\/\/wp.me\/p7Eq1F-123","jetpack_sharing_enabled":true,"jetpack_featured_media_url":"https:\/\/i0.wp.com\/guialimeira.com.br\/news\/wp-content\/uploads\/2024\/05\/Prefeito-assinou-hoje-mais-dois-contratos-para-recape-asfaltico-de-cerca-de-32-km-na-cidade-1024x683.jpg?fit=1024%2C683&ssl=1","_links":{"self":[{"href":"https:\/\/guialimeira.com.br\/news\/wp-json\/wp\/v2\/posts\/3971","targetHints":{"allow":["GET"]}}],"collection":[{"href":"https:\/\/guialimeira.com.br\/news\/wp-json\/wp\/v2\/posts"}],"about":[{"href":"https:\/\/guialimeira.com.br\/news\/wp-json\/wp\/v2\/types\/post"}],"author":[{"embeddable":true,"href":"https:\/\/guialimeira.com.br\/news\/wp-json\/wp\/v2\/users\/1"}],"replies":[{"embeddable":true,"href":"https:\/\/guialimeira.com.br\/news\/wp-json\/wp\/v2\/comments?post=3971"}],"version-history":[{"count":0,"href":"https:\/\/guialimeira.com.br\/news\/wp-json\/wp\/v2\/posts\/3971\/revisions"}],"wp:featuredmedia":[{"embeddable":true,"href":"https:\/\/guialimeira.com.br\/news\/wp-json\/wp\/v2\/media\/3972"}],"wp:attachment":[{"href":"https:\/\/guialimeira.com.br\/news\/wp-json\/wp\/v2\/media?parent=3971"}],"wp:term":[{"taxonomy":"category","embeddable":true,"href":"https:\/\/guialimeira.com.br\/news\/wp-json\/wp\/v2\/categories?post=3971"},{"taxonomy":"post_tag","embeddable":true,"href":"https:\/\/guialimeira.com.br\/news\/wp-json\/wp\/v2\/tags?post=3971"}],"curies":[{"name":"wp","href":"https:\/\/api.w.org\/{rel}","templated":true}]}}