{"id":39707,"date":"2025-07-25T17:18:37","date_gmt":"2025-07-25T20:18:37","guid":{"rendered":"https:\/\/guialimeira.com.br\/?p=39707"},"modified":"2025-07-25T17:18:37","modified_gmt":"2025-07-25T20:18:37","slug":"prefeitura-de-cordeiropolis-proibe-uso-de-agua-potavel-para-lavagem-durante-estado-de-estiagem-prefeitura-municipal-de-cordeiropolis","status":"publish","type":"post","link":"https:\/\/guialimeira.com.br\/news\/prefeitura-de-cordeiropolis-proibe-uso-de-agua-potavel-para-lavagem-durante-estado-de-estiagem-prefeitura-municipal-de-cordeiropolis\/","title":{"rendered":"Prefeitura de Cordeir\u00f3polis pro\u00edbe uso de \u00e1gua pot\u00e1vel para lavagem durante estado de estiagem \u2013 Prefeitura Municipal de Cordeir\u00f3polis"},"content":{"rendered":"<p> <br \/>\n<\/p>\n<div>\n<p>A Prefeitura de Cordeir\u00f3polis publicou decreto, assinado pela prefeita Cristina Saad, que pro\u00edbe o uso de \u00e1gua pot\u00e1vel para fins n\u00e3o essenciais enquanto durar o estado de estiagem no munic\u00edpio, que provoca redu\u00e7\u00e3o dos n\u00edveis de \u00e1gua dos reservat\u00f3rios. A medida, que entra em vigor a partir de 1\u00ba de agosto, visa garantir o uso respons\u00e1vel da \u00e1gua no per\u00edodo de escassez h\u00eddrica.<\/p>\n<p>Est\u00e3o proibidas, durante a vig\u00eancia do decreto, atividades como a lavagem de ve\u00edculos, cal\u00e7adas, passeios, vias p\u00fablicas, quintais e garagens. A exce\u00e7\u00e3o \u00e9 de estabelecimentos comerciais que atuam no ramo de lavagem de ve\u00edculos. Ser\u00e3o fiscalizadas situa\u00e7\u00f5es em flagrante.<\/p>\n<p>\u201c\u00c9 um momento de aten\u00e7\u00e3o para que a popula\u00e7\u00e3o e o poder p\u00fablico se unam para n\u00e3o faltar \u00e1gua em nossa cidade, usando-a de forma consciente. Infelizmente, temos uma represa que n\u00e3o pode ser utilizada, inaugurada \u00e0s pressas na \u00faltima gest\u00e3o, pois n\u00e3o tem licen\u00e7a para funcionar nem a capacidade adequada de armazenamento de \u00e1gua. E isso implica em mais cautela ainda no uso da \u00e1gua\u201d, explica a prefeita.<\/p>\n<p>O descumprimento do decreto acarreta em advert\u00eancia, na primeira infra\u00e7\u00e3o; multa equivalente ao dobro da \u00faltima conta de \u00e1gua e esgoto na primeira reincid\u00eancia; e multa equivalente ao triplo da \u00faltima conta de \u00e1gua e esgoto na segunda reincid\u00eancia.<\/p>\n<p>A fiscaliza\u00e7\u00e3o ser\u00e1 realizada pelo Servi\u00e7o Aut\u00f4nomo de \u00c1gua e Esgoto (SAAE). Em caso de penalidade, os infratores ter\u00e3o cinco dias \u00fateis para apresentar recurso junto \u00e0 autarquia. O SAAE poder\u00e1 contar com o apoio do Pelot\u00e3o Ambiental para garantir o cumprimento da norma.<\/p>\n<p>O canal de den\u00fancias para a popula\u00e7\u00e3o \u00e9 o WhatsApp do SAAE: (19) 99792-9183.<\/p>\n<\/p><\/div>\n<p><br \/>\n<br \/><a href=\"https:\/\/www.cordeiropolis.sp.gov.br\/prefeitura-de-cordeiropolis-proibe-uso-de-agua-potavel-para-lavagem-durante-estado-de-estiagem\/\" rel=\"noopener\">Informa\u00e7\u00f5es Cordeir\u00f3polis <\/a><\/p>\n","protected":false},"excerpt":{"rendered":"<p>A Prefeitura de Cordeir\u00f3polis publicou decreto, assinado pela prefeita Cristina Saad, que pro\u00edbe o uso de \u00e1gua pot\u00e1vel para fins n\u00e3o essenciais enquanto durar o estado de estiagem no munic\u00edpio, que provoca redu\u00e7\u00e3o dos n\u00edveis de \u00e1gua dos reservat\u00f3rios. A medida, que entra em vigor a partir de 1\u00ba de agosto, visa garantir o uso [&hellip;]<\/p>\n","protected":false},"author":1,"featured_media":0,"comment_status":"open","ping_status":"open","sticky":false,"template":"","format":"standard","meta":{"_jetpack_newsletter_access":"","_jetpack_dont_email_post_to_subs":false,"_jetpack_newsletter_tier_id":0,"_jetpack_memberships_contains_paywalled_content":false,"_mbp_banners":[],"_jetpack_feature_clip_id":0,"_jetpack_memberships_contains_paid_content":false,"footnotes":"","jetpack_publicize_message":"","jetpack_publicize_feature_enabled":true,"jetpack_social_post_already_shared":true,"jetpack_social_options":{"image_generator_settings":{"template":"highway","default_image_id":0,"font":"","enabled":false},"version":2},"jetpack_post_was_ever_published":false},"categories":[20],"tags":[],"class_list":["post-39707","post","type-post","status-publish","format-standard","category-regiao"],"jetpack_publicize_connections":[],"jetpack-related-posts":[],"jetpack_shortlink":"https:\/\/wp.me\/p7Eq1F-akr","jetpack_sharing_enabled":true,"jetpack_featured_media_url":"","_links":{"self":[{"href":"https:\/\/guialimeira.com.br\/news\/wp-json\/wp\/v2\/posts\/39707","targetHints":{"allow":["GET"]}}],"collection":[{"href":"https:\/\/guialimeira.com.br\/news\/wp-json\/wp\/v2\/posts"}],"about":[{"href":"https:\/\/guialimeira.com.br\/news\/wp-json\/wp\/v2\/types\/post"}],"author":[{"embeddable":true,"href":"https:\/\/guialimeira.com.br\/news\/wp-json\/wp\/v2\/users\/1"}],"replies":[{"embeddable":true,"href":"https:\/\/guialimeira.com.br\/news\/wp-json\/wp\/v2\/comments?post=39707"}],"version-history":[{"count":1,"href":"https:\/\/guialimeira.com.br\/news\/wp-json\/wp\/v2\/posts\/39707\/revisions"}],"predecessor-version":[{"id":39708,"href":"https:\/\/guialimeira.com.br\/news\/wp-json\/wp\/v2\/posts\/39707\/revisions\/39708"}],"wp:attachment":[{"href":"https:\/\/guialimeira.com.br\/news\/wp-json\/wp\/v2\/media?parent=39707"}],"wp:term":[{"taxonomy":"category","embeddable":true,"href":"https:\/\/guialimeira.com.br\/news\/wp-json\/wp\/v2\/categories?post=39707"},{"taxonomy":"post_tag","embeddable":true,"href":"https:\/\/guialimeira.com.br\/news\/wp-json\/wp\/v2\/tags?post=39707"}],"curies":[{"name":"wp","href":"https:\/\/api.w.org\/{rel}","templated":true}]}}