{"id":39702,"date":"2025-07-25T16:32:39","date_gmt":"2025-07-25T19:32:39","guid":{"rendered":"https:\/\/guialimeira.com.br\/?p=39702"},"modified":"2025-07-25T16:32:39","modified_gmt":"2025-07-25T19:32:39","slug":"mariana-calsa-sugere-criacao-de-cartao-para-viabilizar-entrega-de-uniformes-e-material-escolar-para-2026-2","status":"publish","type":"post","link":"https:\/\/guialimeira.com.br\/news\/mariana-calsa-sugere-criacao-de-cartao-para-viabilizar-entrega-de-uniformes-e-material-escolar-para-2026-2\/","title":{"rendered":"Mariana Calsa sugere cria\u00e7\u00e3o de cart\u00e3o para viabilizar entrega de uniformes e material escolar para 2026"},"content":{"rendered":"\n<figure class=\"wp-block-gallery has-nested-images columns-default is-cropped wp-block-gallery-1 is-layout-flex wp-block-gallery-is-layout-flex\"><\/figure>\n \r\n<br><img data-recalc-dims=\"1\" decoding=\"async\" src=\"https:\/\/i0.wp.com\/guialimeira.com.br\/wp-content\/uploads\/2025\/07\/Mariana-Calsa-sugere-criacao-de-cartao-para-viabilizar-entrega-de.jpeg?w=696&#038;ssl=1\" \/><br><div>\n\t\t\t\t\t<p>No dia 17 de julho, a vereadora Mariana Calsa (MDB) protocolou a <a href=\"https:\/\/consulta.limeira.sp.leg.br\/arquivo?Id=516104\" rel=\"noopener\">Indica\u00e7\u00e3o N\u00ba 2796\/2025<\/a> \u00e0 Prefeitura de Limeira sugerindo estudo para implanta\u00e7\u00e3o de uma nova forma de aquisi\u00e7\u00e3o dos uniformes e material escolar no pr\u00f3ximo ano letivo. A parlamentar afirmou que est\u00e1 preocupada com a garantia dos uniformes e materiais aos mais de 23 mil alunos da rede municipal.<\/p><p>A proposta sugere que os pais ou respons\u00e1veis pelos alunos recebam um cart\u00e3o com cr\u00e9ditos para comprar o uniforme e material escolar em lojas previamente conveniadas com a Secretaria Municipal de Educa\u00e7\u00e3o. O estudo, segundo a vereadora, pode ser inspirado no Programa Aux\u00edlio Uniforme Escolar da Prefeitura de S\u00e3o Paulo ou em estrat\u00e9gias semelhantes adotadas em outros munic\u00edpios brasileiros como, por exemplo, S\u00e3o Caetano do Sul (SP), Maca\u00e9 (RJ), Angra dos Reis (RJ), Tr\u00eas Pontas(MG) e Distrito Federal (DF).<\/p><p>Para a vereadora, \u00e9 necess\u00e1rio que haja esfor\u00e7o para o fornecimento dos materiais principalmente \u00e0s fam\u00edlias que mais precisam, al\u00e9m de facilitar a organiza\u00e7\u00e3o da \u201cvolta \u00e0s aulas\u201d das escolas municipais. \u201cOs itens s\u00e3o importantes para alunos e profissionais. Primeiro para auxiliar na identifica\u00e7\u00e3o e controle dos profissionais de ensino e para garantir a igualdade entre os alunos, onde os materiais e as roupas n\u00e3o definem qualquer diferencia\u00e7\u00e3o entre os colegas, para que eles sintam a sensa\u00e7\u00e3o de igualdade entre eles\u201d, ressaltou Mariana.<\/p><p>Outro ponto defendido pela vereadora \u00e9 a valoriza\u00e7\u00e3o dos empreendedores locais. \u201cCom o cart\u00e3o nas m\u00e3os, os respons\u00e1veis ganham autonomia para escolher as pe\u00e7as e os tamanhos que melhor atendem \u00e0s crian\u00e7as e ajudam a aquecer as vendas nas lojas conveniadas, gerando economia dentro da cidade. Al\u00e9m disso, o processo assim fica mais c\u00e9lere e econ\u00f4mico em rela\u00e7\u00e3o a uma compra p\u00fablica centralizada\u201d, argumentou.<\/p><p><i>Do Gabinete Parlamentar \u2013 Vereadora Mariana Calsa (MDB)<\/i><\/p><p><strong>As mat\u00e9rias de origem dos Gabinetes Parlamentares s\u00e3o de inteira\u00a0 responsabilidade dos parlamentares e de suas assessorias. S\u00e3o devidamente assinadas e n\u00e3o refletem, necessariamente, a opini\u00e3o institucional da C\u00e2mara Municipal de Limeira.<\/strong><\/p><p>\u00a0<\/p>\t\t\t\t<\/div>\r\n<br>\r\n<br><a href=\"https:\/\/www.limeira.sp.leg.br\/noticias\/view\/2025-07-25_mariana-calsa-sugere-criacao-de-cartao-para-viabilizar-entrega-de-uniformes-e-material-escolar-para-2026\" rel=\"noopener\">Informa\u00e7\u00f5es CML <\/a>","protected":false},"excerpt":{"rendered":"<p>No dia 17 de julho, a vereadora Mariana Calsa (MDB) protocolou a Indica\u00e7\u00e3o N\u00ba 2796\/2025 \u00e0 Prefeitura de Limeira sugerindo estudo para implanta\u00e7\u00e3o de uma nova forma de aquisi\u00e7\u00e3o dos uniformes e material escolar no pr\u00f3ximo ano letivo. A parlamentar afirmou que est\u00e1 preocupada com a garantia dos uniformes e materiais aos mais de 23 [&hellip;]<\/p>\n","protected":false},"author":1,"featured_media":39701,"comment_status":"open","ping_status":"open","sticky":false,"template":"","format":"standard","meta":{"_jetpack_newsletter_access":"","_jetpack_dont_email_post_to_subs":false,"_jetpack_newsletter_tier_id":0,"_jetpack_memberships_contains_paywalled_content":false,"_mbp_banners":[],"_jetpack_feature_clip_id":0,"_jetpack_memberships_contains_paid_content":false,"footnotes":"","jetpack_publicize_message":"","jetpack_publicize_feature_enabled":true,"jetpack_social_post_already_shared":true,"jetpack_social_options":{"image_generator_settings":{"template":"highway","default_image_id":0,"font":"","enabled":false},"version":2},"jetpack_post_was_ever_published":false},"categories":[19],"tags":[],"class_list":["post-39702","post","type-post","status-publish","format-standard","has-post-thumbnail","category-politica"],"jetpack_publicize_connections":[],"jetpack-related-posts":[],"jetpack_shortlink":"https:\/\/wp.me\/p7Eq1F-akm","jetpack_sharing_enabled":true,"jetpack_featured_media_url":"https:\/\/i0.wp.com\/guialimeira.com.br\/news\/wp-content\/uploads\/2025\/07\/Mariana-Calsa-sugere-criacao-de-cartao-para-viabilizar-entrega-de.jpeg?fit=1280%2C640&ssl=1","_links":{"self":[{"href":"https:\/\/guialimeira.com.br\/news\/wp-json\/wp\/v2\/posts\/39702","targetHints":{"allow":["GET"]}}],"collection":[{"href":"https:\/\/guialimeira.com.br\/news\/wp-json\/wp\/v2\/posts"}],"about":[{"href":"https:\/\/guialimeira.com.br\/news\/wp-json\/wp\/v2\/types\/post"}],"author":[{"embeddable":true,"href":"https:\/\/guialimeira.com.br\/news\/wp-json\/wp\/v2\/users\/1"}],"replies":[{"embeddable":true,"href":"https:\/\/guialimeira.com.br\/news\/wp-json\/wp\/v2\/comments?post=39702"}],"version-history":[{"count":1,"href":"https:\/\/guialimeira.com.br\/news\/wp-json\/wp\/v2\/posts\/39702\/revisions"}],"predecessor-version":[{"id":39703,"href":"https:\/\/guialimeira.com.br\/news\/wp-json\/wp\/v2\/posts\/39702\/revisions\/39703"}],"wp:featuredmedia":[{"embeddable":true,"href":"https:\/\/guialimeira.com.br\/news\/wp-json\/wp\/v2\/media\/39701"}],"wp:attachment":[{"href":"https:\/\/guialimeira.com.br\/news\/wp-json\/wp\/v2\/media?parent=39702"}],"wp:term":[{"taxonomy":"category","embeddable":true,"href":"https:\/\/guialimeira.com.br\/news\/wp-json\/wp\/v2\/categories?post=39702"},{"taxonomy":"post_tag","embeddable":true,"href":"https:\/\/guialimeira.com.br\/news\/wp-json\/wp\/v2\/tags?post=39702"}],"curies":[{"name":"wp","href":"https:\/\/api.w.org\/{rel}","templated":true}]}}