{"id":3970,"date":"2024-05-06T22:05:06","date_gmt":"2024-05-07T01:05:06","guid":{"rendered":"https:\/\/guialimeira.com.br\/2024\/05\/06\/eventos-em-homenagem-as-maes-sao-destaques-da-semana\/"},"modified":"2024-05-06T22:05:06","modified_gmt":"2024-05-07T01:05:06","slug":"eventos-em-homenagem-as-maes-sao-destaques-da-semana","status":"publish","type":"post","link":"https:\/\/guialimeira.com.br\/news\/eventos-em-homenagem-as-maes-sao-destaques-da-semana\/","title":{"rendered":"Eventos em homenagem \u00e0s m\u00e3es s\u00e3o destaques da semana"},"content":{"rendered":"<p> <br \/>\n<\/p>\n<div id=\"\">&#13;<br \/>\n                &#13;<br \/>\n&#13;<br \/>\n&#13;<br \/>\n&#13;<br \/>\n    <img data-recalc-dims=\"1\" decoding=\"async\" src=\"https:\/\/i0.wp.com\/ecrie.com.br\/sistema\/conteudos\/imagem\/m_137_0_1_21032024141121.jpeg?w=696&#038;ssl=1\" alt=\"Eventos em homenagem \u00e0s m\u00e3es s\u00e3o destaques da semana\"\/>&#13;<br \/>\n&#13;<\/p>\n<p style=\"text-align: justify;\"><span style=\"font-weight: 400;\">A programa\u00e7\u00e3o desta semana apresenta na sexta-feira (10), o evento\u00a0 \u201cHomenagem para Elas\u201d, realizado pela Escola Municipal de Cultura e Artes (Emcea), \u00e0s 19h; e o \u201cConcerto das M\u00e3es\u201d da Orquestra Sinf\u00f4nica de Limeira, na Par\u00f3quia Nossa Senhora Aparecida, \u00e0s 20h30. Os dois eventos s\u00e3o gratuitos.<\/span><\/p>\n<p>&#13;<\/p>\n<p style=\"text-align: justify;\"><span style=\"font-weight: 400;\">A agenda ainda conta com literatura, teatro, m\u00fasica e outros eventos. Confira abaixo:<\/span><\/p>\n<p>&#13;<\/p>\n<p>\u00a0<\/p>\n<p>&#13;<\/p>\n<p style=\"text-align: justify;\"><strong>Evento: Corpo e Voz &#8211; Viv\u00eancia Quilombola<\/strong><\/p>\n<p>&#13;<\/p>\n<p style=\"text-align: justify;\"><span style=\"font-weight: 400;\">Segunda-feira (6), \u00e0s 19h &#8211; Escola M\u00e1rio Covas<\/span><\/p>\n<p>&#13;<\/p>\n<p style=\"text-align: justify;\"><span style=\"font-weight: 400;\">Ter\u00e7a-feira (7), \u00e0s 19h &#8211; Escola M\u00e1rio Covas<\/span><\/p>\n<p>&#13;<\/p>\n<p style=\"text-align: justify;\"><span style=\"font-weight: 400;\">Quarta-feira (8), \u00e0s 19h &#8211; Escola M\u00e1rio Covas<\/span><\/p>\n<p>&#13;<\/p>\n<p style=\"text-align: justify;\"><span style=\"font-weight: 400;\">O \u201cCorpo e Voz &#8211; Viv\u00eancia Quilombola\u201d \u00e9 um evento dividido em tr\u00eas partes consecutivas de livre escolha para a participa\u00e7\u00e3o. Na segunda (6), o evento se prop\u00f5e a oferecer uma experi\u00eancia imersiva nas pr\u00e1ticas culturais do quilombo mineiro Quilombo do A\u00e7ude, localizado na Serra do Cip\u00f3, por meio de atividades te\u00f3ricas e pr\u00e1ticas que incluem a exibi\u00e7\u00e3o do document\u00e1rio \u201cCandombe do A\u00e7ude: um passado contado pelo canto\u201d, roda de conversa com o cineasta Danilo Candombe e oficina de dan\u00e7a (Curimba) e teatro. Na ter\u00e7a (7), acontece a Oficina de Curimba, explorando a m\u00fasica e a dan\u00e7a como formas de express\u00e3o e resist\u00eancia, aberta para toda a popula\u00e7\u00e3o. J\u00e1 na quarta (8), tem Oficina de Teatro com jogos e brincadeiras destinada \u00e0s crian\u00e7as da escola M\u00e1rio Covas, introduzindo-as \u00e0 express\u00e3o art\u00edstica. Convidamos a comunidade de Limeira, incluindo alunos, professores, pais, e todos os interessados em enriquecer seus conhecimentos e viv\u00eancias culturais, a participar deste evento singular.<\/span><\/p>\n<p>&#13;<\/p>\n<p style=\"text-align: justify;\"><span style=\"font-weight: 400;\">Entrada: Gratuita, mediante inscri\u00e7\u00e3o pelo link <\/span><a href=\"https:\/\/forms.gle\/mu1jLzVqHzLAZW8M7\" rel=\"noopener\"><span style=\"font-weight: 400;\">https:\/\/forms.gle\/mu1jLzVqHzLAZW8M7<\/span><\/a><\/p>\n<p>&#13;<\/p>\n<p style=\"text-align: justify;\"><span style=\"font-weight: 400;\">Classifica\u00e7\u00e3o:\u00a0 Livre.<\/span><\/p>\n<p>&#13;<\/p>\n<p style=\"text-align: justify;\"><span style=\"font-weight: 400;\">Realiza\u00e7\u00e3o: Lei Paulo Gustavo pelo Minist\u00e9rio da Cultura, com apoio da Prefeitura, por meio da Secretaria de Cultura, e Escola M\u00e1rio Covas.<\/span><\/p>\n<p>&#13;<\/p>\n<p style=\"text-align: justify;\"><span style=\"font-weight: 400;\">\u00a0<\/span><\/p>\n<p>&#13;<\/p>\n<p style=\"text-align: justify;\"><strong>Literatura: Banca de Trocas de Livros e Gibis<\/strong><\/p>\n<p>&#13;<\/p>\n<p style=\"text-align: justify;\"><span style=\"font-weight: 400;\">Quarta-feira (8), \u00e0s 17h\u00a0 &#8211; Biblioteca Municipal Professor Jo\u00e3o de Sousa Ferraz<\/span><\/p>\n<p>&#13;<\/p>\n<p style=\"text-align: justify;\"><span style=\"font-weight: 400;\">Na segunda quarta-feira do m\u00eas, al\u00e9m do empr\u00e9stimo e devolu\u00e7\u00e3o de livros, a biblioteca realiza a Banca de Troca de Livros e Gibis. Apostilas, materiais did\u00e1ticos, enciclop\u00e9dias, c\u00f3pias reprogr\u00e1ficas ou livros em mau estado de conserva\u00e7\u00e3o n\u00e3o s\u00e3o aceitos.<\/span><\/p>\n<p>&#13;<\/p>\n<p style=\"text-align: justify;\"><span style=\"font-weight: 400;\">Entrada: Gratuita.<\/span><\/p>\n<p>&#13;<\/p>\n<p style=\"text-align: justify;\"><span style=\"font-weight: 400;\">Classifica\u00e7\u00e3o: Livre .<\/span><\/p>\n<p>&#13;<\/p>\n<p style=\"text-align: justify;\"><span style=\"font-weight: 400;\">Realiza\u00e7\u00e3o: Prefeitura, por meio da Secretaria de Cultura<\/span><\/p>\n<p>&#13;<\/p>\n<p style=\"text-align: justify;\"><strong>\u00a0<\/strong><\/p>\n<p>&#13;<\/p>\n<p style=\"text-align: justify;\"><strong>Teatro: A Divina Farsa<\/strong><\/p>\n<p>&#13;<\/p>\n<p style=\"text-align: justify;\"><span style=\"font-weight: 400;\">Quinta-feira (9), \u00e0s 14h e 20h &#8211; Teatro Vit\u00f3ria Emiliano Bernardo da Silva<\/span><\/p>\n<p>&#13;<\/p>\n<p style=\"text-align: justify;\"><span style=\"font-weight: 400;\">Dion\u00edsio chega ao Olimpo para reivindicar a aten\u00e7\u00e3o de seu pai, Zeus. Filho bastardo, encontra-se no Pante\u00e3o com deusas e deuses, no momento em que deliberam quem descer\u00e1 \u00e0 Terra para acudir a humanidade, mais uma vez \u00e0 beira da extin\u00e7\u00e3o. Apolo \u00e9 escolhido e encaminhado para um circo mambembe, territ\u00f3rio de Dion\u00edsio, deus do teatro. Dion\u00edsio, atrav\u00e9s de seus disfarces, se enreda na trupe em estratagemas para mostrar que conhece mais a natureza dos humanos do que seu meio-irm\u00e3o, Apolo.\u00a0<\/span><\/p>\n<p>&#13;<\/p>\n<p style=\"text-align: justify;\"><span style=\"font-weight: 400;\">Entrada: Gratuita.<\/span><\/p>\n<p>&#13;<\/p>\n<p style=\"text-align: justify;\"><span style=\"font-weight: 400;\">Classifica\u00e7\u00e3o: A partir de 14 anos.<\/span><\/p>\n<p>&#13;<\/p>\n<p style=\"text-align: justify;\"><span style=\"font-weight: 400;\">Realiza\u00e7\u00e3o: Cia. LaM\u00ednima, com o apoio da Prefeitura, por meio da Secretaria de Cultura.<\/span><\/p>\n<p>&#13;<\/p>\n<p style=\"text-align: justify;\"><span style=\"font-weight: 400;\">Dura\u00e7\u00e3o: 90min.<\/span><\/p>\n<p>&#13;<\/p>\n<p style=\"text-align: justify;\"><span style=\"font-weight: 400;\">\u00a0<\/span><\/p>\n<p>&#13;<\/p>\n<p style=\"text-align: justify;\"><strong>Oficina: Charlie Chaplin &#8211; A Vida \u00e9 Uma Com\u00e9dia<\/strong><\/p>\n<p>&#13;<\/p>\n<p style=\"text-align: justify;\"><span style=\"font-weight: 400;\">Sexta-feira (10), das 14h \u00e0s 17h &#8211; Museu Major Jos\u00e9 Levy Sobrinho<\/span><\/p>\n<p>&#13;<\/p>\n<p style=\"text-align: justify;\"><span style=\"font-weight: 400;\">A atividade apresenta o percurso de Charlie Chaplin, cujas cria\u00e7\u00f5es encantam h\u00e1 mais de um s\u00e9culo o p\u00fablico de todas as idades. O objetivo da oficina \u00e9 narrar as etapas essenciais da vida e obra de Chaplin e sintetizar as principais interpreta\u00e7\u00f5es a respeito de Carlitos, personagem de vagabundo, exclu\u00eddo, pobret\u00e3o, que se tornou o maior \u00edcone do cinema.<\/span><\/p>\n<p>&#13;<\/p>\n<p style=\"text-align: justify;\"><span style=\"font-weight: 400;\">Entrada: Gratuita, mediante inscri\u00e7\u00e3o <\/span><span style=\"font-weight: 400;\">pelo <\/span><span style=\"font-weight: 400;\">telefone 3442-1707.<\/span><\/p>\n<p>&#13;<\/p>\n<p style=\"text-align: justify;\"><span style=\"font-weight: 400;\">Classifica\u00e7\u00e3o: A partir de 14 anos.<\/span><\/p>\n<p>&#13;<\/p>\n<p style=\"text-align: justify;\"><span style=\"font-weight: 400;\">Realiza\u00e7\u00e3o: Governo do Estado de S\u00e3o Paulo e Museu da Imagem e do Som (MIS), em parceria com a Prefeitura, por meio da Secretaria de Cultura.<\/span><\/p>\n<p>&#13;<\/p>\n<p style=\"text-align: justify;\"><span style=\"font-weight: 400;\">\u00a0<\/span><\/p>\n<p>&#13;<\/p>\n<p style=\"text-align: justify;\"><strong>Evento: Homenagem para Elas<\/strong><\/p>\n<p>&#13;<\/p>\n<p style=\"text-align: justify;\"><span style=\"font-weight: 400;\">Sexta-feira (10), \u00e0s 19h &#8211; Escola Municipal de Cultura e Artes &#8220;Maestro M\u00e1rio Tintori&#8221;<\/span><\/p>\n<p>&#13;<\/p>\n<p style=\"text-align: justify;\"><span style=\"font-weight: 400;\">Apresenta\u00e7\u00e3o dos alunos de bal\u00e9, jazz, viol\u00e3o, teclado, teatro e artes pl\u00e1sticas.<\/span><\/p>\n<p>&#13;<\/p>\n<p style=\"text-align: justify;\"><span style=\"font-weight: 400;\">Entrada: Gratuita.<\/span><\/p>\n<p>&#13;<\/p>\n<p style=\"text-align: justify;\"><span style=\"font-weight: 400;\">Classifica\u00e7\u00e3o: Livre.<\/span><\/p>\n<p>&#13;<\/p>\n<p style=\"text-align: justify;\"><span style=\"font-weight: 400;\">Realiza\u00e7\u00e3o: Prefeitura, por meio da Secretaria de Cultura.<\/span><\/p>\n<p>&#13;<\/p>\n<p style=\"text-align: justify;\"><span style=\"font-weight: 400;\">\u00a0<\/span><\/p>\n<p>&#13;<\/p>\n<p style=\"text-align: justify;\"><strong>M\u00fasica: Concerto das M\u00e3es<\/strong><\/p>\n<p>&#13;<\/p>\n<p style=\"text-align: justify;\"><span style=\"font-weight: 400;\">Sexta-feira (10), \u00e0s 20h30 &#8211; Par\u00f3quia Nossa Senhora Aparecida<\/span><\/p>\n<p>&#13;<\/p>\n<p style=\"text-align: justify;\"><span style=\"font-weight: 400;\">O concerto traz no repert\u00f3rio obras como a \u00f3pera Hungarian March from &#8220;La Dannation de Faust\u201d, Leichte Kavallerie, Die Fledermaus, Unter Donner und Blitz, Candide, La Conga del Fuego Nuevo e Malambo from &#8220;Estancia&#8221;, al\u00e9m de obras brasileiras de Mestre Duda e de Severino Ara\u00fajo.<\/span><\/p>\n<p>&#13;<\/p>\n<p style=\"text-align: justify;\"><span style=\"font-weight: 400;\">Entrada: Gratuita.<\/span><\/p>\n<p>&#13;<\/p>\n<p style=\"text-align: justify;\"><span style=\"font-weight: 400;\">Classifica\u00e7\u00e3o: Livre.<\/span><\/p>\n<p>&#13;<\/p>\n<p style=\"text-align: justify;\"><span style=\"font-weight: 400;\">Realiza\u00e7\u00e3o:Sociedade Pr\u00f3-Sinf\u00f4nica de Limeira e Prefeitura, por meio da Secretaria de Cultura.<\/span><\/p>\n<p>&#13;<\/p>\n<p style=\"text-align: justify;\"><span style=\"font-weight: 400;\">\u00a0<\/span><\/p>\n<p>&#13;<\/p>\n<p style=\"text-align: justify;\"><strong>Conhecimento: Encontro Numism\u00e1tico<\/strong><\/p>\n<p>&#13;<\/p>\n<p style=\"text-align: justify;\"><span style=\"font-weight: 400;\">S\u00e1bado (11), \u00e0s 10h &#8211; Anfiteatro Dr. Olindo de Luca da Biblioteca Municipal Encontros mensais no qual fazem estudos a fim de preservar a hist\u00f3ria, arte e cultura atrav\u00e9s dos sistemas monet\u00e1rios que tiveram in\u00edcio cerca de 2700 anos atr\u00e1s.<\/span><\/p>\n<p>&#13;<\/p>\n<p style=\"text-align: justify;\"><span style=\"font-weight: 400;\">Entrada: Gratuita.<\/span><\/p>\n<p>&#13;<\/p>\n<p style=\"text-align: justify;\"><span style=\"font-weight: 400;\">Classifica\u00e7\u00e3o: Livre.<\/span><\/p>\n<p>&#13;<\/p>\n<p style=\"text-align: justify;\"><span style=\"font-weight: 400;\">Realiza\u00e7\u00e3o: Grupo Numism\u00e1tica Limeira com apoio da Prefeitura, por meio da Secretaria de Cultura.<\/span><\/p>\n<p>&#13;<\/p>\n<p style=\"text-align: justify;\"><span style=\"font-weight: 400;\">\u00a0<\/span><\/p>\n<p>&#13;<\/p>\n<p style=\"text-align: justify;\"><strong>Evento: Viola no Coreto<\/strong><\/p>\n<p>&#13;<\/p>\n<p style=\"text-align: justify;\"><span style=\"font-weight: 400;\">S\u00e1bado (11), \u00e0s <\/span><a href=\"https:\/\/www.google.com\/maps\/search\/11h+-+Pra%C3%A7a+Toledo+Barros?entry=gmail&amp;source=g\" rel=\"noopener\"><span style=\"font-weight: 400;\">11h &#8211; Pra\u00e7a Toledo Barros<\/span><\/a><\/p>\n<p>&#13;<\/p>\n<p style=\"text-align: justify;\"><span style=\"font-weight: 400;\">Apresenta\u00e7\u00e3o da orquestra de violeiros Tom de Terra.<\/span><\/p>\n<p>&#13;<\/p>\n<p style=\"text-align: justify;\"><span style=\"font-weight: 400;\">Entrada: Gratuita.<\/span><\/p>\n<p>&#13;<\/p>\n<p style=\"text-align: justify;\"><span style=\"font-weight: 400;\">Classifica\u00e7\u00e3o: Livre.<\/span><\/p>\n<p>&#13;<\/p>\n<p style=\"text-align: justify;\"><span style=\"font-weight: 400;\">Realiza\u00e7\u00e3o: Prefeitura, por meio da Secretaria de Cultura, e banda.<\/span><\/p>\n<p>&#13;<\/p>\n<p style=\"text-align: justify;\"><strong>\u00a0<\/strong><\/p>\n<p>&#13;<\/p>\n<p style=\"text-align: justify;\"><strong>Teatro: Polenta com as Amigas<\/strong><\/p>\n<p>&#13;<\/p>\n<p style=\"text-align: justify;\"><span style=\"font-weight: 400;\">S\u00e1bado (11), \u00e0s 11h30 &#8211; Pra\u00e7a Toledo Barros.<\/span><\/p>\n<p>&#13;<\/p>\n<p style=\"text-align: justify;\"><span style=\"font-weight: 400;\">O espet\u00e1culo \u00e9 protagonizado por mulheres palha\u00e7as que contribuem com a diversidade cultural e promove a renova\u00e7\u00e3o da tradi\u00e7\u00e3o circense. Quando quatro palha\u00e7as se re\u00fanem, qual \u00e9 o resultado? A resposta \u00e9 uma s\u00f3: um espet\u00e1culo de rua com direito a gargalhadas, emo\u00e7\u00e3o, frio na barriga e bastante divers\u00e3o. O p\u00fablico \u00e9 animado pelas palha\u00e7as: Polenta (Dani Maimoni), Edufina (Katina Sousa), Ripa (Suelen Zacharias) e Beg\u00f4nia (Fernanda Jannuzzelli). Na cena, o quarteto recria, ao sabor da contemporaneidade e da representatividade feminina, cinco n\u00fameros da tradi\u00e7\u00e3o circense de picadeiro.\u00a0<\/span><\/p>\n<p>&#13;<\/p>\n<p style=\"text-align: justify;\"><span style=\"font-weight: 400;\">Entrada: Gratuita.<\/span><\/p>\n<p>&#13;<\/p>\n<p style=\"text-align: justify;\"><span style=\"font-weight: 400;\">Classifica\u00e7\u00e3o:\u00a0 Livre.<\/span><\/p>\n<p>&#13;<\/p>\n<p style=\"text-align: justify;\"><span style=\"font-weight: 400;\">Realiza\u00e7\u00e3o: ProAC (Programa de A\u00e7\u00e3o Cultural do Governo do Estado de S\u00e3o Paulo e da Secretaria da Cultura e Economia Criativa), Prefeitura, por meio da Secretaria da Cultura e MB Circo.<\/span><\/p>\n<p>&#13;<\/p>\n<p style=\"text-align: justify;\"><span style=\"font-weight: 400;\">Dura\u00e7\u00e3o: 60 min.<\/span><\/p>\n<p>&#13;<\/p>\n<p style=\"text-align: justify;\"><span style=\"font-weight: 400;\">\u00a0<\/span><\/p>\n<p>&#13;<\/p>\n<p style=\"text-align: justify;\"><strong>Evento: 7\u00ba APAE Motor Rock<\/strong><\/p>\n<p>&#13;<\/p>\n<p style=\"text-align: justify;\"><span style=\"font-weight: 400;\">S\u00e1bado (11), das 14h \u00e0s 22h &#8211; Sede da APAE<\/span><\/p>\n<p>&#13;<\/p>\n<p style=\"text-align: justify;\"><span style=\"font-weight: 400;\">Evento que une motociclistas, rock e solidariedade.<\/span><\/p>\n<p>&#13;<\/p>\n<p style=\"text-align: justify;\"><span style=\"font-weight: 400;\">Entrada: R$ 70 (kit com ingresso, camiseta e caneca) e R$ 50 (kit com ingresso e camiseta), pelo WhatsApp 99304-6328<\/span><\/p>\n<p>&#13;<\/p>\n<p style=\"text-align: justify;\"><span style=\"font-weight: 400;\">Classifica\u00e7\u00e3o: Livre.<\/span><\/p>\n<p>&#13;<\/p>\n<p style=\"text-align: justify;\"><span style=\"font-weight: 400;\">Realiza\u00e7\u00e3o: APAE Limeira, com apoio da Prefeitura, por meio da Secretaria de Cultura.<\/span><\/p>\n<p>&#13;<\/p>\n<p style=\"text-align: justify;\"><span style=\"font-weight: 400;\">\u00a0<\/span><\/p>\n<p>&#13;<\/p>\n<p style=\"text-align: justify;\"><strong>Evento Fechado: Mulheres que Brilham &#8211; Apresenta\u00e7\u00e3o do Col\u00e9gio Einstein\u00a0<\/strong><\/p>\n<p>&#13;<\/p>\n<p style=\"text-align: justify;\"><span style=\"font-weight: 400;\">S\u00e1bado (11), \u00e0s 16h e \u00e0s 19h &#8211; Teatro Vit\u00f3ria Emiliano Bernardo da Silva<\/span><\/p>\n<p>&#13;<\/p>\n<p style=\"text-align: justify;\"><span style=\"font-weight: 400;\">Homenageando as m\u00e3es, o musical segue uma linha do tempo com can\u00e7\u00f5es que marcaram a vida dessas hero\u00ednas, antecedendo sua hist\u00f3ria.<\/span><\/p>\n<p>&#13;<\/p>\n<p style=\"text-align: justify;\"><span style=\"font-weight: 400;\">Entrada: Gratuita.<\/span><\/p>\n<p>&#13;<\/p>\n<p style=\"text-align: justify;\"><span style=\"font-weight: 400;\">Classifica\u00e7\u00e3o: Livre.<\/span><\/p>\n<p>&#13;<\/p>\n<p style=\"text-align: justify;\"><span style=\"font-weight: 400;\">Realiza\u00e7\u00e3o: Organiza\u00e7\u00e3o Einstein de Ensino, com o apoio da Prefeitura, por meio da Secretaria de Cultura.<\/span><\/p>\n<p>&#13;<\/p>\n<p style=\"text-align: justify;\"><span style=\"font-weight: 400;\">Dura\u00e7\u00e3o: 120 min.<\/span><\/p>\n<p>&#13;<\/p>\n<p style=\"text-align: justify;\"><span style=\"font-weight: 400;\">\u00a0<\/span><\/p>\n<p>&#13;<\/p>\n<p style=\"text-align: justify;\"><strong>M\u00fasica: Retreta Dominical com Corpora\u00e7\u00e3o Musical Arthur Giambelli<\/strong><\/p>\n<p>&#13;<\/p>\n<p style=\"text-align: justify;\"><span style=\"font-weight: 400;\">Domingo (12), \u00e0s 10h30 &#8211; Pra\u00e7a Toledo Barros.<\/span><\/p>\n<p>&#13;<\/p>\n<p style=\"text-align: justify;\"><span style=\"font-weight: 400;\">A Embaixatriz Sonora de Limeira faz sua retreta dominical, apresentando m\u00fasicas de cunho popular. Ser\u00e3o executados diversos g\u00eaneros musicais. A reg\u00eancia \u00e9 do maestro Leandro Rodrigo Pereira.<\/span><\/p>\n<p>&#13;<\/p>\n<p style=\"text-align: justify;\"><span style=\"font-weight: 400;\">Entrada: Gratuita.<\/span><\/p>\n<p>&#13;<\/p>\n<p style=\"text-align: justify;\"><span style=\"font-weight: 400;\">Classifica\u00e7\u00e3o: Livre.<\/span><\/p>\n<p>&#13;<\/p>\n<p style=\"text-align: justify;\"><span style=\"font-weight: 400;\">Realiza\u00e7\u00e3o: Prefeitura, por meio da Secretaria de Cultura, e banda.<\/span><\/p>\n<p>&#13;<\/p>\n<p style=\"text-align: justify;\"><span style=\"font-weight: 400;\">Dura\u00e7\u00e3o: 90 min.<\/span><\/p>\n<p>&#13;<\/p>\n<p style=\"text-align: justify;\"><span style=\"font-weight: 400;\">\u00a0<\/span><\/p>\n<p>&#13;<\/p>\n<p style=\"text-align: justify;\"><strong>Evento: 10\u00aa Parada LGBTQIA+<\/strong><\/p>\n<p>&#13;<\/p>\n<p style=\"text-align: justify;\"><span style=\"font-weight: 400;\">Domingo (12), \u00e0s 14h &#8211; Parque Cidade<\/span><\/p>\n<p>&#13;<\/p>\n<p style=\"text-align: justify;\"><span style=\"font-weight: 400;\">10\u00aa Parada LGBTQIA+<\/span><\/p>\n<p>&#13;<\/p>\n<p style=\"text-align: justify;\"><span style=\"font-weight: 400;\">Entrada: Gratuita.<\/span><\/p>\n<p>&#13;<\/p>\n<p style=\"text-align: justify;\"><span style=\"font-weight: 400;\">Classifica\u00e7\u00e3o: Livre.<\/span><\/p>\n<p>&#13;<\/p>\n<p style=\"text-align: justify;\"><span style=\"font-weight: 400;\">Realiza\u00e7\u00e3o Coletivo SobreViver, com apoio da Prefeitura de Limeira, por meio da Secretaria de Cultura.<\/span><\/p>\n<p>&#13;<\/p>\n<p style=\"text-align: justify;\"><span style=\"font-weight: 400;\">\u00a0<\/span><\/p>\n<p>&#13;<\/p>\n<p style=\"text-align: justify;\"><strong>Oficina: Teatro para a Melhor Idade<\/strong><\/p>\n<p>&#13;<\/p>\n<p style=\"text-align: justify;\"><span style=\"font-weight: 400;\">Domingo (12), \u00e0s 14h &#8211; Palacete Levy<\/span><\/p>\n<p>&#13;<\/p>\n<p style=\"text-align: justify;\"><span style=\"font-weight: 400;\">O Grupo Levitar de Teatro realiza a oficina teatral voltada especialmente para pessoas com idade acima dos 40 anos com dura\u00e7\u00e3o aproximada de tr\u00eas horas\/aula. A oficina ser\u00e1 conduzida pelo professor e ator Lucas Rodrigues, que tem em seu curr\u00edculo vasta experi\u00eancia no ensino de teatro para adultos. Seu objetivo principal \u00e9 proporcionar um ambiente inclusivo e estimulante, onde os participantes poder\u00e3o explorar sua criatividade, desenvolver habilidades teatrais e, acima de tudo, desfrutar de momentos de conv\u00edvio e divers\u00e3o sobre essa arte milenar que \u00e9 as artes C\u00eanicas.\u00a0 As inscri\u00e7\u00f5es poder\u00e3o ser feitas atrav\u00e9s do link:\u00a0<\/span><\/p>\n<p>&#13;<\/p>\n<p style=\"text-align: justify;\"><span style=\"font-weight: 400;\">Entrada: Gratuita, mediante inscri\u00e7\u00e3o pelo link <\/span><a href=\"https:\/\/forms.gle\/fbZN5WunnnTMY9vB8\" rel=\"noopener\"><span style=\"font-weight: 400;\">https:\/\/forms.gle\/fbZN5WunnnTMY9vB8<\/span><\/a><span style=\"font-weight: 400;\"> (25 vagas).<\/span><\/p>\n<p>&#13;<\/p>\n<p style=\"text-align: justify;\"><span style=\"font-weight: 400;\">Classifica\u00e7\u00e3o: A partir de 40 anos.<\/span><\/p>\n<p>&#13;<\/p>\n<p style=\"text-align: justify;\"><span style=\"font-weight: 400;\">Realiza\u00e7\u00e3o: ProAC (Programa de A\u00e7\u00e3o Cultural do Governo do Estado de S\u00e3o Paulo e da Secretaria da Cultura e Economia Criativa), Prefeitura, por meio da Secretaria da Cultura, e Grupo Levitar.<\/span><\/p>\n<p>&#13;<\/p>\n<p style=\"text-align: justify;\"><span style=\"font-weight: 400;\">Dura\u00e7\u00e3o: 180 min.<\/span><\/p>\n<p>&#13;<\/p>\n<p style=\"text-align: justify;\">\u00a0<\/p>\n<p>&#13;<\/p>\n<p style=\"text-align: justify;\">\u00a0<\/p>\n<p>&#13;<br \/>\n&#13;<br \/>\n&#13;<br \/>\n&#13;<\/p>\n<aside class=\"list-related no-print\">&#13;<br \/>\n        &#13;<br \/>\n&#13;<\/p>\n<article class=\"list-item noticias \">&#13;<br \/>\n                    <a class=\"list-item__img\" href=\"https:\/\/limeira.sp.gov.br\/imprensa\/noticias\/cultura\/banca-de-trocas-de-livros-e-gibis-acontece-nesta-quarta-8\" tabindex=\"-1\" aria-hidden=\"true\" rel=\"noopener\">&#13;<br \/>\n                        <img data-recalc-dims=\"1\" decoding=\"async\" src=\"https:\/\/i0.wp.com\/ecrie.com.br\/sistema\/conteudos\/imagem\/m_137_0_1_06052024144956.png?w=696&#038;ssl=1\" alt=\"Banca de Trocas de Livros e Gibis acontece nesta quarta (8)\"\/>&#13;<br \/>\n                    <\/a>&#13;<br \/>\n&#13;<br \/>\n                &#13;<br \/>\n            <\/article>\n<p>&#13;<\/p>\n<article class=\"list-item noticias \">&#13;<br \/>\n                    <a class=\"list-item__img\" href=\"https:\/\/limeira.sp.gov.br\/imprensa\/noticias\/cultura\/evento-gratuito-sobre-vivencia-quilombola-se-inicia-nesta-segunda-6\" tabindex=\"-1\" aria-hidden=\"true\" rel=\"noopener\">&#13;<br \/>\n                        <img data-recalc-dims=\"1\" decoding=\"async\" src=\"https:\/\/i0.wp.com\/ecrie.com.br\/sistema\/conteudos\/imagem\/m_137_45_130_15122022144819.jpg?w=696&#038;ssl=1\" alt=\"Evento gratuito sobre viv\u00eancia quilombola se inicia nesta segunda (6)\"\/>&#13;<br \/>\n                    <\/a>&#13;<br \/>\n&#13;<br \/>\n                &#13;<br \/>\n            <\/article>\n<p>&#13;<\/p>\n<article class=\"list-item noticias \">&#13;<br \/>\n                    <a class=\"list-item__img\" href=\"https:\/\/limeira.sp.gov.br\/imprensa\/noticias\/cultura\/mobilizacao-pela-saude-materna-acontece-neste-domingo-5\" tabindex=\"-1\" aria-hidden=\"true\" rel=\"noopener\">&#13;<br \/>\n                        <img data-recalc-dims=\"1\" decoding=\"async\" src=\"https:\/\/i0.wp.com\/ecrie.com.br\/sistema\/conteudos\/imagem\/m_137_0_1_03052024130148.jpg?w=696&#038;ssl=1\" alt=\"Mobiliza\u00e7\u00e3o Pela Sa\u00fade Materna acontece neste domingo (5)\"\/>&#13;<br \/>\n                    <\/a>&#13;<br \/>\n&#13;<br \/>\n                &#13;<br \/>\n            <\/article>\n<p>&#13;<br \/>\n    <\/aside>\n<p>&#13;<br \/>\n&#13;\n            <\/p><\/div>\n<p><br \/>\n<br \/><a href=\"https:\/\/limeira.sp.gov.br\/eventos-em-homenagem-as-maes-sao-destaques-da-semana\" rel=\"noopener\">Informa\u00e7\u00f5es da PML <\/a><\/p>\n","protected":false},"excerpt":{"rendered":"<p>&#13; &#13; &#13; &#13; &#13; &#13; &#13; A programa\u00e7\u00e3o desta semana apresenta na sexta-feira (10), o evento\u00a0 \u201cHomenagem para Elas\u201d, realizado pela Escola Municipal de Cultura e Artes (Emcea), \u00e0s 19h; e o \u201cConcerto das M\u00e3es\u201d da Orquestra Sinf\u00f4nica de Limeira, na Par\u00f3quia Nossa Senhora Aparecida, \u00e0s 20h30. Os dois eventos s\u00e3o gratuitos. &#13; A [&hellip;]<\/p>\n","protected":false},"author":1,"featured_media":3423,"comment_status":"open","ping_status":"open","sticky":false,"template":"","format":"standard","meta":{"_jetpack_newsletter_access":"","_jetpack_dont_email_post_to_subs":false,"_jetpack_newsletter_tier_id":0,"_jetpack_memberships_contains_paywalled_content":false,"_mbp_banners":[],"_jetpack_feature_clip_id":0,"_jetpack_memberships_contains_paid_content":false,"footnotes":"","jetpack_publicize_message":"","jetpack_publicize_feature_enabled":true,"jetpack_social_post_already_shared":true,"jetpack_social_options":{"image_generator_settings":{"template":"highway","default_image_id":0,"font":"","enabled":false},"version":2},"jetpack_post_was_ever_published":false},"categories":[16],"tags":[],"class_list":["post-3970","post","type-post","status-publish","format-standard","has-post-thumbnail","category-local"],"jetpack_publicize_connections":[],"jetpack-related-posts":[],"jetpack_shortlink":"https:\/\/wp.me\/p7Eq1F-122","jetpack_sharing_enabled":true,"jetpack_featured_media_url":"https:\/\/i0.wp.com\/guialimeira.com.br\/news\/wp-content\/uploads\/2024\/05\/m_137_0_1_21032024141121.jpeg?fit=1278%2C852&ssl=1","_links":{"self":[{"href":"https:\/\/guialimeira.com.br\/news\/wp-json\/wp\/v2\/posts\/3970","targetHints":{"allow":["GET"]}}],"collection":[{"href":"https:\/\/guialimeira.com.br\/news\/wp-json\/wp\/v2\/posts"}],"about":[{"href":"https:\/\/guialimeira.com.br\/news\/wp-json\/wp\/v2\/types\/post"}],"author":[{"embeddable":true,"href":"https:\/\/guialimeira.com.br\/news\/wp-json\/wp\/v2\/users\/1"}],"replies":[{"embeddable":true,"href":"https:\/\/guialimeira.com.br\/news\/wp-json\/wp\/v2\/comments?post=3970"}],"version-history":[{"count":0,"href":"https:\/\/guialimeira.com.br\/news\/wp-json\/wp\/v2\/posts\/3970\/revisions"}],"wp:featuredmedia":[{"embeddable":true,"href":"https:\/\/guialimeira.com.br\/news\/wp-json\/wp\/v2\/media\/3423"}],"wp:attachment":[{"href":"https:\/\/guialimeira.com.br\/news\/wp-json\/wp\/v2\/media?parent=3970"}],"wp:term":[{"taxonomy":"category","embeddable":true,"href":"https:\/\/guialimeira.com.br\/news\/wp-json\/wp\/v2\/categories?post=3970"},{"taxonomy":"post_tag","embeddable":true,"href":"https:\/\/guialimeira.com.br\/news\/wp-json\/wp\/v2\/tags?post=3970"}],"curies":[{"name":"wp","href":"https:\/\/api.w.org\/{rel}","templated":true}]}}