{"id":39697,"date":"2025-07-25T16:17:37","date_gmt":"2025-07-25T19:17:37","guid":{"rendered":"https:\/\/guialimeira.com.br\/?p=39697"},"modified":"2025-07-25T16:17:37","modified_gmt":"2025-07-25T19:17:37","slug":"inaugurada-nova-creche-prof-bento-lordello-na-vila-boteon-em-cordeiropolis-prefeitura-municipal-de-cordeiropolis","status":"publish","type":"post","link":"https:\/\/guialimeira.com.br\/news\/inaugurada-nova-creche-prof-bento-lordello-na-vila-boteon-em-cordeiropolis-prefeitura-municipal-de-cordeiropolis\/","title":{"rendered":"Inaugurada nova creche Prof. Bento Lordello, na Vila Boteon, em Cordeir\u00f3polis \u2013 Prefeitura Municipal de Cordeir\u00f3polis"},"content":{"rendered":"<p> <br \/>\n<\/p>\n<div>\n<p>O novo Centro de Educa\u00e7\u00e3o Infantil (CEI) \u201cProf. Bento Avelino Lordello\u201d, na Vila Boteon, foi inaugurado nesta sexta-feira (25) pela prefeita Cristina Saad, pelo vice-prefeito Anderson Hespanhol Pique e pela secret\u00e1ria de Educa\u00e7\u00e3o, \u00c9rika Marin Guimar\u00e3es. A fam\u00edlia do patrono da creche, que atende crian\u00e7as de 3 a 5 anos, marcou presen\u00e7a na cerim\u00f4nia.<\/p>\n<p>Tamb\u00e9m estiveram presentes o presidente da C\u00e2mara, vereador Paulo C\u00e9sar Morais, a vereadora Deize Bettin, e os vereadores Valmir Sanches, Sidnei Gambaro, Vilson Caleffi e Diego Fabiano, al\u00e9m de secret\u00e1rios, equipe gestora do CEI, pais de alunos, servidores e a comunidade da regi\u00e3o.<\/p>\n<p>\u201cFiguras como o Bento, Jamil Abrah\u00e3o Saad e Dr. C\u00e1ssio de Freitas Levy come\u00e7aram a construir Cordeir\u00f3polis e o \u00fanico interesse deles era o amor pela nossa cidade\u201d, destacou Cristina, que se emocionou ao mencionar a fam\u00edlia do professor Bento. \u201cQuando vejo essa fam\u00edlia, eu sinto orgulho da nossa cidade e de todos que est\u00e3o hoje aqui construindo Cordeir\u00f3polis\u201d, enfatizou.<\/p>\n<p>\u201cEstamos eternizando nesta creche o professor Bento, sua hist\u00f3ria e seu legado. A preocupa\u00e7\u00e3o da nossa gest\u00e3o \u00e9 com as fam\u00edlias de Cordeir\u00f3polis e \u00e9 isso que estamos mostrando aqui\u201d, disse Pique. \u201cNada mais justo que um homem \u00edntegro, professor e pol\u00edtico, dar nome a essa creche, que \u00e9 uma f\u00e1brica de sonhos para o futuro\u201d, comentou o vereador Valmir Sanches.<\/p>\n<p>\u201cEsse CEI \u00e9 fundamental para a expans\u00e3o de vagas para a regi\u00e3o leste da cidade. Essa nova creche se soma \u00e0 outra importante a\u00e7\u00e3o, que \u00e9 a reforma do CEI Lilia para expandir ainda mais as vagas em creche para crian\u00e7as de 0 a 3 anos. Essas a\u00e7\u00f5es refor\u00e7am nosso compromisso com a educa\u00e7\u00e3o desde os primeiros anos de vida\u201d, explicou \u00c9rika.<\/p>\n<p>Lu\u00eds Roberto Lordello Beltrame, neto do professor Bento, falou em nome da fam\u00edlia. \u201cHoje \u00e9 um dia especial para toda minha fam\u00edlia, ver o nome do meu av\u00f4 associado a esse CEI. \u00c9 uma homenagem que nos enche de orgulho. Seu legado vai al\u00e9m da sala de aula. [Bento] foi um av\u00f4 amoroso, que nos ensinava o valor da paci\u00eancia, da compaix\u00e3o e da simplicidade\u201d, afirmou.<\/p>\n<figure class=\"wp-block-gallery has-nested-images columns-default is-cropped wp-block-gallery-1 is-layout-flex wp-block-gallery-is-layout-flex\">\n<figure class=\"wp-block-image size-large\"><\/figure>\n<figure class=\"wp-block-image size-large\"><img data-recalc-dims=\"1\" decoding=\"async\" data-attachment-id=\"30867\" data-permalink=\"https:\/\/guialimeira.com.br\/news\/clipe-da-quebrada-sp-abre-inscricoes-para-artistas-das-periferias-paulistas\/clipe-da-quebrada-sp-abre-inscricoes-para-artistas-das-periferias\/\" data-orig-file=\"https:\/\/i0.wp.com\/guialimeira.com.br\/news\/wp-content\/uploads\/2025\/04\/Clipe-da-Quebrada-SP-abre-inscricoes-para-artistas-das-periferias.png?fit=2560%2C1440&amp;ssl=1\" data-orig-size=\"2560,1440\" data-comments-opened=\"1\" data-image-meta=\"{&quot;aperture&quot;:&quot;0&quot;,&quot;credit&quot;:&quot;&quot;,&quot;camera&quot;:&quot;&quot;,&quot;caption&quot;:&quot;&quot;,&quot;created_timestamp&quot;:&quot;0&quot;,&quot;copyright&quot;:&quot;&quot;,&quot;focal_length&quot;:&quot;0&quot;,&quot;iso&quot;:&quot;0&quot;,&quot;shutter_speed&quot;:&quot;0&quot;,&quot;title&quot;:&quot;&quot;,&quot;orientation&quot;:&quot;0&quot;}\" data-image-title=\"Clipe da Quebrada: SP abre inscri\u00e7\u00f5es para artistas das periferias\" data-image-description=\"\" data-image-caption=\"\" data-large-file=\"https:\/\/i0.wp.com\/guialimeira.com.br\/news\/wp-content\/uploads\/2025\/04\/Clipe-da-Quebrada-SP-abre-inscricoes-para-artistas-das-periferias.png?fit=696%2C392&amp;ssl=1\" loading=\"lazy\" width=\"696\" height=\"392\" data-id=\"30867\" src=\"https:\/\/i0.wp.com\/guialimeira.com.br\/wp-content\/uploads\/2025\/07\/1753471055_778_Inaugurada-nova-creche-Prof-Bento-Lordello-na-Vila-Boteon-em.jpg?resize=696%2C392&#038;ssl=1\" alt=\"\" class=\"wp-image-30867\" \/><\/figure>\n<figure class=\"wp-block-image size-large\"><img data-recalc-dims=\"1\" decoding=\"async\" loading=\"lazy\" width=\"696\" height=\"392\" data-id=\"30866\" src=\"https:\/\/i0.wp.com\/guialimeira.com.br\/wp-content\/uploads\/2025\/07\/1753471055_430_Inaugurada-nova-creche-Prof-Bento-Lordello-na-Vila-Boteon-em.jpg?resize=696%2C392&#038;ssl=1\" alt=\"\" class=\"wp-image-30866\" \/><\/figure>\n<figure class=\"wp-block-image size-large\"><img data-recalc-dims=\"1\" decoding=\"async\" data-attachment-id=\"30865\" data-permalink=\"https:\/\/guialimeira.com.br\/news\/mais-de-335-mil-pessoas-vivem-em-situacao-de-rua-no-brasil\/trbr4802-jpg\/\" data-orig-file=\"https:\/\/i0.wp.com\/guialimeira.com.br\/news\/wp-content\/uploads\/2025\/04\/trbr4802.jpg?fit=1600%2C800&amp;ssl=1\" data-orig-size=\"1600,800\" data-comments-opened=\"1\" data-image-meta=\"{&quot;aperture&quot;:&quot;0&quot;,&quot;credit&quot;:&quot;&quot;,&quot;camera&quot;:&quot;&quot;,&quot;caption&quot;:&quot;&quot;,&quot;created_timestamp&quot;:&quot;0&quot;,&quot;copyright&quot;:&quot;&quot;,&quot;focal_length&quot;:&quot;0&quot;,&quot;iso&quot;:&quot;0&quot;,&quot;shutter_speed&quot;:&quot;0&quot;,&quot;title&quot;:&quot;&quot;,&quot;orientation&quot;:&quot;0&quot;}\" data-image-title=\"trbr4802.jpg\" data-image-description=\"\" data-image-caption=\"\" data-large-file=\"https:\/\/i0.wp.com\/guialimeira.com.br\/news\/wp-content\/uploads\/2025\/04\/trbr4802.jpg?fit=696%2C348&amp;ssl=1\" loading=\"lazy\" width=\"696\" height=\"392\" data-id=\"30865\" src=\"https:\/\/i0.wp.com\/guialimeira.com.br\/wp-content\/uploads\/2025\/07\/1753471055_645_Inaugurada-nova-creche-Prof-Bento-Lordello-na-Vila-Boteon-em.jpg?resize=696%2C392&#038;ssl=1\" alt=\"\" class=\"wp-image-30865\" \/><\/figure>\n<figure class=\"wp-block-image size-large\"><img data-recalc-dims=\"1\" decoding=\"async\" loading=\"lazy\" width=\"696\" height=\"392\" data-id=\"30864\" src=\"https:\/\/i0.wp.com\/guialimeira.com.br\/wp-content\/uploads\/2025\/07\/1753471055_119_Inaugurada-nova-creche-Prof-Bento-Lordello-na-Vila-Boteon-em.jpg?resize=696%2C392&#038;ssl=1\" alt=\"\" class=\"wp-image-30864\" \/><\/figure>\n<figure class=\"wp-block-image size-large\"><img data-recalc-dims=\"1\" decoding=\"async\" data-attachment-id=\"30863\" data-permalink=\"https:\/\/guialimeira.com.br\/news\/entenda-a-ampliacao-do-programa-minha-casa-minha-vida\/53804115232_02913618b5_o-jpg\/\" data-orig-file=\"https:\/\/i0.wp.com\/guialimeira.com.br\/news\/wp-content\/uploads\/2025\/04\/53804115232_02913618b5_o.jpg?fit=1600%2C800&amp;ssl=1\" data-orig-size=\"1600,800\" data-comments-opened=\"1\" data-image-meta=\"{&quot;aperture&quot;:&quot;0&quot;,&quot;credit&quot;:&quot;&quot;,&quot;camera&quot;:&quot;&quot;,&quot;caption&quot;:&quot;&quot;,&quot;created_timestamp&quot;:&quot;0&quot;,&quot;copyright&quot;:&quot;&quot;,&quot;focal_length&quot;:&quot;0&quot;,&quot;iso&quot;:&quot;0&quot;,&quot;shutter_speed&quot;:&quot;0&quot;,&quot;title&quot;:&quot;&quot;,&quot;orientation&quot;:&quot;0&quot;}\" data-image-title=\"53804115232_02913618b5_o.jpg\" data-image-description=\"\" data-image-caption=\"\" data-large-file=\"https:\/\/i0.wp.com\/guialimeira.com.br\/news\/wp-content\/uploads\/2025\/04\/53804115232_02913618b5_o.jpg?fit=696%2C348&amp;ssl=1\" loading=\"lazy\" width=\"696\" height=\"392\" data-id=\"30863\" src=\"https:\/\/i0.wp.com\/guialimeira.com.br\/wp-content\/uploads\/2025\/07\/1753471055_366_Inaugurada-nova-creche-Prof-Bento-Lordello-na-Vila-Boteon-em.jpg?resize=696%2C392&#038;ssl=1\" alt=\"\" class=\"wp-image-30863\" \/><\/figure>\n<figure class=\"wp-block-image size-large\"><img data-recalc-dims=\"1\" decoding=\"async\" loading=\"lazy\" width=\"696\" height=\"392\" data-id=\"30862\" src=\"https:\/\/i0.wp.com\/guialimeira.com.br\/wp-content\/uploads\/2025\/07\/1753471055_32_Inaugurada-nova-creche-Prof-Bento-Lordello-na-Vila-Boteon-em.jpg?resize=696%2C392&#038;ssl=1\" alt=\"\" class=\"wp-image-30862\" \/><\/figure>\n<figure class=\"wp-block-image size-large\"><img data-recalc-dims=\"1\" decoding=\"async\" loading=\"lazy\" width=\"696\" height=\"392\" data-id=\"30861\" src=\"https:\/\/i0.wp.com\/guialimeira.com.br\/wp-content\/uploads\/2025\/07\/1753471055_837_Inaugurada-nova-creche-Prof-Bento-Lordello-na-Vila-Boteon-em.jpg?resize=696%2C392&#038;ssl=1\" alt=\"\" class=\"wp-image-30861\" \/><\/figure>\n<\/figure><\/div>\n<p><br \/>\n<br \/><a href=\"https:\/\/www.cordeiropolis.sp.gov.br\/inaugurada-nova-creche-prof-bento-lordello-na-vila-boteon-em-cordeiropolis\/\" rel=\"noopener\">Informa\u00e7\u00f5es Cordeir\u00f3polis <\/a><\/p>\n","protected":false},"excerpt":{"rendered":"<p>O novo Centro de Educa\u00e7\u00e3o Infantil (CEI) \u201cProf. Bento Avelino Lordello\u201d, na Vila Boteon, foi inaugurado nesta sexta-feira (25) pela prefeita Cristina Saad, pelo vice-prefeito Anderson Hespanhol Pique e pela secret\u00e1ria de Educa\u00e7\u00e3o, \u00c9rika Marin Guimar\u00e3es. A fam\u00edlia do patrono da creche, que atende crian\u00e7as de 3 a 5 anos, marcou presen\u00e7a na cerim\u00f4nia. Tamb\u00e9m [&hellip;]<\/p>\n","protected":false},"author":1,"featured_media":39698,"comment_status":"open","ping_status":"open","sticky":false,"template":"","format":"standard","meta":{"_jetpack_newsletter_access":"","_jetpack_dont_email_post_to_subs":false,"_jetpack_newsletter_tier_id":0,"_jetpack_memberships_contains_paywalled_content":false,"_mbp_banners":[],"_jetpack_feature_clip_id":0,"_jetpack_memberships_contains_paid_content":false,"footnotes":"","jetpack_publicize_message":"","jetpack_publicize_feature_enabled":true,"jetpack_social_post_already_shared":true,"jetpack_social_options":{"image_generator_settings":{"template":"highway","default_image_id":0,"font":"","enabled":false},"version":2},"jetpack_post_was_ever_published":false},"categories":[20],"tags":[],"class_list":["post-39697","post","type-post","status-publish","format-standard","has-post-thumbnail","category-regiao"],"jetpack_publicize_connections":[],"jetpack-related-posts":[],"jetpack_shortlink":"https:\/\/wp.me\/p7Eq1F-akh","jetpack_sharing_enabled":true,"jetpack_featured_media_url":"https:\/\/i0.wp.com\/guialimeira.com.br\/news\/wp-content\/uploads\/2025\/07\/Inaugurada-nova-creche-Prof-Bento-Lordello-na-Vila-Boteon-em.jpg?fit=1024%2C576&ssl=1","_links":{"self":[{"href":"https:\/\/guialimeira.com.br\/news\/wp-json\/wp\/v2\/posts\/39697","targetHints":{"allow":["GET"]}}],"collection":[{"href":"https:\/\/guialimeira.com.br\/news\/wp-json\/wp\/v2\/posts"}],"about":[{"href":"https:\/\/guialimeira.com.br\/news\/wp-json\/wp\/v2\/types\/post"}],"author":[{"embeddable":true,"href":"https:\/\/guialimeira.com.br\/news\/wp-json\/wp\/v2\/users\/1"}],"replies":[{"embeddable":true,"href":"https:\/\/guialimeira.com.br\/news\/wp-json\/wp\/v2\/comments?post=39697"}],"version-history":[{"count":1,"href":"https:\/\/guialimeira.com.br\/news\/wp-json\/wp\/v2\/posts\/39697\/revisions"}],"predecessor-version":[{"id":39699,"href":"https:\/\/guialimeira.com.br\/news\/wp-json\/wp\/v2\/posts\/39697\/revisions\/39699"}],"wp:featuredmedia":[{"embeddable":true,"href":"https:\/\/guialimeira.com.br\/news\/wp-json\/wp\/v2\/media\/39698"}],"wp:attachment":[{"href":"https:\/\/guialimeira.com.br\/news\/wp-json\/wp\/v2\/media?parent=39697"}],"wp:term":[{"taxonomy":"category","embeddable":true,"href":"https:\/\/guialimeira.com.br\/news\/wp-json\/wp\/v2\/categories?post=39697"},{"taxonomy":"post_tag","embeddable":true,"href":"https:\/\/guialimeira.com.br\/news\/wp-json\/wp\/v2\/tags?post=39697"}],"curies":[{"name":"wp","href":"https:\/\/api.w.org\/{rel}","templated":true}]}}