{"id":39629,"date":"2025-07-24T17:54:39","date_gmt":"2025-07-24T20:54:39","guid":{"rendered":"https:\/\/guialimeira.com.br\/?p=39629"},"modified":"2025-07-24T17:54:39","modified_gmt":"2025-07-24T20:54:39","slug":"faculdade-anhanguera-retoma-polo-em-cordeiropolis-prefeitura-municipal-de-cordeiropolis","status":"publish","type":"post","link":"https:\/\/guialimeira.com.br\/news\/faculdade-anhanguera-retoma-polo-em-cordeiropolis-prefeitura-municipal-de-cordeiropolis\/","title":{"rendered":"Faculdade Anhanguera retoma polo em Cordeir\u00f3polis \u2013 Prefeitura Municipal de Cordeir\u00f3polis"},"content":{"rendered":"<p> <br \/>\n<\/p>\n<div>\n<p>A Prefeitura de Cordeir\u00f3polis e a Faculdade Anhanguera retomaram a parceria para ter um polo da institui\u00e7\u00e3o na cidade. O termo de concess\u00e3o de parceria foi assinado nesta quarta-feira (23) pela prefeita Cristina Saad e pela coordenadora pedag\u00f3gica da Anhanguera, Gislaine Moraro. O polo funcionar\u00e1 na Emef Prof.\u00aa Maria Aparecida Pagoto Moraes.<\/p>\n<p>Participaram da cerim\u00f4nia o vice-prefeito Anderson Hespanhol Pique, a secret\u00e1ria de Educa\u00e7\u00e3o, \u00c9rika Marin Guimar\u00e3es, o presidente da C\u00e2mara, vereador Paulo C\u00e9sar Morais, a vereadora Deize Bettin, e os vereadores Valmir Sanches, Sidnei Gambaro, Vilson Caleffi, Rozimar Rodrigues e Diego Fabiano, entre outras autoridades e representantes da Anhanguera.<\/p>\n<p>\u201cA faculdade nos procurou para retomar essa parceria. As portas de Cordeir\u00f3polis est\u00e3o abertas novamente para que as coisas boas voltem. E \u00e9 nossa obriga\u00e7\u00e3o fazer o melhor para nossa popula\u00e7\u00e3o, principalmente para a juventude\u201d, afirmou Cristina Saad. \u201cEstamos avan\u00e7ando e aprimorando essa parceria com a faculdade Anhanguera\u201d, ressaltou Pique.<\/p>\n<p>S\u00e3o diversos cursos oferecidos pela Anhanguera. Mais informa\u00e7\u00f5es podem ser obtidas pelo telefone (WhatsApp): (19) 97105-4796.<\/p>\n<figure class=\"wp-block-gallery has-nested-images columns-default is-cropped wp-block-gallery-1 is-layout-flex wp-block-gallery-is-layout-flex\">\n<figure class=\"wp-block-image size-large\"><\/figure>\n<figure class=\"wp-block-image size-large\"><img data-recalc-dims=\"1\" decoding=\"async\" loading=\"lazy\" width=\"696\" height=\"392\" data-id=\"30847\" src=\"https:\/\/i0.wp.com\/guialimeira.com.br\/wp-content\/uploads\/2025\/07\/1753390478_203_Faculdade-Anhanguera-retoma-polo-em-Cordeiropolis-%E2%80%93-Prefeitura-Municipal-de.jpg?resize=696%2C392&#038;ssl=1\" alt=\"\" class=\"wp-image-30847\" \/><\/figure>\n<figure class=\"wp-block-image size-large\"><img data-recalc-dims=\"1\" decoding=\"async\" data-attachment-id=\"30846\" data-permalink=\"https:\/\/guialimeira.com.br\/news\/no-rio-evento-reune-25-etnias-e-celebra-dia-dos-povos-indigenas\/povosindigenas_27-jpg\/\" data-orig-file=\"https:\/\/i0.wp.com\/guialimeira.com.br\/news\/wp-content\/uploads\/2025\/04\/povosindigenas_27.jpg?fit=1600%2C800&amp;ssl=1\" data-orig-size=\"1600,800\" data-comments-opened=\"1\" data-image-meta=\"{&quot;aperture&quot;:&quot;0&quot;,&quot;credit&quot;:&quot;&quot;,&quot;camera&quot;:&quot;&quot;,&quot;caption&quot;:&quot;&quot;,&quot;created_timestamp&quot;:&quot;0&quot;,&quot;copyright&quot;:&quot;&quot;,&quot;focal_length&quot;:&quot;0&quot;,&quot;iso&quot;:&quot;0&quot;,&quot;shutter_speed&quot;:&quot;0&quot;,&quot;title&quot;:&quot;&quot;,&quot;orientation&quot;:&quot;0&quot;}\" data-image-title=\"povosindigenas_27.jpg\" data-image-description=\"\" data-image-caption=\"\" data-large-file=\"https:\/\/i0.wp.com\/guialimeira.com.br\/news\/wp-content\/uploads\/2025\/04\/povosindigenas_27.jpg?fit=696%2C348&amp;ssl=1\" loading=\"lazy\" width=\"696\" height=\"392\" data-id=\"30846\" src=\"https:\/\/i0.wp.com\/guialimeira.com.br\/wp-content\/uploads\/2025\/07\/1753390478_533_Faculdade-Anhanguera-retoma-polo-em-Cordeiropolis-%E2%80%93-Prefeitura-Municipal-de.jpg?resize=696%2C392&#038;ssl=1\" alt=\"\" class=\"wp-image-30846\" \/><\/figure>\n<\/figure><\/div>\n<p><br \/>\n<br \/><a href=\"https:\/\/www.cordeiropolis.sp.gov.br\/faculdade-anhanguera-retoma-polo-em-cordeiropolis\/\" rel=\"noopener\">Informa\u00e7\u00f5es Cordeir\u00f3polis <\/a><\/p>\n","protected":false},"excerpt":{"rendered":"<p>A Prefeitura de Cordeir\u00f3polis e a Faculdade Anhanguera retomaram a parceria para ter um polo da institui\u00e7\u00e3o na cidade. O termo de concess\u00e3o de parceria foi assinado nesta quarta-feira (23) pela prefeita Cristina Saad e pela coordenadora pedag\u00f3gica da Anhanguera, Gislaine Moraro. O polo funcionar\u00e1 na Emef Prof.\u00aa Maria Aparecida Pagoto Moraes. Participaram da cerim\u00f4nia [&hellip;]<\/p>\n","protected":false},"author":1,"featured_media":39630,"comment_status":"open","ping_status":"open","sticky":false,"template":"","format":"standard","meta":{"_jetpack_newsletter_access":"","_jetpack_dont_email_post_to_subs":false,"_jetpack_newsletter_tier_id":0,"_jetpack_memberships_contains_paywalled_content":false,"_mbp_banners":[],"_jetpack_feature_clip_id":0,"_jetpack_memberships_contains_paid_content":false,"footnotes":"","jetpack_publicize_message":"","jetpack_publicize_feature_enabled":true,"jetpack_social_post_already_shared":true,"jetpack_social_options":{"image_generator_settings":{"template":"highway","default_image_id":0,"font":"","enabled":false},"version":2},"jetpack_post_was_ever_published":false},"categories":[20],"tags":[],"class_list":["post-39629","post","type-post","status-publish","format-standard","has-post-thumbnail","category-regiao"],"jetpack_publicize_connections":[],"jetpack-related-posts":[],"jetpack_shortlink":"https:\/\/wp.me\/p7Eq1F-ajb","jetpack_sharing_enabled":true,"jetpack_featured_media_url":"https:\/\/i0.wp.com\/guialimeira.com.br\/news\/wp-content\/uploads\/2025\/07\/Faculdade-Anhanguera-retoma-polo-em-Cordeiropolis-%E2%80%93-Prefeitura-Municipal-de.jpg?fit=1024%2C577&ssl=1","_links":{"self":[{"href":"https:\/\/guialimeira.com.br\/news\/wp-json\/wp\/v2\/posts\/39629","targetHints":{"allow":["GET"]}}],"collection":[{"href":"https:\/\/guialimeira.com.br\/news\/wp-json\/wp\/v2\/posts"}],"about":[{"href":"https:\/\/guialimeira.com.br\/news\/wp-json\/wp\/v2\/types\/post"}],"author":[{"embeddable":true,"href":"https:\/\/guialimeira.com.br\/news\/wp-json\/wp\/v2\/users\/1"}],"replies":[{"embeddable":true,"href":"https:\/\/guialimeira.com.br\/news\/wp-json\/wp\/v2\/comments?post=39629"}],"version-history":[{"count":1,"href":"https:\/\/guialimeira.com.br\/news\/wp-json\/wp\/v2\/posts\/39629\/revisions"}],"predecessor-version":[{"id":39631,"href":"https:\/\/guialimeira.com.br\/news\/wp-json\/wp\/v2\/posts\/39629\/revisions\/39631"}],"wp:featuredmedia":[{"embeddable":true,"href":"https:\/\/guialimeira.com.br\/news\/wp-json\/wp\/v2\/media\/39630"}],"wp:attachment":[{"href":"https:\/\/guialimeira.com.br\/news\/wp-json\/wp\/v2\/media?parent=39629"}],"wp:term":[{"taxonomy":"category","embeddable":true,"href":"https:\/\/guialimeira.com.br\/news\/wp-json\/wp\/v2\/categories?post=39629"},{"taxonomy":"post_tag","embeddable":true,"href":"https:\/\/guialimeira.com.br\/news\/wp-json\/wp\/v2\/tags?post=39629"}],"curies":[{"name":"wp","href":"https:\/\/api.w.org\/{rel}","templated":true}]}}