{"id":3962,"date":"2024-05-06T21:23:45","date_gmt":"2024-05-07T00:23:45","guid":{"rendered":"https:\/\/guialimeira.com.br\/2024\/05\/06\/infraestrutura-e-meio-ambiente-tera-novo-secretario-portal-do-municipio-de-piracicaba\/"},"modified":"2024-05-06T21:23:45","modified_gmt":"2024-05-07T00:23:45","slug":"infraestrutura-e-meio-ambiente-tera-novo-secretario-portal-do-municipio-de-piracicaba","status":"publish","type":"post","link":"https:\/\/guialimeira.com.br\/news\/infraestrutura-e-meio-ambiente-tera-novo-secretario-portal-do-municipio-de-piracicaba\/","title":{"rendered":"Infraestrutura e Meio Ambiente ter\u00e1 novo secret\u00e1rio \u2013 Portal do Munic\u00edpio de Piracicaba"},"content":{"rendered":"<p> <br \/>\n<\/p>\n<div itemprop=\"articleBody\">\n<div class=\"m-auto col-lg-8\">\n<p>Alex Gama Salvaia pediu hoje, 06\/05, exonera\u00e7\u00e3o do cargo de secret\u00e1rio municipal de Infraestrutura e Meio Ambiente (Simap). Ele deixa a fun\u00e7\u00e3o para seguir com projetos pessoais. A exonera\u00e7\u00e3o foi publicada hoje no Di\u00e1rio Oficial. Um novo nome para o cargo ser\u00e1 anunciado em breve.<\/p>\n<p>O prefeito Luciano Almeida agradeceu Salvaia pelos servi\u00e7os prestados \u00e0 frente da Pasta, que ele assumiu em junho de 2021. \u201cA Simap \u00e9 uma das secretarias mais importantes da Administra\u00e7\u00e3o e agrade\u00e7o ao Alex pelo tempo dedicado \u00e0s quest\u00f5es ambientais nestes tr\u00eas anos \u00e0 frente da Pasta\u201d, disse.<\/p>\n<\/p><\/div>\n<\/p><\/div>\n<p><br \/>\n<br \/><a href=\"https:\/\/piracicaba.sp.gov.br\/noticias\/infraestrutura-e-meio-ambiente-tera-novo-secretario\/\" rel=\"noopener\">Informa\u00e7\u00f5es PMP <\/a><\/p>\n","protected":false},"excerpt":{"rendered":"<p>Alex Gama Salvaia pediu hoje, 06\/05, exonera\u00e7\u00e3o do cargo de secret\u00e1rio municipal de Infraestrutura e Meio Ambiente (Simap). Ele deixa a fun\u00e7\u00e3o para seguir com projetos pessoais. A exonera\u00e7\u00e3o foi publicada hoje no Di\u00e1rio Oficial. Um novo nome para o cargo ser\u00e1 anunciado em breve. O prefeito Luciano Almeida agradeceu Salvaia pelos servi\u00e7os prestados \u00e0 [&hellip;]<\/p>\n","protected":false},"author":1,"featured_media":532,"comment_status":"open","ping_status":"open","sticky":false,"template":"","format":"standard","meta":{"_jetpack_newsletter_access":"","_jetpack_dont_email_post_to_subs":false,"_jetpack_newsletter_tier_id":0,"_jetpack_memberships_contains_paywalled_content":false,"_mbp_banners":[],"_jetpack_feature_clip_id":0,"_jetpack_memberships_contains_paid_content":false,"footnotes":"","jetpack_publicize_message":"","jetpack_publicize_feature_enabled":true,"jetpack_social_post_already_shared":true,"jetpack_social_options":{"image_generator_settings":{"template":"highway","default_image_id":0,"font":"","enabled":false},"version":2},"jetpack_post_was_ever_published":false},"categories":[20],"tags":[],"class_list":["post-3962","post","type-post","status-publish","format-standard","has-post-thumbnail","category-regiao"],"jetpack_publicize_connections":[],"jetpack-related-posts":[],"jetpack_shortlink":"https:\/\/wp.me\/p7Eq1F-11U","jetpack_sharing_enabled":true,"jetpack_featured_media_url":"https:\/\/i0.wp.com\/guialimeira.com.br\/news\/wp-content\/uploads\/2024\/03\/brasao.png?fit=512%2C512&ssl=1","_links":{"self":[{"href":"https:\/\/guialimeira.com.br\/news\/wp-json\/wp\/v2\/posts\/3962","targetHints":{"allow":["GET"]}}],"collection":[{"href":"https:\/\/guialimeira.com.br\/news\/wp-json\/wp\/v2\/posts"}],"about":[{"href":"https:\/\/guialimeira.com.br\/news\/wp-json\/wp\/v2\/types\/post"}],"author":[{"embeddable":true,"href":"https:\/\/guialimeira.com.br\/news\/wp-json\/wp\/v2\/users\/1"}],"replies":[{"embeddable":true,"href":"https:\/\/guialimeira.com.br\/news\/wp-json\/wp\/v2\/comments?post=3962"}],"version-history":[{"count":0,"href":"https:\/\/guialimeira.com.br\/news\/wp-json\/wp\/v2\/posts\/3962\/revisions"}],"wp:featuredmedia":[{"embeddable":true,"href":"https:\/\/guialimeira.com.br\/news\/wp-json\/wp\/v2\/media\/532"}],"wp:attachment":[{"href":"https:\/\/guialimeira.com.br\/news\/wp-json\/wp\/v2\/media?parent=3962"}],"wp:term":[{"taxonomy":"category","embeddable":true,"href":"https:\/\/guialimeira.com.br\/news\/wp-json\/wp\/v2\/categories?post=3962"},{"taxonomy":"post_tag","embeddable":true,"href":"https:\/\/guialimeira.com.br\/news\/wp-json\/wp\/v2\/tags?post=3962"}],"curies":[{"name":"wp","href":"https:\/\/api.w.org\/{rel}","templated":true}]}}