{"id":3961,"date":"2024-05-06T21:03:46","date_gmt":"2024-05-07T00:03:46","guid":{"rendered":"https:\/\/guialimeira.com.br\/2024\/05\/06\/evento-gratuito-sobre-vivencia-quilombola-se-inicia-nesta-segunda-6\/"},"modified":"2024-05-06T21:03:46","modified_gmt":"2024-05-07T00:03:46","slug":"evento-gratuito-sobre-vivencia-quilombola-se-inicia-nesta-segunda-6","status":"publish","type":"post","link":"https:\/\/guialimeira.com.br\/news\/evento-gratuito-sobre-vivencia-quilombola-se-inicia-nesta-segunda-6\/","title":{"rendered":"Evento gratuito sobre viv\u00eancia quilombola se inicia nesta segunda (6)"},"content":{"rendered":"<p> <br \/>\n<br \/><img data-recalc-dims=\"1\" decoding=\"async\" src=\"https:\/\/i0.wp.com\/ecrie.com.br\/sistema\/conteudos\/imagem\/m_137_45_130_15122022144819.jpg?w=696&#038;ssl=1\" \/><\/p>\n<div>\n<p dir=\"ltr\" style=\"text-align: justify;\">Trazendo uma imers\u00e3o nas tradi\u00e7\u00f5es e na cultura da comunidade Quilombo do A\u00e7ude, se inicia nesta segunda-feira (6) o projeto \u201cCorpo e Voz: Viv\u00eancia Quilombola\u201d, com atividades tamb\u00e9m na ter\u00e7a-feira (7) e quarta-feira (8), na Escola M\u00e1rio Covas, \u00e0s 19h. A realiza\u00e7\u00e3o \u00e9 da Lei Paulo Gustavo pelo Minist\u00e9rio da Cultura, com apoio da Prefeitura de Limeira, por meio da Secretaria de Cultura, e Escola M\u00e1rio Covas.<\/p>\n<p dir=\"ltr\" style=\"text-align: justify;\">O evento \u00e9 gratuito, dividido em tr\u00eas partes consecutivas, com a primeira e segunda parte de livre escolha para a participa\u00e7\u00e3o. \u00c9 voltado \u00e0 comunidade, incluindo alunos, professores, pais, e todos os interessados em enriquecer seus conhecimentos e viv\u00eancias culturais.<\/p>\n<p dir=\"ltr\" style=\"text-align: justify;\">Nesta segunda (6), s\u00e3o oferecidas atividades te\u00f3ricas e pr\u00e1ticas que incluem a exibi\u00e7\u00e3o do document\u00e1rio \u201cCandombe do A\u00e7ude: um passado contado pelo canto\u201d, roda de conversa com o cineasta Danilo Candombe e oficina de dan\u00e7a (Curimba) e teatro.\u00a0<\/p>\n<p dir=\"ltr\" style=\"text-align: justify;\">J\u00e1 na ter\u00e7a (7), acontece a Oficina de Curimba, explorando a m\u00fasica e a dan\u00e7a como formas de express\u00e3o e resist\u00eancia, aberta para toda a popula\u00e7\u00e3o. \u00a0<\/p>\n<p dir=\"ltr\" style=\"text-align: justify;\">Finalizando o evento, na quarta (8) tem Oficina de Teatro com jogos e brincadeiras destinada \u00e0s crian\u00e7as da escola M\u00e1rio Covas, introduzindo-as \u00e0 express\u00e3o art\u00edstica.<\/p>\n<p dir=\"ltr\" style=\"text-align: justify;\">As vagas s\u00e3o limitadas, os interessados devem se inscrever pelo formul\u00e1rio:\u00a0<a href=\"https:\/\/forms.gle\/mu1jLzVqHzLAZW8M7\" target=\"_blank\" rel=\"noopener noreferrer\" data-saferedirecturl=\"https:\/\/www.google.com\/url?q=https:\/\/forms.gle\/mu1jLzVqHzLAZW8M7&amp;source=gmail&amp;ust=1715103309284000&amp;usg=AOvVaw2nAqVpW2yzdDt2Car61DP2\">https:\/\/forms.gle\/<wbr\/>mu1jLzVqHzLAZW8M7<\/a><\/p>\n<\/div>\n<p><br \/>\n<br \/><a href=\"https:\/\/limeira.sp.gov.br\/evento-gratuito-sobre-vivencia-quilombola-se-inicia-nesta-segunda-6\" rel=\"noopener\">Informa\u00e7\u00f5es da PML <\/a><\/p>\n","protected":false},"excerpt":{"rendered":"<p>Trazendo uma imers\u00e3o nas tradi\u00e7\u00f5es e na cultura da comunidade Quilombo do A\u00e7ude, se inicia nesta segunda-feira (6) o projeto \u201cCorpo e Voz: Viv\u00eancia Quilombola\u201d, com atividades tamb\u00e9m na ter\u00e7a-feira (7) e quarta-feira (8), na Escola M\u00e1rio Covas, \u00e0s 19h. A realiza\u00e7\u00e3o \u00e9 da Lei Paulo Gustavo pelo Minist\u00e9rio da Cultura, com apoio da Prefeitura [&hellip;]<\/p>\n","protected":false},"author":1,"featured_media":3554,"comment_status":"open","ping_status":"open","sticky":false,"template":"","format":"standard","meta":{"_jetpack_newsletter_access":"","_jetpack_dont_email_post_to_subs":false,"_jetpack_newsletter_tier_id":0,"_jetpack_memberships_contains_paywalled_content":false,"_mbp_banners":[],"_jetpack_feature_clip_id":0,"_jetpack_memberships_contains_paid_content":false,"footnotes":"","jetpack_publicize_message":"","jetpack_publicize_feature_enabled":true,"jetpack_social_post_already_shared":true,"jetpack_social_options":{"image_generator_settings":{"template":"highway","default_image_id":0,"font":"","enabled":false},"version":2},"jetpack_post_was_ever_published":false},"categories":[16],"tags":[],"class_list":["post-3961","post","type-post","status-publish","format-standard","has-post-thumbnail","category-local"],"jetpack_publicize_connections":[],"jetpack-related-posts":[],"jetpack_shortlink":"https:\/\/wp.me\/p7Eq1F-11T","jetpack_sharing_enabled":true,"jetpack_featured_media_url":"https:\/\/i0.wp.com\/guialimeira.com.br\/news\/wp-content\/uploads\/2024\/05\/m_137_45_130_15122022144819.jpg?fit=848%2C570&ssl=1","_links":{"self":[{"href":"https:\/\/guialimeira.com.br\/news\/wp-json\/wp\/v2\/posts\/3961","targetHints":{"allow":["GET"]}}],"collection":[{"href":"https:\/\/guialimeira.com.br\/news\/wp-json\/wp\/v2\/posts"}],"about":[{"href":"https:\/\/guialimeira.com.br\/news\/wp-json\/wp\/v2\/types\/post"}],"author":[{"embeddable":true,"href":"https:\/\/guialimeira.com.br\/news\/wp-json\/wp\/v2\/users\/1"}],"replies":[{"embeddable":true,"href":"https:\/\/guialimeira.com.br\/news\/wp-json\/wp\/v2\/comments?post=3961"}],"version-history":[{"count":0,"href":"https:\/\/guialimeira.com.br\/news\/wp-json\/wp\/v2\/posts\/3961\/revisions"}],"wp:featuredmedia":[{"embeddable":true,"href":"https:\/\/guialimeira.com.br\/news\/wp-json\/wp\/v2\/media\/3554"}],"wp:attachment":[{"href":"https:\/\/guialimeira.com.br\/news\/wp-json\/wp\/v2\/media?parent=3961"}],"wp:term":[{"taxonomy":"category","embeddable":true,"href":"https:\/\/guialimeira.com.br\/news\/wp-json\/wp\/v2\/categories?post=3961"},{"taxonomy":"post_tag","embeddable":true,"href":"https:\/\/guialimeira.com.br\/news\/wp-json\/wp\/v2\/tags?post=3961"}],"curies":[{"name":"wp","href":"https:\/\/api.w.org\/{rel}","templated":true}]}}