{"id":396,"date":"2024-03-29T19:57:46","date_gmt":"2024-03-29T22:57:46","guid":{"rendered":"https:\/\/guialimeira.com.br\/2024\/03\/29\/prefeitura-municipal-de-americana-7\/"},"modified":"2024-03-29T19:57:46","modified_gmt":"2024-03-29T22:57:46","slug":"prefeitura-municipal-de-americana-7","status":"publish","type":"post","link":"https:\/\/guialimeira.com.br\/news\/prefeitura-municipal-de-americana-7\/","title":{"rendered":"Prefeitura Municipal de Americana"},"content":{"rendered":"<p> <br \/>\n<\/p>\n<div>O prefeito de Americana, Chico Sardelli, autorizou o in\u00edcio de duas obras em equipamentos esportivos na regi\u00e3o da Praia Azul: a constru\u00e7\u00e3o de um novo campo de futebol society e a revitaliza\u00e7\u00e3o da quadra poliesportiva, ambas na Pra\u00e7a Leandra Maria Gomes Nacaratto, no bairro Recanto Azul. Os trabalhos ser\u00e3o iniciados nos pr\u00f3ximos dias e ter\u00e3o investimento total de cerca de R$ 322 mil.<\/p>\n<p>&#8220;A infraestrutura esportiva de Americana n\u00e3o para de se desenvolver e seguimos trabalhando no sentido de proporcionar as melhores condi\u00e7\u00f5es poss\u00edveis \u00e0 nossa popula\u00e7\u00e3o. Com um novo campo e a quadra revitalizada, os moradores da regi\u00e3o da Praia Azul ter\u00e3o mais lazer, bem-estar e qualidade de vida&#8221;, destaca o prefeito Chico, que esteve no local acompanhado do vereador L\u00e9o da Padaria.<\/p>\n<p>As obras para implanta\u00e7\u00e3o do campo society v\u00e3o incluir instala\u00e7\u00e3o de grama sint\u00e9tica monofilamento com borracha granulada, conjunto de traves, alambrado e tela, al\u00e9m de pintura. O investimento no espa\u00e7o ser\u00e1 de R$ 267.225,76, sendo R$ 170 mil provenientes de emenda parlamentar do deputado estadual Marcos Dam\u00e1sio, intermediada pelo vereador L\u00e9o da Padaria, e R$ 97.225,76 de contrapartida da Prefeitura.<\/p>\n<p>&#8220;Estamos cuidando com muito carinho dos nossos espa\u00e7os p\u00fablicos. V\u00e1rias reformas foram entregues nos \u00faltimos meses e o trabalho n\u00e3o para, agora iniciando as melhorias aqui na Praia Azul. Mais uma regi\u00e3o que ter\u00e1 uma estrutura renovada para a pr\u00e1tica de exerc\u00edcios f\u00edsicos, dando mais vida a essa pra\u00e7a&#8221;, ressalta o vice-prefeito Odir Demarchi.<\/p>\n<p>A revitaliza\u00e7\u00e3o da quadra poliesportiva compreende a substitui\u00e7\u00e3o de toda a tela met\u00e1lica do entorno da quadra por um novo alambrado em a\u00e7o galvanizado, pintura do piso e das estruturas met\u00e1licas e instala\u00e7\u00e3o de tabela de basquete. O investimento \u00e9 de R$ 55 mil, sendo R$ 30 mil provenientes de emenda parlamentar do deputado estadual Marcos Dam\u00e1sio, intermediada pelo vereador L\u00e9o da Padaria, e R$ 25 mil de contrapartida da Prefeitura. Toda a tramita\u00e7\u00e3o para viabilizar o acesso aos recursos foi conduzida pela Secretaria de Gest\u00e3o de Conv\u00eanios.<\/p>\n<p>&#8220;Esta \u00e9 mais uma das v\u00e1rias revitaliza\u00e7\u00f5es e constru\u00e7\u00f5es que estamos executando nos espa\u00e7os esportivos de Americana. Agrade\u00e7o muito \u00e0 gest\u00e3o do prefeito Chico e do vice Odir por esse olhar carinhoso para o nosso esporte. A popula\u00e7\u00e3o da Praia Azul merece este avan\u00e7o na infraestrutura da pra\u00e7a&#8221;, completa o secret\u00e1rio de Esportes, Marcio Leal.<\/p>\n<p>Texto: Rafael Siviero (MTb 88.159)\n                            <\/p>\n<\/div>\n<p><script async defer crossorigin=\"anonymous\" src=\"https:\/\/connect.facebook.net\/pt_BR\/sdk.js#xfbml=1&#038;version=v5.0\"><\/script><br \/>\n<br \/><br \/>\n<br \/><a href=\"https:\/\/www.americana.sp.gov.br\/americana-index.php?a=noticia&#038;id=30460\" rel=\"noopener\">Informa\u00e7\u00f5es PMA<\/a><\/p>\n","protected":false},"excerpt":{"rendered":"<p>O prefeito de Americana, Chico Sardelli, autorizou o in\u00edcio de duas obras em equipamentos esportivos na regi\u00e3o da Praia Azul: a constru\u00e7\u00e3o de um novo campo de futebol society e a revitaliza\u00e7\u00e3o da quadra poliesportiva, ambas na Pra\u00e7a Leandra Maria Gomes Nacaratto, no bairro Recanto Azul. Os trabalhos ser\u00e3o iniciados nos pr\u00f3ximos dias e ter\u00e3o [&hellip;]<\/p>\n","protected":false},"author":1,"featured_media":0,"comment_status":"open","ping_status":"open","sticky":false,"template":"","format":"standard","meta":{"_jetpack_newsletter_access":"","_jetpack_dont_email_post_to_subs":false,"_jetpack_newsletter_tier_id":0,"_jetpack_memberships_contains_paywalled_content":false,"_mbp_banners":[],"_jetpack_feature_clip_id":0,"_jetpack_memberships_contains_paid_content":false,"footnotes":"","jetpack_publicize_message":"","jetpack_publicize_feature_enabled":true,"jetpack_social_post_already_shared":true,"jetpack_social_options":{"image_generator_settings":{"template":"highway","default_image_id":0,"font":"","enabled":false},"version":2},"jetpack_post_was_ever_published":false},"categories":[20],"tags":[],"class_list":["post-396","post","type-post","status-publish","format-standard","category-regiao"],"jetpack_publicize_connections":[],"jetpack-related-posts":[],"jetpack_shortlink":"https:\/\/wp.me\/p7Eq1F-6o","jetpack_sharing_enabled":true,"jetpack_featured_media_url":"","_links":{"self":[{"href":"https:\/\/guialimeira.com.br\/news\/wp-json\/wp\/v2\/posts\/396","targetHints":{"allow":["GET"]}}],"collection":[{"href":"https:\/\/guialimeira.com.br\/news\/wp-json\/wp\/v2\/posts"}],"about":[{"href":"https:\/\/guialimeira.com.br\/news\/wp-json\/wp\/v2\/types\/post"}],"author":[{"embeddable":true,"href":"https:\/\/guialimeira.com.br\/news\/wp-json\/wp\/v2\/users\/1"}],"replies":[{"embeddable":true,"href":"https:\/\/guialimeira.com.br\/news\/wp-json\/wp\/v2\/comments?post=396"}],"version-history":[{"count":0,"href":"https:\/\/guialimeira.com.br\/news\/wp-json\/wp\/v2\/posts\/396\/revisions"}],"wp:attachment":[{"href":"https:\/\/guialimeira.com.br\/news\/wp-json\/wp\/v2\/media?parent=396"}],"wp:term":[{"taxonomy":"category","embeddable":true,"href":"https:\/\/guialimeira.com.br\/news\/wp-json\/wp\/v2\/categories?post=396"},{"taxonomy":"post_tag","embeddable":true,"href":"https:\/\/guialimeira.com.br\/news\/wp-json\/wp\/v2\/tags?post=396"}],"curies":[{"name":"wp","href":"https:\/\/api.w.org\/{rel}","templated":true}]}}