{"id":39588,"date":"2025-07-24T10:02:47","date_gmt":"2025-07-24T13:02:47","guid":{"rendered":"https:\/\/guialimeira.com.br\/?p=39588"},"modified":"2025-07-24T10:02:47","modified_gmt":"2025-07-24T13:02:47","slug":"helder-do-taxi-discute-sobre-manutencao-de-estradas-e-pontes-rurais-com-secretaria-2","status":"publish","type":"post","link":"https:\/\/guialimeira.com.br\/news\/helder-do-taxi-discute-sobre-manutencao-de-estradas-e-pontes-rurais-com-secretaria-2\/","title":{"rendered":"Helder do T\u00e1xi discute sobre manuten\u00e7\u00e3o de estradas e pontes rurais com secret\u00e1ria"},"content":{"rendered":"\n<figure class=\"wp-block-gallery has-nested-images columns-default is-cropped wp-block-gallery-1 is-layout-flex wp-block-gallery-is-layout-flex\"><\/figure>\n \r\n<br><img data-recalc-dims=\"1\" decoding=\"async\" src=\"https:\/\/i0.wp.com\/guialimeira.com.br\/wp-content\/uploads\/2025\/07\/Helder-do-Taxi-discute-sobre-manutencao-de-estradas-e-pontes.jpg?w=696&#038;ssl=1\" \/><br><div>\n\t\t\t\t\t<p>Visando discutir assuntos voltados \u00e0 \u00e1rea rural de Limeira, o vereador Helder do T\u00e1xi (PSD) se reuniu na manh\u00e3 desta ter\u00e7a-feira, 22 de julho, com a secret\u00e1ria de Agroneg\u00f3cios e \u00c1rea Rural, Antonieta Polatto, e com o diretor de Agricultura e Assuntos Rurais, Vilmar Wasen. A manuten\u00e7\u00e3o das estradas rurais e pontes foi um dos principais assuntos abordados.<\/p><p>O parlamentar disse estar preocupado com o per\u00edodo de chuvas e, de acordo com ele, na reuni\u00e3o, foi debatida a forma que possivelmente ser\u00e3o feitas as manuten\u00e7\u00f5es, com o intuito que as melhorias sejam executadas da forma mais eficiente poss\u00edvel.<\/p><p>O vereador tamb\u00e9m levou \u00e0 secret\u00e1ria a rela\u00e7\u00e3o das estradas e pontes que necessitam de um cuidado maior. \u201cS\u00e3o vias de grande import\u00e2ncia, por ser trajeto de itiner\u00e1rio escolar, passagem de ambul\u00e2ncias, bem como estradas usadas para o escoamento de produtos agr\u00edcolas\u201d, destacou Helder.<\/p><p><i>Do Gabinete Parlamentar \u2013 Vereador\u00a0 Helder do T\u00e1xi (PSD)<\/i><\/p><p><i>Foto do Gabinete Parlamentar<\/i><\/p><p><strong>As mat\u00e9rias de origem dos Gabinetes Parlamentares s\u00e3o de inteira\u00a0 responsabilidade dos parlamentares e de suas assessorias. S\u00e3o devidamente assinadas e n\u00e3o refletem, necessariamente, a opini\u00e3o institucional da C\u00e2mara Municipal de Limeira<\/strong><\/p>\t\t\t\t<\/div>\r\n<br>\r\n<br><a href=\"https:\/\/www.limeira.sp.leg.br\/noticias\/view\/2025-07-24_helder-do-taxi-discute-sobre-manutencao-de-estradas-e-pontes-rurais-com-secretaria\" rel=\"noopener\">Informa\u00e7\u00f5es CML <\/a>","protected":false},"excerpt":{"rendered":"<p>Visando discutir assuntos voltados \u00e0 \u00e1rea rural de Limeira, o vereador Helder do T\u00e1xi (PSD) se reuniu na manh\u00e3 desta ter\u00e7a-feira, 22 de julho, com a secret\u00e1ria de Agroneg\u00f3cios e \u00c1rea Rural, Antonieta Polatto, e com o diretor de Agricultura e Assuntos Rurais, Vilmar Wasen. A manuten\u00e7\u00e3o das estradas rurais e pontes foi um dos [&hellip;]<\/p>\n","protected":false},"author":1,"featured_media":39587,"comment_status":"open","ping_status":"open","sticky":false,"template":"","format":"standard","meta":{"_jetpack_newsletter_access":"","_jetpack_dont_email_post_to_subs":false,"_jetpack_newsletter_tier_id":0,"_jetpack_memberships_contains_paywalled_content":false,"_mbp_banners":[],"_jetpack_feature_clip_id":0,"_jetpack_memberships_contains_paid_content":false,"footnotes":"","jetpack_publicize_message":"","jetpack_publicize_feature_enabled":true,"jetpack_social_post_already_shared":true,"jetpack_social_options":{"image_generator_settings":{"template":"highway","default_image_id":0,"font":"","enabled":false},"version":2},"jetpack_post_was_ever_published":false},"categories":[19],"tags":[],"class_list":["post-39588","post","type-post","status-publish","format-standard","has-post-thumbnail","category-politica"],"jetpack_publicize_connections":[],"jetpack-related-posts":[],"jetpack_shortlink":"https:\/\/wp.me\/p7Eq1F-aiw","jetpack_sharing_enabled":true,"jetpack_featured_media_url":"https:\/\/i0.wp.com\/guialimeira.com.br\/news\/wp-content\/uploads\/2025\/07\/Helder-do-Taxi-discute-sobre-manutencao-de-estradas-e-pontes.jpg?fit=1280%2C640&ssl=1","_links":{"self":[{"href":"https:\/\/guialimeira.com.br\/news\/wp-json\/wp\/v2\/posts\/39588","targetHints":{"allow":["GET"]}}],"collection":[{"href":"https:\/\/guialimeira.com.br\/news\/wp-json\/wp\/v2\/posts"}],"about":[{"href":"https:\/\/guialimeira.com.br\/news\/wp-json\/wp\/v2\/types\/post"}],"author":[{"embeddable":true,"href":"https:\/\/guialimeira.com.br\/news\/wp-json\/wp\/v2\/users\/1"}],"replies":[{"embeddable":true,"href":"https:\/\/guialimeira.com.br\/news\/wp-json\/wp\/v2\/comments?post=39588"}],"version-history":[{"count":1,"href":"https:\/\/guialimeira.com.br\/news\/wp-json\/wp\/v2\/posts\/39588\/revisions"}],"predecessor-version":[{"id":39589,"href":"https:\/\/guialimeira.com.br\/news\/wp-json\/wp\/v2\/posts\/39588\/revisions\/39589"}],"wp:featuredmedia":[{"embeddable":true,"href":"https:\/\/guialimeira.com.br\/news\/wp-json\/wp\/v2\/media\/39587"}],"wp:attachment":[{"href":"https:\/\/guialimeira.com.br\/news\/wp-json\/wp\/v2\/media?parent=39588"}],"wp:term":[{"taxonomy":"category","embeddable":true,"href":"https:\/\/guialimeira.com.br\/news\/wp-json\/wp\/v2\/categories?post=39588"},{"taxonomy":"post_tag","embeddable":true,"href":"https:\/\/guialimeira.com.br\/news\/wp-json\/wp\/v2\/tags?post=39588"}],"curies":[{"name":"wp","href":"https:\/\/api.w.org\/{rel}","templated":true}]}}