{"id":3955,"date":"2024-05-06T20:43:44","date_gmt":"2024-05-06T23:43:44","guid":{"rendered":"https:\/\/guialimeira.com.br\/2024\/05\/06\/repasse-federal-ao-rs-com-emendas-parlamentares-supera-r-1-bilhao\/"},"modified":"2024-05-06T20:43:44","modified_gmt":"2024-05-06T23:43:44","slug":"repasse-federal-ao-rs-com-emendas-parlamentares-supera-r-1-bilhao","status":"publish","type":"post","link":"https:\/\/guialimeira.com.br\/news\/repasse-federal-ao-rs-com-emendas-parlamentares-supera-r-1-bilhao\/","title":{"rendered":"Repasse federal ao RS com emendas parlamentares supera R$ 1 bilh\u00e3o"},"content":{"rendered":"<p> <br \/>\n<\/p>\n<div>\n<p>O total de repasses do governo federal ao Rio Grande do Sul com a antecipa\u00e7\u00e3o do pagamento de emendas parlamentares individuais vai superar R$ 1 bilh\u00e3o. O estado enfrenta a pior cheia da hist\u00f3ria com mais de 60% dos munic\u00edpios atingidos por fortes chuvas.<img data-recalc-dims=\"1\" decoding=\"async\" src=\"https:\/\/i0.wp.com\/agenciabrasil.ebc.com.br\/ebc.png?w=696&#038;ssl=1\" style=\"width:1px; height:1px; display:inline;\"\/><img data-recalc-dims=\"1\" decoding=\"async\" src=\"https:\/\/i0.wp.com\/agenciabrasil.ebc.com.br\/ebc.gif?w=696&#038;ssl=1\" style=\"width:1px; height:1px; display:inline;\"\/><\/p>\n<p>Na tarde desta segunda-feira, o ministro das Rela\u00e7\u00f5es Institucionais, Alexandre Padilha, afirmou que os parlamentares ga\u00fachos identificaram cerca de R$ 480 milh\u00f5es em emendas individuais que podem ser antecipadas. O valor corresponde \u00e0s emendas individuais de transfer\u00eancia especial, que s\u00e3o enviadas diretamente para o Fundo de Participa\u00e7\u00e3o dos Munic\u00edpios (FPM).<\/p>\n<p>Esse novo pacote se soma \u00e0 libera\u00e7\u00e3o de R$ 580 milh\u00f5es em emendas parlamentares que j\u00e1 havia <a href=\"https:\/\/agenciabrasil.ebc.com.br\/politica\/noticia\/2024-05\/governo-federal-antecipa-pagamento-de-emendas-parlamentares-para-o-rs\" rel=\"noopener\">sido anunciada mais cedo<\/a>, totalizando R$ 1,06 bilh\u00e3o. Os pagamentos dever\u00e3o ser antecipados nos pr\u00f3ximos dias.<\/p>\n<h2>LDO<\/h2>\n<p>Para viabilizar a antecipa\u00e7\u00e3o deste pacote de R$ 480 milh\u00f5es, \u00e9 preciso alterar uma regra da Lei de Diretrizes Or\u00e7ament\u00e1rias (LDO). &#8220;A regra da LDO n\u00e3o permite que seja antecipado, por isso que n\u00f3s encaminhamos, j\u00e1 na sexta-feira [3], com apoio do coordenador da bancada ga\u00facha, deputado Marcon (PT-RS), uma proposta de emenda na LDO em que a expectativa nossa, confirmada pelo presidente do Senado, presidente do Congresso, que possa ser votada na sess\u00e3o do Congresso essa semana&#8221;, afirmou o ministro em coletiva de imprensa no Pal\u00e1cio do Planalto.<\/p>\n<p>&#8220;S\u00e3o repasses fundo a fundo, ent\u00e3o ele n\u00e3o depende de conv\u00eanio, n\u00e3o depende de etapas de execu\u00e7\u00e3o, s\u00e3o recursos que v\u00e3o direto aos munic\u00edpios e ao estado com velocidade muito maior&#8221;, acrescentou Padilha.<\/p>\n<p>A declara\u00e7\u00e3o de Padilha foi dada a jornalistas ap\u00f3s o presidente Luiz In\u00e1cio Lula da Silva <a href=\"https:\/\/agenciabrasil.ebc.com.br\/politica\/noticia\/2024-05\/lula-envia-projeto-para-flexibilizar-liberacao-de-recursos-para-o-rs\" target=\"_blank\" rel=\"noopener\">enviar uma proposta de decreto legislativo<\/a> para flexibilizar regras fiscais e or\u00e7ament\u00e1rias na libera\u00e7\u00e3o de recursos para combater a calamidade p\u00fablica no Rio Grande do Sul.<\/p>\n<h2>Trag\u00e9dia em n\u00fameros<\/h2>\n<p>At\u00e9 a publica\u00e7\u00e3o desta mat\u00e9ria, a atualiza\u00e7\u00e3o mais recente da Defesa Civil contabilizava 85 mortes em decorr\u00eancia das chuvas no estado. H\u00e1 134 desaparecidos e 339 feridos. Mais de 153 mil pessoas est\u00e3o desalojadas de casa e 47,6 mil est\u00e3o em abrigos p\u00fablicos.<\/p>\n<p>Mais de 1,1 milh\u00e3o de pessoas foram afetadas, de acordo com autoridades, com falta de luz e desabastecimento de \u00e1gua. Dos 497 munic\u00edpios ga\u00fachos, 385 sofreram algum impacto dos temporais.<\/p>\n<\/p><\/div>\n<p><br \/>\n<br \/><a href=\"https:\/\/agenciabrasil.ebc.com.br\/economia\/noticia\/2024-05\/repasse-federal-ao-rs-com-emendas-parlamentares-supera-r-1-bilhao\" rel=\"noopener\">Ag\u00eancia Brasil<\/a><\/p>\n","protected":false},"excerpt":{"rendered":"<p>O total de repasses do governo federal ao Rio Grande do Sul com a antecipa\u00e7\u00e3o do pagamento de emendas parlamentares individuais vai superar R$ 1 bilh\u00e3o. O estado enfrenta a pior cheia da hist\u00f3ria com mais de 60% dos munic\u00edpios atingidos por fortes chuvas. Na tarde desta segunda-feira, o ministro das Rela\u00e7\u00f5es Institucionais, Alexandre Padilha, [&hellip;]<\/p>\n","protected":false},"author":1,"featured_media":3956,"comment_status":"open","ping_status":"open","sticky":false,"template":"","format":"standard","meta":{"_jetpack_newsletter_access":"","_jetpack_dont_email_post_to_subs":false,"_jetpack_newsletter_tier_id":0,"_jetpack_memberships_contains_paywalled_content":false,"_mbp_banners":[],"_jetpack_feature_clip_id":0,"_jetpack_memberships_contains_paid_content":false,"footnotes":"","jetpack_publicize_message":"","jetpack_publicize_feature_enabled":true,"jetpack_social_post_already_shared":true,"jetpack_social_options":{"image_generator_settings":{"template":"highway","default_image_id":0,"font":"","enabled":false},"version":2},"jetpack_post_was_ever_published":false},"categories":[24],"tags":[],"class_list":["post-3955","post","type-post","status-publish","format-standard","has-post-thumbnail","category-economia"],"jetpack_publicize_connections":[],"jetpack-related-posts":[],"jetpack_shortlink":"https:\/\/wp.me\/p7Eq1F-11N","jetpack_sharing_enabled":true,"jetpack_featured_media_url":"https:\/\/i0.wp.com\/guialimeira.com.br\/news\/wp-content\/uploads\/2024\/05\/20240505172246_0d7a4501.jpg?fit=1600%2C800&ssl=1","_links":{"self":[{"href":"https:\/\/guialimeira.com.br\/news\/wp-json\/wp\/v2\/posts\/3955","targetHints":{"allow":["GET"]}}],"collection":[{"href":"https:\/\/guialimeira.com.br\/news\/wp-json\/wp\/v2\/posts"}],"about":[{"href":"https:\/\/guialimeira.com.br\/news\/wp-json\/wp\/v2\/types\/post"}],"author":[{"embeddable":true,"href":"https:\/\/guialimeira.com.br\/news\/wp-json\/wp\/v2\/users\/1"}],"replies":[{"embeddable":true,"href":"https:\/\/guialimeira.com.br\/news\/wp-json\/wp\/v2\/comments?post=3955"}],"version-history":[{"count":0,"href":"https:\/\/guialimeira.com.br\/news\/wp-json\/wp\/v2\/posts\/3955\/revisions"}],"wp:featuredmedia":[{"embeddable":true,"href":"https:\/\/guialimeira.com.br\/news\/wp-json\/wp\/v2\/media\/3956"}],"wp:attachment":[{"href":"https:\/\/guialimeira.com.br\/news\/wp-json\/wp\/v2\/media?parent=3955"}],"wp:term":[{"taxonomy":"category","embeddable":true,"href":"https:\/\/guialimeira.com.br\/news\/wp-json\/wp\/v2\/categories?post=3955"},{"taxonomy":"post_tag","embeddable":true,"href":"https:\/\/guialimeira.com.br\/news\/wp-json\/wp\/v2\/tags?post=3955"}],"curies":[{"name":"wp","href":"https:\/\/api.w.org\/{rel}","templated":true}]}}