{"id":39542,"date":"2025-07-23T18:47:34","date_gmt":"2025-07-23T21:47:34","guid":{"rendered":"https:\/\/guialimeira.com.br\/?p=39542"},"modified":"2025-07-23T18:47:34","modified_gmt":"2025-07-23T21:47:34","slug":"camara-de-limeira-realiza-oficina-de-formacao-politica-para-vereadores-juniores-2","status":"publish","type":"post","link":"https:\/\/guialimeira.com.br\/news\/camara-de-limeira-realiza-oficina-de-formacao-politica-para-vereadores-juniores-2\/","title":{"rendered":"C\u00e2mara de Limeira realiza oficina de forma\u00e7\u00e3o pol\u00edtica para vereadores juniores"},"content":{"rendered":"\n<figure class=\"wp-block-gallery has-nested-images columns-default is-cropped wp-block-gallery-1 is-layout-flex wp-block-gallery-is-layout-flex\"><\/figure>\n \r\n<br><img data-recalc-dims=\"1\" decoding=\"async\" src=\"https:\/\/i0.wp.com\/guialimeira.com.br\/wp-content\/uploads\/2025\/07\/Camara-de-Limeira-realiza-oficina-de-formacao-politica-para-vereadores.jpg?w=696&#038;ssl=1\" \/><br><div>\n\t\t\t\t\t<p>Contribuir com o desenvolvimento educacional dos vereadores juniores, esse foi objetivo da oficina de forma\u00e7\u00e3o pol\u00edtica realizada pela C\u00e2mara Municipal de Limeira, nesta ter\u00e7a-feira, 22 de julho. A capacita\u00e7\u00e3o visou prepar\u00e1-los para as atividades que ser\u00e3o desenvolvidas pelo per\u00edodo de um ano no projeto Parlamento Jovem.<\/p><p>O evento aconteceu no Plen\u00e1rio Vereador Vit\u00f3rio Bortolan e foi organizado pela Escola Legislativa Paulo Freire. Estiveram presentes no treinamento os vereadores Mariana Calsa (MDB), Lu Bogo (PL) e Helder do T\u00e1xi (PSD).\u00a0<\/p><p>Lu Bogo destacou a import\u00e2ncia da presen\u00e7a dos jovens, que ser\u00e1 fundamental para pensar o futuro da cidade. \u201cA pol\u00edtica \u00e9 a melhor ponte para se fazer o bem&#8221;, disse a parlamentar. &#8220;Que voc\u00eas possam aprender, aproveitar a oportunidade e explorar&#8221;, acrescentou Mariana Calsa.<\/p><p><strong>Oficina\u00a0<\/strong><\/p><p>A capacita\u00e7\u00e3o foi ministrada pelo agente legislativo Alexandre Tadeu Stocco Golanda e abordou a diferen\u00e7a entre os Tr\u00eas Poderes nas esferas municipal, estadual e federal, o trabalho desempenhado pelos vereadores da Casa, papel dos vereadores juniores e agentes envolvidos no projeto, tipos de proposituras que poder\u00e3o ser propostas por eles, como ser\u00e3o realizadas as vota\u00e7\u00f5es, fases das sess\u00f5es ordin\u00e1rias e como ter acesso \u00e0s informa\u00e7\u00f5es no site da C\u00e2mara.\u00a0<\/p><p>A conduta pessoal e como eles dever\u00e3o se comportar, com \u00e9tica, respeito, probidade e ordem foi outro ponto abordado durante a atividade. Houve uma din\u00e2mica para os jovens se apresentarem e introdu\u00e7\u00e3o sobre a pol\u00edtica e a estrutura interna da C\u00e2mara.<\/p><p><strong>Sess\u00e3o ordin\u00e1ria<\/strong><\/p><p>No dia 15 de agosto ser\u00e1 realizada a primeira sess\u00e3o ordin\u00e1ria dos vereadores juniores, na qual ocorrer\u00e1 a elei\u00e7\u00e3o da Mesa Diretora. O evento acontece \u00e0s 14h, no Plen\u00e1rio Vereador Vit\u00f3rio Bortolan e \u00e9 aberto ao p\u00fablico.<\/p><p><strong>Projeto\u00a0<\/strong><\/p><p>A C\u00e2mara de Vereadores Juniores foi criada por meio da <a href=\"http:\/\/consulta.limeira.sp.leg.br\/Documentos\/Documento\/307502\" rel=\"noopener\">Resolu\u00e7\u00e3o N\u00ba 843\/2023<\/a>, de autoria da Mesa Diretora, que disp\u00f5e sobre a cria\u00e7\u00e3o do projeto &#8220;Parlamento Jovem&#8221;. Os jovens ser\u00e3o auxiliados por um vereador padrinho, que ser\u00e1 respons\u00e1vel e supervisionar\u00e1 os trabalhos.<\/p><p>Durante as sess\u00f5es, os juniores podem apresentar propostas que visem a melhoria da qualidade de vida da sociedade limeirense, relativas \u00e0 educa\u00e7\u00e3o, sa\u00fade, cultura, zeladoria, esporte, lazer e meio ambiente, por exemplo. As mat\u00e9rias apresentadas pelos juniores nas sess\u00f5es ser\u00e3o lidas, discutidas e votadas.<\/p>\t\t\t\t<\/div>\r\n<br>\r\n<br><a href=\"https:\/\/www.limeira.sp.leg.br\/noticias\/view\/2025-07-23_camara-de-limeira-realiza-oficina-de-formacao-politica-para-vereadores-juniores\" rel=\"noopener\">Informa\u00e7\u00f5es CML <\/a>","protected":false},"excerpt":{"rendered":"<p>Contribuir com o desenvolvimento educacional dos vereadores juniores, esse foi objetivo da oficina de forma\u00e7\u00e3o pol\u00edtica realizada pela C\u00e2mara Municipal de Limeira, nesta ter\u00e7a-feira, 22 de julho. A capacita\u00e7\u00e3o visou prepar\u00e1-los para as atividades que ser\u00e3o desenvolvidas pelo per\u00edodo de um ano no projeto Parlamento Jovem. O evento aconteceu no Plen\u00e1rio Vereador Vit\u00f3rio Bortolan e [&hellip;]<\/p>\n","protected":false},"author":1,"featured_media":39541,"comment_status":"open","ping_status":"open","sticky":false,"template":"","format":"standard","meta":{"_jetpack_newsletter_access":"","_jetpack_dont_email_post_to_subs":false,"_jetpack_newsletter_tier_id":0,"_jetpack_memberships_contains_paywalled_content":false,"_mbp_banners":[],"_jetpack_feature_clip_id":0,"_jetpack_memberships_contains_paid_content":false,"footnotes":"","jetpack_publicize_message":"","jetpack_publicize_feature_enabled":true,"jetpack_social_post_already_shared":true,"jetpack_social_options":{"image_generator_settings":{"template":"highway","default_image_id":0,"font":"","enabled":false},"version":2},"jetpack_post_was_ever_published":false},"categories":[19],"tags":[],"class_list":["post-39542","post","type-post","status-publish","format-standard","has-post-thumbnail","category-politica"],"jetpack_publicize_connections":[],"jetpack-related-posts":[],"jetpack_shortlink":"https:\/\/wp.me\/p7Eq1F-ahM","jetpack_sharing_enabled":true,"jetpack_featured_media_url":"https:\/\/i0.wp.com\/guialimeira.com.br\/news\/wp-content\/uploads\/2025\/07\/Camara-de-Limeira-realiza-oficina-de-formacao-politica-para-vereadores.jpg?fit=1280%2C640&ssl=1","_links":{"self":[{"href":"https:\/\/guialimeira.com.br\/news\/wp-json\/wp\/v2\/posts\/39542","targetHints":{"allow":["GET"]}}],"collection":[{"href":"https:\/\/guialimeira.com.br\/news\/wp-json\/wp\/v2\/posts"}],"about":[{"href":"https:\/\/guialimeira.com.br\/news\/wp-json\/wp\/v2\/types\/post"}],"author":[{"embeddable":true,"href":"https:\/\/guialimeira.com.br\/news\/wp-json\/wp\/v2\/users\/1"}],"replies":[{"embeddable":true,"href":"https:\/\/guialimeira.com.br\/news\/wp-json\/wp\/v2\/comments?post=39542"}],"version-history":[{"count":1,"href":"https:\/\/guialimeira.com.br\/news\/wp-json\/wp\/v2\/posts\/39542\/revisions"}],"predecessor-version":[{"id":39543,"href":"https:\/\/guialimeira.com.br\/news\/wp-json\/wp\/v2\/posts\/39542\/revisions\/39543"}],"wp:featuredmedia":[{"embeddable":true,"href":"https:\/\/guialimeira.com.br\/news\/wp-json\/wp\/v2\/media\/39541"}],"wp:attachment":[{"href":"https:\/\/guialimeira.com.br\/news\/wp-json\/wp\/v2\/media?parent=39542"}],"wp:term":[{"taxonomy":"category","embeddable":true,"href":"https:\/\/guialimeira.com.br\/news\/wp-json\/wp\/v2\/categories?post=39542"},{"taxonomy":"post_tag","embeddable":true,"href":"https:\/\/guialimeira.com.br\/news\/wp-json\/wp\/v2\/tags?post=39542"}],"curies":[{"name":"wp","href":"https:\/\/api.w.org\/{rel}","templated":true}]}}