{"id":39524,"date":"2025-07-23T16:45:35","date_gmt":"2025-07-23T19:45:35","guid":{"rendered":"https:\/\/guialimeira.com.br\/?p=39524"},"modified":"2025-07-23T16:45:35","modified_gmt":"2025-07-23T19:45:35","slug":"tribunal-de-contas-aprova-as-contas-da-camara-de-limeira-relativas-a-2023-3","status":"publish","type":"post","link":"https:\/\/guialimeira.com.br\/news\/tribunal-de-contas-aprova-as-contas-da-camara-de-limeira-relativas-a-2023-3\/","title":{"rendered":"Tribunal de Contas aprova as contas da C\u00e2mara de Limeira relativas a 2023"},"content":{"rendered":"\n<figure class=\"wp-block-gallery has-nested-images columns-default is-cropped wp-block-gallery-1 is-layout-flex wp-block-gallery-is-layout-flex\"><\/figure>\n \r\n<br><img data-recalc-dims=\"1\" decoding=\"async\" src=\"https:\/\/i0.wp.com\/guialimeira.com.br\/wp-content\/uploads\/2025\/07\/Tribunal-de-Contas-aprova-as-contas-da-Camara-de-Limeira.jpg?w=696&#038;ssl=1\" \/><br><div>\n\t\t\t\t\t<p>O Tribunal de Contas do Estado de S\u00e3o Paulo (TCE-SP) aprovou, em sess\u00e3o online realizada nesta ter\u00e7a-feira, 22 de julho, as contas da C\u00e2mara Municipal de Limeira referentes ao exerc\u00edcio de 2023. O parecer favor\u00e1vel foi emitido pela Primeira C\u00e2mara do TCE-SP, sob relatoria da conselheira-substituta Silvia Monteiro, que destacou os avan\u00e7os da atual gest\u00e3o e apresentou voto pela regularidade das contas com recomenda\u00e7\u00f5es, sendo acompanhado por unanimidade.<\/p><p>Segundo o presidente da C\u00e2mara, vereador Everton Ferreira (PSD), a decis\u00e3o encerra uma sequ\u00eancia de dois anos consecutivos de reprova\u00e7\u00e3o, causada principalmente pelo n\u00famero excessivo de cargos comissionados no Legislativo. Durante a sess\u00e3o, o parlamentar fez sustenta\u00e7\u00e3o oral, destacando as medidas implementadas desde o in\u00edcio de sua gest\u00e3o para corrigir as irregularidades apontadas anteriormente.<\/p><p>\u201cO resultado da aprova\u00e7\u00e3o das contas do nosso primeiro ano de gest\u00e3o \u00e9 fruto de muito trabalho, responsabilidade e compromisso com os princ\u00edpios da administra\u00e7\u00e3o p\u00fablica. Herdamos um cen\u00e1rio desafiador e tomamos decis\u00f5es t\u00e9cnicas e juridicamente seguras para corrigir distor\u00e7\u00f5es hist\u00f3ricas e devolver efici\u00eancia e transpar\u00eancia ao Legislativo\u201d, afirmou Everton Ferreira.<\/p><p>Entre as a\u00e7\u00f5es apresentadas por Everton Ferreira est\u00e3o a aprova\u00e7\u00e3o, em 2023, de um projeto de resolu\u00e7\u00e3o que extinguiu 21 cargos comissionados de assessoramento, com vig\u00eancia a partir de 2024, a redu\u00e7\u00e3o de despesas administrativas, como o cancelamento do contrato de selo postal, que gerou uma economia de R$100 mil ao ano e a renegocia\u00e7\u00e3o do contrato de telefonia, que poupou R$740 mil anuais.<\/p><p>\u201cDepois de 2021 e 2022 serem reprovadas de outra gest\u00e3o, essa aprova\u00e7\u00e3o das contas de 2023 de nossa gest\u00e3o restabelece a honra da Institui\u00e7\u00e3o C\u00e2mara Municipal\u201d, destacou o presidente.<\/p><p>A relatora tamb\u00e9m ressaltou que a gest\u00e3o cumpriu os limites estabelecidos pela <a href=\"https:\/\/www.planalto.gov.br\/ccivil_03\/leis\/lcp\/lcp101.htm\" rel=\"noopener\">Lei de Responsabilidade Fiscal<\/a> e pela legisla\u00e7\u00e3o or\u00e7ament\u00e1ria, mantendo o equil\u00edbrio das contas p\u00fablicas e promovendo avan\u00e7os na governan\u00e7a, transpar\u00eancia e planejamento. O julgamento ocorreu na sede do TCE-SP, em S\u00e3o Paulo, e foi conduzido pela Primeira C\u00e2mara, presidida pelo conselheiro Renato Martins Costa.<\/p><p><i>*Do Gabinete da Presid\u00eancia<\/i><\/p><p><strong>As mat\u00e9rias de origem dos Gabinetes s\u00e3o de inteira responsabilidade de suas assessorias.<\/strong><\/p>\t\t\t\t<\/div>\r\n<br>\r\n<br><a href=\"https:\/\/www.limeira.sp.leg.br\/noticias\/view\/2025-07-23_tribunal-de-contas-aprova-as-contas-da-camara-de-limeira-relativas-a-2023\" rel=\"noopener\">Informa\u00e7\u00f5es CML <\/a>","protected":false},"excerpt":{"rendered":"<p>O Tribunal de Contas do Estado de S\u00e3o Paulo (TCE-SP) aprovou, em sess\u00e3o online realizada nesta ter\u00e7a-feira, 22 de julho, as contas da C\u00e2mara Municipal de Limeira referentes ao exerc\u00edcio de 2023. O parecer favor\u00e1vel foi emitido pela Primeira C\u00e2mara do TCE-SP, sob relatoria da conselheira-substituta Silvia Monteiro, que destacou os avan\u00e7os da atual gest\u00e3o [&hellip;]<\/p>\n","protected":false},"author":1,"featured_media":39523,"comment_status":"open","ping_status":"open","sticky":false,"template":"","format":"standard","meta":{"_jetpack_newsletter_access":"","_jetpack_dont_email_post_to_subs":false,"_jetpack_newsletter_tier_id":0,"_jetpack_memberships_contains_paywalled_content":false,"_mbp_banners":[],"_jetpack_feature_clip_id":0,"_jetpack_memberships_contains_paid_content":false,"footnotes":"","jetpack_publicize_message":"","jetpack_publicize_feature_enabled":true,"jetpack_social_post_already_shared":true,"jetpack_social_options":{"image_generator_settings":{"template":"highway","default_image_id":0,"font":"","enabled":false},"version":2},"jetpack_post_was_ever_published":false},"categories":[19],"tags":[],"class_list":["post-39524","post","type-post","status-publish","format-standard","has-post-thumbnail","category-politica"],"jetpack_publicize_connections":[],"jetpack-related-posts":[],"jetpack_shortlink":"https:\/\/wp.me\/p7Eq1F-ahu","jetpack_sharing_enabled":true,"jetpack_featured_media_url":"https:\/\/i0.wp.com\/guialimeira.com.br\/news\/wp-content\/uploads\/2025\/07\/Tribunal-de-Contas-aprova-as-contas-da-Camara-de-Limeira.jpg?fit=1280%2C640&ssl=1","_links":{"self":[{"href":"https:\/\/guialimeira.com.br\/news\/wp-json\/wp\/v2\/posts\/39524","targetHints":{"allow":["GET"]}}],"collection":[{"href":"https:\/\/guialimeira.com.br\/news\/wp-json\/wp\/v2\/posts"}],"about":[{"href":"https:\/\/guialimeira.com.br\/news\/wp-json\/wp\/v2\/types\/post"}],"author":[{"embeddable":true,"href":"https:\/\/guialimeira.com.br\/news\/wp-json\/wp\/v2\/users\/1"}],"replies":[{"embeddable":true,"href":"https:\/\/guialimeira.com.br\/news\/wp-json\/wp\/v2\/comments?post=39524"}],"version-history":[{"count":1,"href":"https:\/\/guialimeira.com.br\/news\/wp-json\/wp\/v2\/posts\/39524\/revisions"}],"predecessor-version":[{"id":39525,"href":"https:\/\/guialimeira.com.br\/news\/wp-json\/wp\/v2\/posts\/39524\/revisions\/39525"}],"wp:featuredmedia":[{"embeddable":true,"href":"https:\/\/guialimeira.com.br\/news\/wp-json\/wp\/v2\/media\/39523"}],"wp:attachment":[{"href":"https:\/\/guialimeira.com.br\/news\/wp-json\/wp\/v2\/media?parent=39524"}],"wp:term":[{"taxonomy":"category","embeddable":true,"href":"https:\/\/guialimeira.com.br\/news\/wp-json\/wp\/v2\/categories?post=39524"},{"taxonomy":"post_tag","embeddable":true,"href":"https:\/\/guialimeira.com.br\/news\/wp-json\/wp\/v2\/tags?post=39524"}],"curies":[{"name":"wp","href":"https:\/\/api.w.org\/{rel}","templated":true}]}}