{"id":39496,"date":"2025-07-23T12:25:54","date_gmt":"2025-07-23T15:25:54","guid":{"rendered":"https:\/\/guialimeira.com.br\/?p=39496"},"modified":"2025-07-23T12:25:54","modified_gmt":"2025-07-23T15:25:54","slug":"cordeiropolis-investe-em-contratacao-de-profissionais-para-a-educacao-prefeitura-municipal-de-cordeiropolis","status":"publish","type":"post","link":"https:\/\/guialimeira.com.br\/news\/cordeiropolis-investe-em-contratacao-de-profissionais-para-a-educacao-prefeitura-municipal-de-cordeiropolis\/","title":{"rendered":"Cordeir\u00f3polis investe em contrata\u00e7\u00e3o de profissionais para a educa\u00e7\u00e3o \u2013 Prefeitura Municipal de Cordeir\u00f3polis"},"content":{"rendered":"<p> <br \/>\n<\/p>\n<div>\n<p>A amplia\u00e7\u00e3o do atendimento na rede municipal de ensino tem gerado novos investimentos da Prefeitura de Cordeir\u00f3polis, especialmente na contrata\u00e7\u00e3o de professores e agentes educacionais. Em junho de 2025, 79 profissionais foram incorporados exclusivamente para suprir a demanda das escolas.<\/p>\n<p>As contrata\u00e7\u00f5es impactaram diretamente o n\u00famero total de servidores, que passou de 1.023, em junho de 2024, para 1.057, em junho deste ano, por exemplo. No entanto, se desconsiderados os novos profissionais da Educa\u00e7\u00e3o, o total de funcion\u00e1rios seria de 978. Ou seja, uma redu\u00e7\u00e3o de 4,6% na folha nos demais setores da administra\u00e7\u00e3o p\u00fablica nesse mesmo comparativo.<\/p>\n<p>\u201cEstamos investindo nas \u00e1reas que mais impactam a vida da popula\u00e7\u00e3o, como a educa\u00e7\u00e3o, sempre com responsabilidade fiscal e foco na efici\u00eancia da gest\u00e3o p\u00fablica. Em paralelo, estamos valorizando os servidores concursados\u201d, destaca a prefeita Cristina Saad. Exemplo disso, foi a amplia\u00e7\u00e3o das fun\u00e7\u00f5es gratificadas, exercidas por servidores efetivos, de 122 para 135, entre 2024 e 2025.<\/p>\n<p><strong>Nova creche<\/strong><\/p>\n<p>Nesta sexta-feira (25), o novo Centro de Educa\u00e7\u00e3o Infantil (CEI) \u201cProf. Bento Avelino Lordello\u201d, na Vila Boteon, ser\u00e1 oficialmente entregue como parte dos investimentos na educa\u00e7\u00e3o. A creche j\u00e1 funciona desde mar\u00e7o, como extens\u00e3o do CEI Lilia. Agora, ap\u00f3s revitaliza\u00e7\u00e3o do pr\u00e9dio, o CEI passa a funcionar com o nome do professor Bento, que deixou um legado em Cordeir\u00f3polis.<\/p>\n<\/p><\/div>\n<p><br \/>\n<br \/><a href=\"https:\/\/www.cordeiropolis.sp.gov.br\/cordeiropolis-investe-em-contratacao-de-profissionais-para-a-educacao\/\" rel=\"noopener\">Informa\u00e7\u00f5es Cordeir\u00f3polis <\/a><\/p>\n","protected":false},"excerpt":{"rendered":"<p>A amplia\u00e7\u00e3o do atendimento na rede municipal de ensino tem gerado novos investimentos da Prefeitura de Cordeir\u00f3polis, especialmente na contrata\u00e7\u00e3o de professores e agentes educacionais. Em junho de 2025, 79 profissionais foram incorporados exclusivamente para suprir a demanda das escolas. As contrata\u00e7\u00f5es impactaram diretamente o n\u00famero total de servidores, que passou de 1.023, em junho [&hellip;]<\/p>\n","protected":false},"author":1,"featured_media":0,"comment_status":"open","ping_status":"open","sticky":false,"template":"","format":"standard","meta":{"_jetpack_newsletter_access":"","_jetpack_dont_email_post_to_subs":false,"_jetpack_newsletter_tier_id":0,"_jetpack_memberships_contains_paywalled_content":false,"_mbp_banners":[],"_jetpack_feature_clip_id":0,"_jetpack_memberships_contains_paid_content":false,"footnotes":"","jetpack_publicize_message":"","jetpack_publicize_feature_enabled":true,"jetpack_social_post_already_shared":true,"jetpack_social_options":{"image_generator_settings":{"template":"highway","default_image_id":0,"font":"","enabled":false},"version":2},"jetpack_post_was_ever_published":false},"categories":[20],"tags":[],"class_list":["post-39496","post","type-post","status-publish","format-standard","category-regiao"],"jetpack_publicize_connections":[],"jetpack-related-posts":[],"jetpack_shortlink":"https:\/\/wp.me\/p7Eq1F-ah2","jetpack_sharing_enabled":true,"jetpack_featured_media_url":"","_links":{"self":[{"href":"https:\/\/guialimeira.com.br\/news\/wp-json\/wp\/v2\/posts\/39496","targetHints":{"allow":["GET"]}}],"collection":[{"href":"https:\/\/guialimeira.com.br\/news\/wp-json\/wp\/v2\/posts"}],"about":[{"href":"https:\/\/guialimeira.com.br\/news\/wp-json\/wp\/v2\/types\/post"}],"author":[{"embeddable":true,"href":"https:\/\/guialimeira.com.br\/news\/wp-json\/wp\/v2\/users\/1"}],"replies":[{"embeddable":true,"href":"https:\/\/guialimeira.com.br\/news\/wp-json\/wp\/v2\/comments?post=39496"}],"version-history":[{"count":1,"href":"https:\/\/guialimeira.com.br\/news\/wp-json\/wp\/v2\/posts\/39496\/revisions"}],"predecessor-version":[{"id":39497,"href":"https:\/\/guialimeira.com.br\/news\/wp-json\/wp\/v2\/posts\/39496\/revisions\/39497"}],"wp:attachment":[{"href":"https:\/\/guialimeira.com.br\/news\/wp-json\/wp\/v2\/media?parent=39496"}],"wp:term":[{"taxonomy":"category","embeddable":true,"href":"https:\/\/guialimeira.com.br\/news\/wp-json\/wp\/v2\/categories?post=39496"},{"taxonomy":"post_tag","embeddable":true,"href":"https:\/\/guialimeira.com.br\/news\/wp-json\/wp\/v2\/tags?post=39496"}],"curies":[{"name":"wp","href":"https:\/\/api.w.org\/{rel}","templated":true}]}}