{"id":39481,"date":"2025-07-23T09:23:16","date_gmt":"2025-07-23T12:23:16","guid":{"rendered":"https:\/\/guialimeira.com.br\/?p=39481"},"modified":"2025-07-23T09:23:16","modified_gmt":"2025-07-23T12:23:16","slug":"pavimentacao-da-estrada-carlos-tomazella-e-entregue-com-presenca-do-governador-e-autoridades-municipais-prefeitura-municipal-de-cordeiropolis","status":"publish","type":"post","link":"https:\/\/guialimeira.com.br\/news\/pavimentacao-da-estrada-carlos-tomazella-e-entregue-com-presenca-do-governador-e-autoridades-municipais-prefeitura-municipal-de-cordeiropolis\/","title":{"rendered":"Pavimenta\u00e7\u00e3o da Estrada Carlos Tomazella \u00e9 entregue com presen\u00e7a do governador e autoridades municipais \u2013 Prefeitura Municipal de Cordeir\u00f3polis"},"content":{"rendered":"<p> <br \/>\n<\/p>\n<div>\n<p>A pavimenta\u00e7\u00e3o da estrada vicinal \u201cCarlos Tomazella\u201d (COR-283), que liga Cordeir\u00f3polis a Araras, foi entregue nesta ter\u00e7a-feira (22). O governador Tarc\u00edsio de Freitas participou da entrega, ao lado da prefeita Cristina Saad e do vice-prefeito Anderson Hespanhol Pique, entre outras autoridades municipais e regionais. A obra beneficia uma popula\u00e7\u00e3o de mais de 155 mil pessoas.<\/p>\n<p>Com 5,370 quil\u00f4metros de extens\u00e3o, a estrada foi completamente revitalizada com recursos de um conv\u00eanio entre a Prefeitura de Cordeir\u00f3polis e o Governo do Estado. Foram investidos R$ 19,3 milh\u00f5es na obra. \u201c\u00c9 um importante investimento do estado e do munic\u00edpio no desenvolvimento de Cordeir\u00f3polis, priorizando o escoamento da produ\u00e7\u00e3o ceramista e agr\u00edcola\u201d, afirmou Cristina.<\/p>\n<p>O governador percorreu a nova estrada e descerrou, ao lado das autoridades, a placa que marca a entrega das melhorias. Para ele, a moderniza\u00e7\u00e3o vi\u00e1ria trar\u00e1 benef\u00edcios \u00e0 regi\u00e3o e ao estado. \u201cCom a pavimenta\u00e7\u00e3o da COR-283, conquistamos benef\u00edcios concretos para a popula\u00e7\u00e3o, que ter\u00e1 uma redu\u00e7\u00e3o no tempo de viagem entre Cordeir\u00f3polis e Araras\u201d, afirmou Tarc\u00edsio.<\/p>\n<p>Tamb\u00e9m estiveram presentes a prefeita de Iracem\u00e1polis, Nelita Michel, os prefeitos de Limeira, Murilo F\u00e9lix, e de Araras, Irineu Marretto, a secret\u00e1ria estadual do Meio Ambiente, Infraestrutura e Log\u00edstica, Nat\u00e1lia Resende, o presidente do Departamento de Estradas de Rodagem (DER), S\u00e9rgio Codelo, entre outras autoridades de Cordeir\u00f3polis, estado e regi\u00e3o.<\/p>\n<figure class=\"wp-block-gallery has-nested-images columns-default is-cropped wp-block-gallery-1 is-layout-flex wp-block-gallery-is-layout-flex\">\n<figure class=\"wp-block-image size-large\"><\/figure>\n<figure class=\"wp-block-image size-large\"><img data-recalc-dims=\"1\" decoding=\"async\" data-attachment-id=\"30830\" data-permalink=\"https:\/\/guialimeira.com.br\/news\/corinthians-demite-o-tecnico-argentino-ramon-diaz\/1743792787fb0650ff38f84d526883336ff5119dc0-jpg\/\" data-orig-file=\"https:\/\/i0.wp.com\/guialimeira.com.br\/news\/wp-content\/uploads\/2025\/04\/1743792787fb0650ff38f84d526883336ff5119dc0.jpg?fit=1600%2C800&amp;ssl=1\" data-orig-size=\"1600,800\" data-comments-opened=\"1\" data-image-meta=\"{&quot;aperture&quot;:&quot;0&quot;,&quot;credit&quot;:&quot;&quot;,&quot;camera&quot;:&quot;&quot;,&quot;caption&quot;:&quot;&quot;,&quot;created_timestamp&quot;:&quot;0&quot;,&quot;copyright&quot;:&quot;&quot;,&quot;focal_length&quot;:&quot;0&quot;,&quot;iso&quot;:&quot;0&quot;,&quot;shutter_speed&quot;:&quot;0&quot;,&quot;title&quot;:&quot;&quot;,&quot;orientation&quot;:&quot;0&quot;}\" data-image-title=\"1743792787fb0650ff38f84d526883336ff5119dc0.jpg\" data-image-description=\"\" data-image-caption=\"\" data-large-file=\"https:\/\/i0.wp.com\/guialimeira.com.br\/news\/wp-content\/uploads\/2025\/04\/1743792787fb0650ff38f84d526883336ff5119dc0.jpg?fit=696%2C348&amp;ssl=1\" loading=\"lazy\" width=\"696\" height=\"392\" data-id=\"30830\" src=\"https:\/\/i0.wp.com\/guialimeira.com.br\/wp-content\/uploads\/2025\/07\/1753273394_451_Pavimentacao-da-Estrada-Carlos-Tomazella-e-entregue-com-presenca-do.jpg?resize=696%2C392&#038;ssl=1\" alt=\"\" class=\"wp-image-30830\" \/><\/figure>\n<figure class=\"wp-block-image size-large\"><img data-recalc-dims=\"1\" decoding=\"async\" loading=\"lazy\" width=\"696\" height=\"523\" data-id=\"30829\" src=\"https:\/\/i0.wp.com\/guialimeira.com.br\/wp-content\/uploads\/2025\/07\/1753273394_902_Pavimentacao-da-Estrada-Carlos-Tomazella-e-entregue-com-presenca-do.jpg?resize=696%2C523&#038;ssl=1\" alt=\"\" class=\"wp-image-30829\" \/><\/figure>\n<figure class=\"wp-block-image size-large\"><img data-recalc-dims=\"1\" decoding=\"async\" loading=\"lazy\" width=\"696\" height=\"392\" data-id=\"30828\" src=\"https:\/\/i0.wp.com\/guialimeira.com.br\/wp-content\/uploads\/2025\/07\/1753273394_653_Pavimentacao-da-Estrada-Carlos-Tomazella-e-entregue-com-presenca-do.jpg?resize=696%2C392&#038;ssl=1\" alt=\"\" class=\"wp-image-30828\" \/><\/figure>\n<figure class=\"wp-block-image size-large\"><img data-recalc-dims=\"1\" decoding=\"async\" data-attachment-id=\"30827\" data-permalink=\"https:\/\/guialimeira.com.br\/news\/glauber-braga-encerra-greve-de-fome-apos-acordo-com-hugo-motta\/glauber-braga-encerra-greve-de-fome-apos-acordo-com-hugo-3\/\" data-orig-file=\"https:\/\/i0.wp.com\/guialimeira.com.br\/news\/wp-content\/uploads\/2025\/04\/Glauber-Braga-encerra-greve-de-fome-apos-acordo-com-Hugo.jpeg?fit=1600%2C800&amp;ssl=1\" data-orig-size=\"1600,800\" data-comments-opened=\"1\" data-image-meta=\"{&quot;aperture&quot;:&quot;0&quot;,&quot;credit&quot;:&quot;&quot;,&quot;camera&quot;:&quot;&quot;,&quot;caption&quot;:&quot;&quot;,&quot;created_timestamp&quot;:&quot;0&quot;,&quot;copyright&quot;:&quot;&quot;,&quot;focal_length&quot;:&quot;0&quot;,&quot;iso&quot;:&quot;0&quot;,&quot;shutter_speed&quot;:&quot;0&quot;,&quot;title&quot;:&quot;&quot;,&quot;orientation&quot;:&quot;0&quot;}\" data-image-title=\"Glauber Braga encerra greve de fome ap\u00f3s acordo com Hugo\" data-image-description=\"\" data-image-caption=\"&lt;p&gt;\u00a9 Assessoria Glauber Braga\/Divulga\u00e7\u00e3o&lt;\/p&gt;\n\" data-large-file=\"https:\/\/i0.wp.com\/guialimeira.com.br\/news\/wp-content\/uploads\/2025\/04\/Glauber-Braga-encerra-greve-de-fome-apos-acordo-com-Hugo.jpeg?fit=696%2C348&amp;ssl=1\" loading=\"lazy\" width=\"696\" height=\"392\" data-id=\"30827\" src=\"https:\/\/i0.wp.com\/guialimeira.com.br\/wp-content\/uploads\/2025\/07\/1753273394_930_Pavimentacao-da-Estrada-Carlos-Tomazella-e-entregue-com-presenca-do.jpg?resize=696%2C392&#038;ssl=1\" alt=\"\" class=\"wp-image-30827\" \/><\/figure>\n<figure class=\"wp-block-image size-large\"><img data-recalc-dims=\"1\" decoding=\"async\" loading=\"lazy\" width=\"696\" height=\"392\" data-id=\"30826\" src=\"https:\/\/i0.wp.com\/guialimeira.com.br\/wp-content\/uploads\/2025\/07\/1753273394_309_Pavimentacao-da-Estrada-Carlos-Tomazella-e-entregue-com-presenca-do.jpg?resize=696%2C392&#038;ssl=1\" alt=\"\" class=\"wp-image-30826\" \/><\/figure>\n<figure class=\"wp-block-image size-large\"><img data-recalc-dims=\"1\" decoding=\"async\" data-attachment-id=\"30825\" data-permalink=\"https:\/\/guialimeira.com.br\/news\/glauber-braga-encerra-greve-de-fome-apos-acordo-com-hugo-2\/\" data-orig-file=\"https:\/\/i0.wp.com\/guialimeira.com.br\/news\/wp-content\/uploads\/2025\/04\/1744934096_880_ebc.gif?fit=1%2C1&amp;ssl=1\" data-orig-size=\"1,1\" data-comments-opened=\"1\" data-image-meta=\"{&quot;aperture&quot;:&quot;0&quot;,&quot;credit&quot;:&quot;&quot;,&quot;camera&quot;:&quot;&quot;,&quot;caption&quot;:&quot;&quot;,&quot;created_timestamp&quot;:&quot;0&quot;,&quot;copyright&quot;:&quot;&quot;,&quot;focal_length&quot;:&quot;0&quot;,&quot;iso&quot;:&quot;0&quot;,&quot;shutter_speed&quot;:&quot;0&quot;,&quot;title&quot;:&quot;&quot;,&quot;orientation&quot;:&quot;0&quot;}\" data-image-title=\"Glauber Braga encerra greve de fome ap\u00f3s acordo com Hugo\" data-image-description=\"\" data-image-caption=\"\" data-large-file=\"https:\/\/i0.wp.com\/guialimeira.com.br\/news\/wp-content\/uploads\/2025\/04\/1744934096_880_ebc.gif?fit=1%2C1&amp;ssl=1\" loading=\"lazy\" width=\"696\" height=\"392\" data-id=\"30825\" src=\"https:\/\/i0.wp.com\/guialimeira.com.br\/wp-content\/uploads\/2025\/07\/1753273394_690_Pavimentacao-da-Estrada-Carlos-Tomazella-e-entregue-com-presenca-do.jpg?resize=696%2C392&#038;ssl=1\" alt=\"\" class=\"wp-image-30825\" \/><\/figure>\n<figure class=\"wp-block-image size-large\"><img data-recalc-dims=\"1\" decoding=\"async\" data-attachment-id=\"30833\" data-permalink=\"https:\/\/guialimeira.com.br\/news\/governo-de-sao-paulo-inaugura-unidade-modelo-do-detran-em-campos-do-jordao\/governo-de-sao-paulo-inaugura-unidade-modelo-do-detran-em\/\" data-orig-file=\"https:\/\/i0.wp.com\/guialimeira.com.br\/news\/wp-content\/uploads\/2025\/04\/Governo-de-Sao-Paulo-inaugura-unidade-modelo-do-Detran-em.jpg?fit=1024%2C683&amp;ssl=1\" data-orig-size=\"1024,683\" data-comments-opened=\"1\" data-image-meta=\"{&quot;aperture&quot;:&quot;0&quot;,&quot;credit&quot;:&quot;&quot;,&quot;camera&quot;:&quot;&quot;,&quot;caption&quot;:&quot;&quot;,&quot;created_timestamp&quot;:&quot;0&quot;,&quot;copyright&quot;:&quot;&quot;,&quot;focal_length&quot;:&quot;0&quot;,&quot;iso&quot;:&quot;0&quot;,&quot;shutter_speed&quot;:&quot;0&quot;,&quot;title&quot;:&quot;&quot;,&quot;orientation&quot;:&quot;0&quot;}\" data-image-title=\"Governo de S\u00e3o Paulo inaugura unidade modelo do Detran em\" data-image-description=\"\" data-image-caption=\"\" data-large-file=\"https:\/\/i0.wp.com\/guialimeira.com.br\/news\/wp-content\/uploads\/2025\/04\/Governo-de-Sao-Paulo-inaugura-unidade-modelo-do-Detran-em.jpg?fit=696%2C464&amp;ssl=1\" loading=\"lazy\" width=\"696\" height=\"464\" data-id=\"30833\" src=\"https:\/\/i0.wp.com\/guialimeira.com.br\/wp-content\/uploads\/2025\/07\/1753273394_283_Pavimentacao-da-Estrada-Carlos-Tomazella-e-entregue-com-presenca-do.jpg?resize=696%2C464&#038;ssl=1\" alt=\"\" class=\"wp-image-30833\" \/><\/figure>\n<figure class=\"wp-block-image size-large\"><img data-recalc-dims=\"1\" decoding=\"async\" loading=\"lazy\" width=\"696\" height=\"464\" data-id=\"30834\" src=\"https:\/\/i0.wp.com\/guialimeira.com.br\/wp-content\/uploads\/2025\/07\/1753273394_746_Pavimentacao-da-Estrada-Carlos-Tomazella-e-entregue-com-presenca-do.jpg?resize=696%2C464&#038;ssl=1\" alt=\"\" class=\"wp-image-30834\" \/><\/figure>\n<\/figure><\/div>\n<p><br \/>\n<br \/><a href=\"https:\/\/www.cordeiropolis.sp.gov.br\/pavimentacao-da-estrada-carlos-tomazella-e-entregue-com-presenca-do-governador-e-autoridades-municipais\/\" rel=\"noopener\">Informa\u00e7\u00f5es Cordeir\u00f3polis <\/a><\/p>\n","protected":false},"excerpt":{"rendered":"<p>A pavimenta\u00e7\u00e3o da estrada vicinal \u201cCarlos Tomazella\u201d (COR-283), que liga Cordeir\u00f3polis a Araras, foi entregue nesta ter\u00e7a-feira (22). O governador Tarc\u00edsio de Freitas participou da entrega, ao lado da prefeita Cristina Saad e do vice-prefeito Anderson Hespanhol Pique, entre outras autoridades municipais e regionais. A obra beneficia uma popula\u00e7\u00e3o de mais de 155 mil pessoas. [&hellip;]<\/p>\n","protected":false},"author":1,"featured_media":39482,"comment_status":"open","ping_status":"open","sticky":false,"template":"","format":"standard","meta":{"_jetpack_newsletter_access":"","_jetpack_dont_email_post_to_subs":false,"_jetpack_newsletter_tier_id":0,"_jetpack_memberships_contains_paywalled_content":false,"_mbp_banners":[],"_jetpack_feature_clip_id":0,"_jetpack_memberships_contains_paid_content":false,"footnotes":"","jetpack_publicize_message":"","jetpack_publicize_feature_enabled":true,"jetpack_social_post_already_shared":true,"jetpack_social_options":{"image_generator_settings":{"template":"highway","default_image_id":0,"font":"","enabled":false},"version":2},"jetpack_post_was_ever_published":false},"categories":[20],"tags":[],"class_list":["post-39481","post","type-post","status-publish","format-standard","has-post-thumbnail","category-regiao"],"jetpack_publicize_connections":[],"jetpack-related-posts":[],"jetpack_shortlink":"https:\/\/wp.me\/p7Eq1F-agN","jetpack_sharing_enabled":true,"jetpack_featured_media_url":"https:\/\/i0.wp.com\/guialimeira.com.br\/news\/wp-content\/uploads\/2025\/07\/Pavimentacao-da-Estrada-Carlos-Tomazella-e-entregue-com-presenca-do.jpg?fit=1024%2C764&ssl=1","_links":{"self":[{"href":"https:\/\/guialimeira.com.br\/news\/wp-json\/wp\/v2\/posts\/39481","targetHints":{"allow":["GET"]}}],"collection":[{"href":"https:\/\/guialimeira.com.br\/news\/wp-json\/wp\/v2\/posts"}],"about":[{"href":"https:\/\/guialimeira.com.br\/news\/wp-json\/wp\/v2\/types\/post"}],"author":[{"embeddable":true,"href":"https:\/\/guialimeira.com.br\/news\/wp-json\/wp\/v2\/users\/1"}],"replies":[{"embeddable":true,"href":"https:\/\/guialimeira.com.br\/news\/wp-json\/wp\/v2\/comments?post=39481"}],"version-history":[{"count":1,"href":"https:\/\/guialimeira.com.br\/news\/wp-json\/wp\/v2\/posts\/39481\/revisions"}],"predecessor-version":[{"id":39483,"href":"https:\/\/guialimeira.com.br\/news\/wp-json\/wp\/v2\/posts\/39481\/revisions\/39483"}],"wp:featuredmedia":[{"embeddable":true,"href":"https:\/\/guialimeira.com.br\/news\/wp-json\/wp\/v2\/media\/39482"}],"wp:attachment":[{"href":"https:\/\/guialimeira.com.br\/news\/wp-json\/wp\/v2\/media?parent=39481"}],"wp:term":[{"taxonomy":"category","embeddable":true,"href":"https:\/\/guialimeira.com.br\/news\/wp-json\/wp\/v2\/categories?post=39481"},{"taxonomy":"post_tag","embeddable":true,"href":"https:\/\/guialimeira.com.br\/news\/wp-json\/wp\/v2\/tags?post=39481"}],"curies":[{"name":"wp","href":"https:\/\/api.w.org\/{rel}","templated":true}]}}