{"id":3948,"date":"2024-05-06T20:02:45","date_gmt":"2024-05-06T23:02:45","guid":{"rendered":"https:\/\/guialimeira.com.br\/2024\/05\/06\/ministerio-do-turismo-abre-inscricoes-para-cursos-gratuitos\/"},"modified":"2024-05-06T20:02:45","modified_gmt":"2024-05-06T23:02:45","slug":"ministerio-do-turismo-abre-inscricoes-para-cursos-gratuitos","status":"publish","type":"post","link":"https:\/\/guialimeira.com.br\/news\/ministerio-do-turismo-abre-inscricoes-para-cursos-gratuitos\/","title":{"rendered":"Minist\u00e9rio do Turismo abre inscri\u00e7\u00f5es para cursos gratuitos"},"content":{"rendered":"<p> <br \/>\n<\/p>\n<div>\n            <main class=\"\">&#13;<br \/>\n                &#13;<br \/>\n&#13;<br \/>\n&#13;<br \/>\n&#13;<br \/>\n    <img data-recalc-dims=\"1\" decoding=\"async\" src=\"https:\/\/i0.wp.com\/ecrie.com.br\/sistema\/conteudos\/imagem\/m_137_52_123_15122022144819.jpg?w=696&#038;ssl=1\" alt=\"Minist\u00e9rio do Turismo abre inscri\u00e7\u00f5es para cursos gratuitos\"\/>&#13;<br \/>\n&#13;<\/p>\n<p style=\"text-align: justify;\" align=\"justify\">A Secretaria de Desenvolvimento, Turismo e Inova\u00e7\u00e3o informa que o Minist\u00e9rio do Turismo tem tr\u00eas cursos na \u00e1rea com inscri\u00e7\u00f5es abertas. As iniciativas s\u00e3o on-line e gratuitas. Qualquer pessoa interessada pode se inscrever, de acordo com a pasta. Confira as oportunidades:<\/p>\n<p>&#13;<\/p>\n<p style=\"text-align: justify;\" align=\"justify\"><strong>Turismo Acess\u00edvel \u00e0s pessoas com defici\u00eancia f\u00edsica e\/ou com mobilidade reduzida<\/strong><\/p>\n<p>&#13;<\/p>\n<p style=\"text-align: justify;\" align=\"justify\">Matr\u00edcula: at\u00e9 01\/07\/2024;<\/p>\n<p>&#13;<\/p>\n<p style=\"text-align: justify;\" align=\"justify\">Carga hor\u00e1ria: 30 horas;<\/p>\n<p>&#13;<\/p>\n<p style=\"text-align: justify;\" align=\"justify\">Certificado: para receber um certificado gratuito, o aluno precisar\u00e1 alcan\u00e7ar nota igual ou superior a 70;<\/p>\n<p>&#13;<\/p>\n<p style=\"text-align: justify;\" align=\"justify\">Inscri\u00e7\u00f5es: <a href=\"https:\/\/qualifica.turismo.gov.br\/course\/view.php?id=8&amp;page=introduction\" rel=\"noopener\">https:\/\/qualifica.turismo.gov.br\/course\/view.php?id=8&amp;page=introduction<\/a>;<\/p>\n<p>&#13;<\/p>\n<p style=\"text-align: justify;\" align=\"justify\">T\u00e9rmino do curso: 31 de julho de 2024.<\/p>\n<p>&#13;<\/p>\n<p style=\"text-align: justify;\" align=\"justify\"><strong>Condutor de Turismo N\u00e1utico<\/strong><\/p>\n<p>&#13;<\/p>\n<p style=\"text-align: justify;\" align=\"justify\">Matr\u00edcula: at\u00e9 18\/08\/2024;<\/p>\n<p>&#13;<\/p>\n<p style=\"text-align: justify;\" align=\"justify\">Carga hor\u00e1ria: 12 horas;<\/p>\n<p>&#13;<\/p>\n<p style=\"text-align: justify;\" align=\"justify\">Certificado: ser\u00e1 oferecida a certifica\u00e7\u00e3o gratuita;<\/p>\n<p>&#13;<\/p>\n<p style=\"text-align: justify;\" align=\"justify\">Inscri\u00e7\u00f5es: <a href=\"https:\/\/qualifica.turismo.gov.br\/course\/view.php?id=21&amp;page=introduction\" rel=\"noopener\">https:\/\/qualifica.turismo.gov.br\/course\/view.php?id=21&amp;page=introduction<\/a>;<\/p>\n<p>&#13;<\/p>\n<p style=\"text-align: justify;\" align=\"justify\">T\u00e9rmino do curso: 18 de setembro de 2024.<\/p>\n<p>&#13;<\/p>\n<p style=\"text-align: justify;\" align=\"justify\"><strong>Turismo Acess\u00edvel \u00e0s pessoas com Surdocegueira e \u00e0s pessoas com Defici\u00eancia M\u00faltipla<\/strong><\/p>\n<p>&#13;<\/p>\n<p style=\"text-align: justify;\" align=\"justify\">Matr\u00edcula: at\u00e9 01\/07\/2024;<\/p>\n<p>&#13;<\/p>\n<p style=\"text-align: justify;\" align=\"justify\">Carga hor\u00e1ria: 30 horas;<\/p>\n<p>&#13;<\/p>\n<p style=\"text-align: justify;\" align=\"justify\">Certificado: ser\u00e1 oferecida a certifica\u00e7\u00e3o gratuita para quem alcan\u00e7ar nota igual ou superior a 70;<\/p>\n<p>&#13;<\/p>\n<p style=\"text-align: justify;\" align=\"justify\">Inscri\u00e7\u00f5es: <a href=\"https:\/\/qualifica.turismo.gov.br\/course\/view.php?id=33&amp;page=introduction\" rel=\"noopener\">https:\/\/qualifica.turismo.gov.br\/course\/view.php?id=33&amp;page=introduction<\/a>;<\/p>\n<p>&#13;<\/p>\n<p style=\"text-align: justify;\" align=\"justify\">T\u00e9rmino do curso: 31 de julho de 2024.<\/p>\n<p>&#13;<br \/>\n&#13;<br \/>\n&#13;<br \/>\n&#13;<\/p>\n<aside class=\"list-related no-print\">&#13;<br \/>\n        &#13;<br \/>\n&#13;<\/p>\n<article class=\"list-item noticias \">&#13;<br \/>\n                    <a class=\"list-item__img\" href=\"https:\/\/limeira.sp.gov.br\/imprensa\/noticias\/desenvolvimento-turismo-e-inovacao\/cadastro-do-ministerio-do-turismo-promove-legalizacao-do-setor\" tabindex=\"-1\" aria-hidden=\"true\" rel=\"noopener\">&#13;<br \/>\n                        <img data-recalc-dims=\"1\" decoding=\"async\" src=\"https:\/\/i0.wp.com\/ecrie.com.br\/sistema\/conteudos\/imagem\/m_137_0_1_02022023115306.jpg?w=696&#038;ssl=1\" alt=\"Cadastro do Minist\u00e9rio do Turismo promove legaliza\u00e7\u00e3o do setor\"\/>&#13;<br \/>\n                    <\/a>&#13;<br \/>\n&#13;<br \/>\n                &#13;<br \/>\n            <\/article>\n<p>&#13;<\/p>\n<article class=\"list-item noticias \">&#13;<br \/>\n                    <a class=\"list-item__img\" href=\"https:\/\/limeira.sp.gov.br\/imprensa\/noticias\/desenvolvimento-turismo-e-inovacao\/empresa-tem-50-vagas-para-atendimento-receptivo\" tabindex=\"-1\" aria-hidden=\"true\" rel=\"noopener\">&#13;<br \/>\n                        <img data-recalc-dims=\"1\" decoding=\"async\" src=\"https:\/\/i0.wp.com\/ecrie.com.br\/sistema\/conteudos\/imagem\/m_137_0_1_03052024151809.jpg?w=696&#038;ssl=1\" alt=\"Empresa tem 50 vagas para atendimento receptivo\"\/>&#13;<br \/>\n                    <\/a>&#13;<br \/>\n&#13;<br \/>\n                &#13;<br \/>\n            <\/article>\n<p>&#13;<\/p>\n<article class=\"list-item noticias \">&#13;<br \/>\n                    <a class=\"list-item__img\" href=\"https:\/\/limeira.sp.gov.br\/imprensa\/noticias\/desenvolvimento-turismo-e-inovacao\/revisao-do-plano-diretor-de-turismo-e-aprovado-na-camara-municipal\" tabindex=\"-1\" aria-hidden=\"true\" rel=\"noopener\">&#13;<br \/>\n                        <img data-recalc-dims=\"1\" decoding=\"async\" src=\"https:\/\/i0.wp.com\/ecrie.com.br\/sistema\/conteudos\/imagem\/m_137_0_1_03052024124824.jpeg?w=696&#038;ssl=1\" alt=\"Revis\u00e3o do Plano Diretor de Turismo \u00e9 aprovado na C\u00e2mara Municipal\"\/>&#13;<br \/>\n                    <\/a>&#13;<br \/>\n&#13;<br \/>\n                &#13;<br \/>\n            <\/article>\n<p>&#13;<br \/>\n    <\/aside>\n<p>&#13;<br \/>\n&#13;<br \/>\n            <\/main><\/p><\/div>\n<p><br \/>\n<br \/><a href=\"https:\/\/limeira.sp.gov.br\/ministerio-do-turismo-abre-inscricoes-para-cursos-gratuitos\" rel=\"noopener\">Informa\u00e7\u00f5es da PML <\/a><\/p>\n","protected":false},"excerpt":{"rendered":"<p>&#13; &#13; &#13; &#13; &#13; &#13; &#13; A Secretaria de Desenvolvimento, Turismo e Inova\u00e7\u00e3o informa que o Minist\u00e9rio do Turismo tem tr\u00eas cursos na \u00e1rea com inscri\u00e7\u00f5es abertas. As iniciativas s\u00e3o on-line e gratuitas. Qualquer pessoa interessada pode se inscrever, de acordo com a pasta. Confira as oportunidades: &#13; Turismo Acess\u00edvel \u00e0s pessoas com defici\u00eancia [&hellip;]<\/p>\n","protected":false},"author":1,"featured_media":3949,"comment_status":"open","ping_status":"open","sticky":false,"template":"","format":"standard","meta":{"_jetpack_newsletter_access":"","_jetpack_dont_email_post_to_subs":false,"_jetpack_newsletter_tier_id":0,"_jetpack_memberships_contains_paywalled_content":false,"_mbp_banners":[],"_jetpack_feature_clip_id":0,"_jetpack_memberships_contains_paid_content":false,"footnotes":"","jetpack_publicize_message":"","jetpack_publicize_feature_enabled":true,"jetpack_social_post_already_shared":true,"jetpack_social_options":{"image_generator_settings":{"template":"highway","default_image_id":0,"font":"","enabled":false},"version":2},"jetpack_post_was_ever_published":false},"categories":[16],"tags":[],"class_list":["post-3948","post","type-post","status-publish","format-standard","has-post-thumbnail","category-local"],"jetpack_publicize_connections":[],"jetpack-related-posts":[],"jetpack_shortlink":"https:\/\/wp.me\/p7Eq1F-11G","jetpack_sharing_enabled":true,"jetpack_featured_media_url":"https:\/\/i0.wp.com\/guialimeira.com.br\/news\/wp-content\/uploads\/2024\/05\/m_137_52_123_15122022144819.jpg?fit=1024%2C641&ssl=1","_links":{"self":[{"href":"https:\/\/guialimeira.com.br\/news\/wp-json\/wp\/v2\/posts\/3948","targetHints":{"allow":["GET"]}}],"collection":[{"href":"https:\/\/guialimeira.com.br\/news\/wp-json\/wp\/v2\/posts"}],"about":[{"href":"https:\/\/guialimeira.com.br\/news\/wp-json\/wp\/v2\/types\/post"}],"author":[{"embeddable":true,"href":"https:\/\/guialimeira.com.br\/news\/wp-json\/wp\/v2\/users\/1"}],"replies":[{"embeddable":true,"href":"https:\/\/guialimeira.com.br\/news\/wp-json\/wp\/v2\/comments?post=3948"}],"version-history":[{"count":0,"href":"https:\/\/guialimeira.com.br\/news\/wp-json\/wp\/v2\/posts\/3948\/revisions"}],"wp:featuredmedia":[{"embeddable":true,"href":"https:\/\/guialimeira.com.br\/news\/wp-json\/wp\/v2\/media\/3949"}],"wp:attachment":[{"href":"https:\/\/guialimeira.com.br\/news\/wp-json\/wp\/v2\/media?parent=3948"}],"wp:term":[{"taxonomy":"category","embeddable":true,"href":"https:\/\/guialimeira.com.br\/news\/wp-json\/wp\/v2\/categories?post=3948"},{"taxonomy":"post_tag","embeddable":true,"href":"https:\/\/guialimeira.com.br\/news\/wp-json\/wp\/v2\/tags?post=3948"}],"curies":[{"name":"wp","href":"https:\/\/api.w.org\/{rel}","templated":true}]}}