{"id":3946,"date":"2024-05-06T19:47:48","date_gmt":"2024-05-06T22:47:48","guid":{"rendered":"https:\/\/guialimeira.com.br\/2024\/05\/06\/novas-secretarias-de-sp-mulher-e-de-desenvolvimento-social\/"},"modified":"2024-05-06T19:47:48","modified_gmt":"2024-05-06T22:47:48","slug":"novas-secretarias-de-sp-mulher-e-de-desenvolvimento-social","status":"publish","type":"post","link":"https:\/\/guialimeira.com.br\/news\/novas-secretarias-de-sp-mulher-e-de-desenvolvimento-social\/","title":{"rendered":"Novas secret\u00e1rias de SP Mulher e de Desenvolvimento Social"},"content":{"rendered":"<p> <br \/>\n<\/p>\n<div id=\"\">&#13;<\/p>\n<figure id=\"attachment_5879147\" style=\"width: 100%;max-width: 749px\" class=\"wp-caption alignnone caption-hide\"><img data-recalc-dims=\"1\" decoding=\"async\" loading=\"lazy\" class=\"wp-image-5879147 \" src=\"https:\/\/i0.wp.com\/www.saopaulo.sp.gov.br\/wp-content\/uploads\/2024\/05\/53703786273_b3a94a3e6c_k-300x200.jpg?resize=696%2C464&#038;ssl=1\" alt=\"\" width=\"696\" height=\"464\" srcset=\"https:\/\/www.saopaulo.sp.gov.br\/wp-content\/uploads\/2024\/05\/53703786273_b3a94a3e6c_k-300x200.jpg 300w, https:\/\/www.saopaulo.sp.gov.br\/wp-content\/uploads\/2024\/05\/53703786273_b3a94a3e6c_k-1024x683.jpg 1024w, https:\/\/www.saopaulo.sp.gov.br\/wp-content\/uploads\/2024\/05\/53703786273_b3a94a3e6c_k-768x512.jpg 768w, https:\/\/www.saopaulo.sp.gov.br\/wp-content\/uploads\/2024\/05\/53703786273_b3a94a3e6c_k-1536x1024.jpg 1536w, https:\/\/www.saopaulo.sp.gov.br\/wp-content\/uploads\/2024\/05\/53703786273_b3a94a3e6c_k.jpg 2048w\" sizes=\"auto, (max-width: 749px) 100vw, 749px\"\/><figcaption class=\"wp-caption-text\">Cerim\u00f4nia de posse das novas Secret\u00e1rias<\/figcaption><\/figure>\n<p>As novas secret\u00e1rias de Estado de S\u00e3o Paulo para as pol\u00edticas p\u00fablicas voltadas \u00e0s mulheres e \u00e0 popula\u00e7\u00e3o em situa\u00e7\u00e3o vulner\u00e1vel tomaram posse em solenidade no Pal\u00e1cio dos Bandeirantes nesta segunda-feira (6). Val\u00e9ria Bolsonaro (Pol\u00edticas para a Mulher) e Andrezza Rosal\u00e9m (Desenvolvimento Social) foram apresentadas pelo governador Tarc\u00edsio de Freitas, que destacou o trabalho desenvolvido pelas duas \u00e1reas e a import\u00e2ncia das lideran\u00e7as femininas na gest\u00e3o paulista.<\/p>\n<p>\u201cO dia de hoje \u00e9 tamb\u00e9m para agradecer o trabalho feito por essas duas secretarias para o Estado de S\u00e3o Paulo at\u00e9 agora. Um estado gigante e que tem desafios enormes, e que temos enfrentado com um grande trabalho na \u00e1rea do desenvolvimento social e pela secretaria de pol\u00edticas para mulher\u201d, afirmou o governador.<\/p>\n<p>\u201cEssa passagem de bast\u00e3o nestas pastas se d\u00e1 em alt\u00edssimo n\u00edvel. E torna as secretarias cada vez mais femininas tamb\u00e9m. O porqu\u00ea disso? Compet\u00eancia. Parab\u00e9ns \u00e0s nossas mulheres que est\u00e3o fazendo a diferen\u00e7a e eu s\u00f3 tenho que agradecer pelo que esse time est\u00e1 fazendo\u201d, acrescentou.<\/p>\n<p>A cerim\u00f4nia tamb\u00e9m reuniu o vice-governador, Felicio Ramuth, os secret\u00e1rios das demais pastas estaduais, parlamentares, entre outras autoridades, representantes da sociedade civil e organiza\u00e7\u00f5es que atuam na defesa e promo\u00e7\u00e3o dos direitos das mulheres e das pessoas em situa\u00e7\u00e3o de vulnerabilidade social.<\/p>\n<p>Val\u00e9ria Bolsonaro assumiu a Secretaria de Pol\u00edticas para a Mulher no dia 10 de abril, em sucess\u00e3o a Sonaira Fernandes, que liderava a pasta desde a cria\u00e7\u00e3o, em janeiro de 2023. Formada em biologia, Val\u00e9ria atuou como professora na rede p\u00fablica por mais de 30 anos e exercia mandato de deputada estadual pela segunda vez.<\/p>\n<figure id=\"attachment_5879144\" style=\"width: 100%;max-width: 734px\" class=\"wp-caption alignnone\"><img data-recalc-dims=\"1\" decoding=\"async\" loading=\"lazy\" class=\" wp-image-5879144\" src=\"https:\/\/i0.wp.com\/www.saopaulo.sp.gov.br\/wp-content\/uploads\/2024\/05\/53702582302_d01e3ccb0d_k-1-300x200.jpg?resize=696%2C464&#038;ssl=1\" alt=\"\" width=\"696\" height=\"464\" srcset=\"https:\/\/www.saopaulo.sp.gov.br\/wp-content\/uploads\/2024\/05\/53702582302_d01e3ccb0d_k-1-300x200.jpg 300w, https:\/\/www.saopaulo.sp.gov.br\/wp-content\/uploads\/2024\/05\/53702582302_d01e3ccb0d_k-1-1024x683.jpg 1024w, https:\/\/www.saopaulo.sp.gov.br\/wp-content\/uploads\/2024\/05\/53702582302_d01e3ccb0d_k-1-768x512.jpg 768w, https:\/\/www.saopaulo.sp.gov.br\/wp-content\/uploads\/2024\/05\/53702582302_d01e3ccb0d_k-1-1536x1024.jpg 1536w, https:\/\/www.saopaulo.sp.gov.br\/wp-content\/uploads\/2024\/05\/53702582302_d01e3ccb0d_k-1.jpg 2048w\" sizes=\"auto, (max-width: 734px) 100vw, 734px\"\/><figcaption class=\"wp-caption-text\">Val\u00e9ria Bolsonaro \u2013 Secretaria de Pol\u00edticas para a Mulher<\/figcaption><\/figure>\n<p>Na Alesp, ela presidiu a Comiss\u00e3o de Defesa e dos Direitos das Mulheres, integrou a Frente Parlamentar em Defesa dos Direitos das Pessoas com Defici\u00eancia e Doen\u00e7as Raras e coordenou a Frente Parlamentar em Defesa do Combate ao C\u00e2ncer.<\/p>\n<p>\u201cQuero reafirmar meu compromisso com o trabalho de todas as mulheres, estando elas onde cada uma queira estar. Estaremos junto a elas na defesa de sua integridade e bem-estar e, principalmente, da sua dignidade, garantindo seus direitos \u00e0 sa\u00fade, capacita\u00e7\u00e3o, empreendedorismo e ao acolhimento contra qualquer tipo de viol\u00eancia\u201d, destacou.<\/p>\n<p>A Secretaria de Pol\u00edticas para a Mulher coordena a\u00e7\u00f5es transversais que envolvem diversos \u00f3rg\u00e3os estaduais, com \u00eanfase em pol\u00edticas p\u00fablicas conectadas \u00e0 sa\u00fade, seguran\u00e7a e empreendedorismo. Essas e outras iniciativas integram o movimento SP Por Todas, lan\u00e7ado em mar\u00e7o deste ano para ampliar a visibilidade de servi\u00e7os do Governo do Estado para as mulheres.<\/p>\n<p>Na pasta do Desenvolvimento Social, Andrezza Rosal\u00e9m ocupa a vaga deixada por Gilberto Nascimento Junior desde o dia 26 de abril. De perfil t\u00e9cnico, ela chefiou a Secretaria do Trabalho, Assist\u00eancia e Desenvolvimento Social no Governo do Esp\u00edrito Santo entre 2017 e 2018.<\/p>\n<figure id=\"attachment_5879143\" style=\"width: 100%;max-width: 764px\" class=\"wp-caption alignnone\"><img data-recalc-dims=\"1\" decoding=\"async\" loading=\"lazy\" class=\" wp-image-5879143\" src=\"https:\/\/i0.wp.com\/www.saopaulo.sp.gov.br\/wp-content\/uploads\/2024\/05\/53703814364_07a5ef0200_k-300x200.jpg?resize=696%2C464&#038;ssl=1\" alt=\"\" width=\"696\" height=\"464\" srcset=\"https:\/\/www.saopaulo.sp.gov.br\/wp-content\/uploads\/2024\/05\/53703814364_07a5ef0200_k-300x200.jpg 300w, https:\/\/www.saopaulo.sp.gov.br\/wp-content\/uploads\/2024\/05\/53703814364_07a5ef0200_k-1024x683.jpg 1024w, https:\/\/www.saopaulo.sp.gov.br\/wp-content\/uploads\/2024\/05\/53703814364_07a5ef0200_k-768x512.jpg 768w, https:\/\/www.saopaulo.sp.gov.br\/wp-content\/uploads\/2024\/05\/53703814364_07a5ef0200_k-1536x1024.jpg 1536w, https:\/\/www.saopaulo.sp.gov.br\/wp-content\/uploads\/2024\/05\/53703814364_07a5ef0200_k.jpg 2048w\" sizes=\"auto, (max-width: 764px) 100vw, 764px\"\/><figcaption class=\"wp-caption-text\">Andrezza Rosal\u00e9m \u2013 Secretaria de Desenvolvimento Social do Estado de S\u00e3o Paulo<\/figcaption><\/figure>\n<p>Mestre em economia pela Universidade Federal do Esp\u00edrito Santo (Ufes), Andrezza Rosal\u00e9m j\u00e1 atuou junto ao Programa das Na\u00e7\u00f5es Unidas para o Desenvolvimento no Brasil (Pnud), a Organiza\u00e7\u00e3o das Na\u00e7\u00f5es Unidas para a Educa\u00e7\u00e3o, a Ci\u00eancia e a Cultura (UNESCO), ao Banco Interamericano de Desenvolvimento (BID) e ao Banco Mundial.<\/p>\n<p>Ela tamb\u00e9m foi diretora-presidente do Instituto Jones dos Santos Neves, que elabora estudos e pesquisas para o desenvolvimento socioecon\u00f4mico no Esp\u00edrito Santo. Desde 2019, dirige o instituto Oppen Social de an\u00e1lises para iniciativas de desenvolvimento sustent\u00e1vel e resolu\u00e7\u00e3o de desigualdades.<\/p>\n<p>\u201cMe sinto honrada por integrar a equipe do Governo de S\u00e3o Paulo e reafirmo aqui o compromisso social que tem guiado toda minha trajet\u00f3ria. Acolho com gratid\u00e3o esse desafio de liderar um trabalho social focado nos resultados. Uma pol\u00edtica p\u00fablica realizada na disposi\u00e7\u00e3o do di\u00e1logo e na constru\u00e7\u00e3o coletiva com diferentes frentes do poder p\u00fablico e da sociedade civil\u201d, afirmou.<\/p>\n<p>A pasta chefiada por Andrezza Rosal\u00e9m \u00e9 respons\u00e1vel por coordenar os programas estaduais para redu\u00e7\u00e3o da pobreza, combate \u00e0 fome e prote\u00e7\u00e3o de pessoas em situa\u00e7\u00e3o de vulnerabilidade social. Entre os servi\u00e7os j\u00e1 oferecidos, est\u00e3o mais de 1,1 mil Centros de Refer\u00eancia de Assist\u00eancia Social e os programas VivaLeite, Prospera Fam\u00edlia e as 120 unidades fixas e m\u00f3veis do programa Bom Prato.<\/p>\n<p>Siga o canal \u201cGoverno de S\u00e3o Paulo\u201d no WhatsApp:<br \/><a href=\"https:\/\/bit.ly\/govspnozap\" target=\"_blank\" rel=\"noopener noreferrer\">https:\/\/bit.ly\/govspnozap<\/a><\/p>\n<\/p><\/div>\n<p><br \/>\n<br \/><a href=\"https:\/\/www.saopaulo.sp.gov.br\/spnoticias\/ultimas-noticias\/sp-da-posse-a-novas-secretarias-de-politicas-para-a-mulher-e-desenvolvimento-social\/\" rel=\"noopener\">Informa\u00e7\u00f5es GOV.SP<\/a><\/p>\n","protected":false},"excerpt":{"rendered":"<p>&#13; Cerim\u00f4nia de posse das novas Secret\u00e1rias As novas secret\u00e1rias de Estado de S\u00e3o Paulo para as pol\u00edticas p\u00fablicas voltadas \u00e0s mulheres e \u00e0 popula\u00e7\u00e3o em situa\u00e7\u00e3o vulner\u00e1vel tomaram posse em solenidade no Pal\u00e1cio dos Bandeirantes nesta segunda-feira (6). Val\u00e9ria Bolsonaro (Pol\u00edticas para a Mulher) e Andrezza Rosal\u00e9m (Desenvolvimento Social) foram apresentadas pelo governador Tarc\u00edsio [&hellip;]<\/p>\n","protected":false},"author":1,"featured_media":3947,"comment_status":"open","ping_status":"open","sticky":false,"template":"","format":"standard","meta":{"_jetpack_newsletter_access":"","_jetpack_dont_email_post_to_subs":false,"_jetpack_newsletter_tier_id":0,"_jetpack_memberships_contains_paywalled_content":false,"_mbp_banners":[],"_jetpack_feature_clip_id":0,"_jetpack_memberships_contains_paid_content":false,"footnotes":"","jetpack_publicize_message":"","jetpack_publicize_feature_enabled":true,"jetpack_social_post_already_shared":true,"jetpack_social_options":{"image_generator_settings":{"template":"highway","default_image_id":0,"font":"","enabled":false},"version":2},"jetpack_post_was_ever_published":false},"categories":[21],"tags":[],"class_list":["post-3946","post","type-post","status-publish","format-standard","has-post-thumbnail","category-sp-news"],"jetpack_publicize_connections":[],"jetpack-related-posts":[],"jetpack_shortlink":"https:\/\/wp.me\/p7Eq1F-11E","jetpack_sharing_enabled":true,"jetpack_featured_media_url":"https:\/\/i0.wp.com\/guialimeira.com.br\/news\/wp-content\/uploads\/2024\/05\/Novas-secretarias-de-SP-Mulher-e-de-Desenvolvimento-Social.jpg?fit=300%2C200&ssl=1","_links":{"self":[{"href":"https:\/\/guialimeira.com.br\/news\/wp-json\/wp\/v2\/posts\/3946","targetHints":{"allow":["GET"]}}],"collection":[{"href":"https:\/\/guialimeira.com.br\/news\/wp-json\/wp\/v2\/posts"}],"about":[{"href":"https:\/\/guialimeira.com.br\/news\/wp-json\/wp\/v2\/types\/post"}],"author":[{"embeddable":true,"href":"https:\/\/guialimeira.com.br\/news\/wp-json\/wp\/v2\/users\/1"}],"replies":[{"embeddable":true,"href":"https:\/\/guialimeira.com.br\/news\/wp-json\/wp\/v2\/comments?post=3946"}],"version-history":[{"count":0,"href":"https:\/\/guialimeira.com.br\/news\/wp-json\/wp\/v2\/posts\/3946\/revisions"}],"wp:featuredmedia":[{"embeddable":true,"href":"https:\/\/guialimeira.com.br\/news\/wp-json\/wp\/v2\/media\/3947"}],"wp:attachment":[{"href":"https:\/\/guialimeira.com.br\/news\/wp-json\/wp\/v2\/media?parent=3946"}],"wp:term":[{"taxonomy":"category","embeddable":true,"href":"https:\/\/guialimeira.com.br\/news\/wp-json\/wp\/v2\/categories?post=3946"},{"taxonomy":"post_tag","embeddable":true,"href":"https:\/\/guialimeira.com.br\/news\/wp-json\/wp\/v2\/tags?post=3946"}],"curies":[{"name":"wp","href":"https:\/\/api.w.org\/{rel}","templated":true}]}}