{"id":39446,"date":"2025-07-22T20:25:34","date_gmt":"2025-07-22T23:25:34","guid":{"rendered":"https:\/\/guialimeira.com.br\/?p=39446"},"modified":"2025-07-22T20:25:34","modified_gmt":"2025-07-22T23:25:34","slug":"camara-reconhece-roteiro-turistico-rural-de-romaria","status":"publish","type":"post","link":"https:\/\/guialimeira.com.br\/news\/camara-reconhece-roteiro-turistico-rural-de-romaria\/","title":{"rendered":"C\u00e2mara reconhece Roteiro Tur\u00edstico Rural de Romaria"},"content":{"rendered":"\n<figure class=\"wp-block-gallery has-nested-images columns-default is-cropped wp-block-gallery-1 is-layout-flex wp-block-gallery-is-layout-flex\"><\/figure>\n \r\n<br><img data-recalc-dims=\"1\" decoding=\"async\" src=\"https:\/\/i0.wp.com\/guialimeira.com.br\/wp-content\/uploads\/2025\/07\/Camara-reconhece-Roteiro-Turistico-Rural-de-Romaria.jpg?w=696&#038;ssl=1\" \/><br><div>\n\t\t\t\t\t<p>Para estimular o desenvolvimento das atividades tur\u00edsticas na cidade, foi aprovado na sess\u00e3o ordin\u00e1ria desta segunda-feira, 14 de julho, por meio do <a href=\"https:\/\/consulta.limeira.sp.leg.br\/Documentos\/Documento\/382731\" rel=\"noopener\">Substitutivo N\u00ba 37<\/a>, o <a href=\"https:\/\/consulta.limeira.sp.leg.br\/arquivo?Id=507638\" rel=\"noopener\">Projeto de Lei N\u00ba 145\/2025<\/a>, de autoria do vereador Helder do T\u00e1xi (PSD), que reconhece o Roteiro Tur\u00edstico Rural de Romaria no Munic\u00edpio de Limeira.\u00a0<\/p><p>Conforme o projeto, o ramal principal do roteiro corresponde ao trajeto que parte da Catedral Nossa Senhora das Dores, situada na Pra\u00e7a Dr. Luciano Esteves &#8211; Centro, e segue at\u00e9 o munic\u00edpio de Cordeir\u00f3polis, onde continua at\u00e9 a cidade de Aparecida. A rota \u00e9 utilizada pelos peregrinos de Limeira, tanto a p\u00e9 quanto de bicicleta.\u00a0<\/p><p>De acordo com o parlamentar, peregrinos seguem todos os anos por este caminho e, para auxili\u00e1-los, s\u00e3o implantadas sinaliza\u00e7\u00f5es espec\u00edficas, indica\u00e7\u00e3o de pousadas e locais de descanso e alimenta\u00e7\u00e3o, mas, para Helder, \u00e9 importante que as estruturas tur\u00edsticas do munic\u00edpio sejam aprimoradas, assim como a manuten\u00e7\u00e3o das trilhas.<\/p><p>\u201cAo oficializar essa rota, valorizamos a trajet\u00f3ria j\u00e1 existente e facilitamos o acesso de peregrinos de cidades vizinhas que cruzam Limeira em suas jornadas, permitindo que tamb\u00e9m possam usufruir e se beneficiar desse percurso\u201d, afirmou Helder do T\u00e1xi.\u00a0<\/p>\t\t\t\t<\/div>\r\n<br>\r\n<br><a href=\"https:\/\/www.limeira.sp.leg.br\/noticias\/view\/2025-07-15_camara-reconhece-roteiro-turistico-rural-de-romaria\" rel=\"noopener\">Informa\u00e7\u00f5es CML <\/a>","protected":false},"excerpt":{"rendered":"<p>Para estimular o desenvolvimento das atividades tur\u00edsticas na cidade, foi aprovado na sess\u00e3o ordin\u00e1ria desta segunda-feira, 14 de julho, por meio do Substitutivo N\u00ba 37, o Projeto de Lei N\u00ba 145\/2025, de autoria do vereador Helder do T\u00e1xi (PSD), que reconhece o Roteiro Tur\u00edstico Rural de Romaria no Munic\u00edpio de Limeira.\u00a0 Conforme o projeto, o [&hellip;]<\/p>\n","protected":false},"author":1,"featured_media":39445,"comment_status":"open","ping_status":"open","sticky":false,"template":"","format":"standard","meta":{"_jetpack_newsletter_access":"","_jetpack_dont_email_post_to_subs":false,"_jetpack_newsletter_tier_id":0,"_jetpack_memberships_contains_paywalled_content":false,"_mbp_banners":[],"_jetpack_feature_clip_id":0,"_jetpack_memberships_contains_paid_content":false,"footnotes":"","jetpack_publicize_message":"","jetpack_publicize_feature_enabled":true,"jetpack_social_post_already_shared":true,"jetpack_social_options":{"image_generator_settings":{"template":"highway","default_image_id":0,"font":"","enabled":false},"version":2},"jetpack_post_was_ever_published":false},"categories":[19],"tags":[],"class_list":["post-39446","post","type-post","status-publish","format-standard","has-post-thumbnail","category-politica"],"jetpack_publicize_connections":[],"jetpack-related-posts":[],"jetpack_shortlink":"https:\/\/wp.me\/p7Eq1F-age","jetpack_sharing_enabled":true,"jetpack_featured_media_url":"https:\/\/i0.wp.com\/guialimeira.com.br\/news\/wp-content\/uploads\/2025\/07\/Camara-reconhece-Roteiro-Turistico-Rural-de-Romaria.jpg?fit=1280%2C640&ssl=1","_links":{"self":[{"href":"https:\/\/guialimeira.com.br\/news\/wp-json\/wp\/v2\/posts\/39446","targetHints":{"allow":["GET"]}}],"collection":[{"href":"https:\/\/guialimeira.com.br\/news\/wp-json\/wp\/v2\/posts"}],"about":[{"href":"https:\/\/guialimeira.com.br\/news\/wp-json\/wp\/v2\/types\/post"}],"author":[{"embeddable":true,"href":"https:\/\/guialimeira.com.br\/news\/wp-json\/wp\/v2\/users\/1"}],"replies":[{"embeddable":true,"href":"https:\/\/guialimeira.com.br\/news\/wp-json\/wp\/v2\/comments?post=39446"}],"version-history":[{"count":1,"href":"https:\/\/guialimeira.com.br\/news\/wp-json\/wp\/v2\/posts\/39446\/revisions"}],"predecessor-version":[{"id":39447,"href":"https:\/\/guialimeira.com.br\/news\/wp-json\/wp\/v2\/posts\/39446\/revisions\/39447"}],"wp:featuredmedia":[{"embeddable":true,"href":"https:\/\/guialimeira.com.br\/news\/wp-json\/wp\/v2\/media\/39445"}],"wp:attachment":[{"href":"https:\/\/guialimeira.com.br\/news\/wp-json\/wp\/v2\/media?parent=39446"}],"wp:term":[{"taxonomy":"category","embeddable":true,"href":"https:\/\/guialimeira.com.br\/news\/wp-json\/wp\/v2\/categories?post=39446"},{"taxonomy":"post_tag","embeddable":true,"href":"https:\/\/guialimeira.com.br\/news\/wp-json\/wp\/v2\/tags?post=39446"}],"curies":[{"name":"wp","href":"https:\/\/api.w.org\/{rel}","templated":true}]}}