{"id":39436,"date":"2025-07-22T19:24:36","date_gmt":"2025-07-22T22:24:36","guid":{"rendered":"https:\/\/guialimeira.com.br\/?p=39436"},"modified":"2025-07-22T19:24:36","modified_gmt":"2025-07-22T22:24:36","slug":"desburocratizacao-camara-de-limeira-aprova-alteracoes-no-regimento-interno-da-casa","status":"publish","type":"post","link":"https:\/\/guialimeira.com.br\/news\/desburocratizacao-camara-de-limeira-aprova-alteracoes-no-regimento-interno-da-casa\/","title":{"rendered":"Desburocratiza\u00e7\u00e3o: C\u00e2mara de Limeira aprova altera\u00e7\u00f5es no Regimento Interno da Casa"},"content":{"rendered":"\n<figure class=\"wp-block-gallery has-nested-images columns-default is-cropped wp-block-gallery-1 is-layout-flex wp-block-gallery-is-layout-flex\"><\/figure>\n \r\n<br><img data-recalc-dims=\"1\" decoding=\"async\" src=\"https:\/\/i0.wp.com\/guialimeira.com.br\/wp-content\/uploads\/2025\/07\/Desburocratizacao-Camara-de-Limeira-aprova-alteracoes-no-Regimento-Interno-da.jpg?w=696&#038;ssl=1\" \/><br><div>\n\t\t\t\t\t<p>Na sess\u00e3o ordin\u00e1ria desta segunda-feira, 14 de julho, a C\u00e2mara Municipal de Limeira aprovou o <a href=\"https:\/\/consulta.limeira.sp.leg.br\/Documentos\/Documento\/384623\" rel=\"noopener\">Projeto de Resolu\u00e7\u00e3o N\u00ba 24\/2025<\/a>, da Mesa Diretora 2025\/2026, que altera dispositivos do Regimento Interno (<a href=\"https:\/\/legislacao.limeira.sp.leg.br\/Limeira-SP\/Resolucoes\/889-2024\" rel=\"noopener\">Resolu\u00e7\u00e3o N\u00ba 889\/2024<\/a>). O objetivo \u00e9 aperfei\u00e7oar a norma.\u00a0\u00a0<\/p><p>Dentre as principais mudan\u00e7as est\u00e3o a atualiza\u00e7\u00e3o do nome da Comiss\u00e3o de Educa\u00e7\u00e3o, que passa a se chamar Comiss\u00e3o Permanente de Educa\u00e7\u00e3o e Ci\u00eancias. O objetivo \u00e9 contribuir para o aperfei\u00e7oamento das pol\u00edticas p\u00fablicas relacionadas \u00e0 \u00e1rea, segundo os autores.\u00a0<\/p><p>Tamb\u00e9m foram alterados os prazos para emiss\u00e3o de pareceres dos projetos sob an\u00e1lise das comiss\u00f5es. Agora cada colegiado ter\u00e1 18 dias corridos para a conclus\u00e3o, prorrog\u00e1veis por mais oito dias pelo presidente da C\u00e2mara, se requerido pelo presidente da Comiss\u00e3o. Antes o prazo era de 15 dias.<\/p><p>Houve mudan\u00e7a tamb\u00e9m na forma da elabora\u00e7\u00e3o da reda\u00e7\u00e3o final dos projetos aprovados em sess\u00e3o que possu\u00edam emendas ou substitutivos. Antes a reda\u00e7\u00e3o final era promovida pela Comiss\u00e3o de Constitui\u00e7\u00e3o, Justi\u00e7a e Reda\u00e7\u00e3o; agora ficar\u00e1 a cargo da pr\u00f3pria Secretaria Legislativa.\u00a0<\/p><p>Por fim, o projeto prop\u00f5e a formaliza\u00e7\u00e3o das atribui\u00e7\u00f5es dos vereadores, que \u00e9 legislar e fiscalizar a Prefeitura. \u201cRegra agora expressa nas normas desta Casa de leis\u201d, justificou a Mesa Diretora.<\/p><p>A Mesa Diretora da C\u00e2mara \u00e9 composta pelos vereadores Everton Ferreira (PSD), presidente; Tatiane Lopes (Avante), vice-presidente; Mara Isa Mattos Silveira (PL), primeira-secret\u00e1ria; e Costa Junior (Podemos), segundo-secret\u00e1rio.<\/p><p>Os parlamentares destacaram ainda que o objetivo do projeto \u00e9 desburocratizar situa\u00e7\u00f5es rotineiras nos trabalhos da Casa. \u201cEsperamos com essas medidas tornar a C\u00e2mara Municipal ainda mais din\u00e2mica e eficiente, aprimorando o trabalho legislativo e, principalmente, assegurando a fiscaliza\u00e7\u00e3o cont\u00ednua e o acompanhamento das demandas populares\u201d.<\/p>\t\t\t\t<\/div>\r\n<br>\r\n<br><a href=\"https:\/\/www.limeira.sp.leg.br\/noticias\/view\/2025-07-15_desburocratizacao-camara-de-limeira-aprova-alteracoes-no-regimento-interno-da-casa\" rel=\"noopener\">Informa\u00e7\u00f5es CML <\/a>","protected":false},"excerpt":{"rendered":"<p>Na sess\u00e3o ordin\u00e1ria desta segunda-feira, 14 de julho, a C\u00e2mara Municipal de Limeira aprovou o Projeto de Resolu\u00e7\u00e3o N\u00ba 24\/2025, da Mesa Diretora 2025\/2026, que altera dispositivos do Regimento Interno (Resolu\u00e7\u00e3o N\u00ba 889\/2024). O objetivo \u00e9 aperfei\u00e7oar a norma.\u00a0\u00a0 Dentre as principais mudan\u00e7as est\u00e3o a atualiza\u00e7\u00e3o do nome da Comiss\u00e3o de Educa\u00e7\u00e3o, que passa a [&hellip;]<\/p>\n","protected":false},"author":1,"featured_media":39435,"comment_status":"open","ping_status":"open","sticky":false,"template":"","format":"standard","meta":{"_jetpack_newsletter_access":"","_jetpack_dont_email_post_to_subs":false,"_jetpack_newsletter_tier_id":0,"_jetpack_memberships_contains_paywalled_content":false,"_mbp_banners":[],"_jetpack_feature_clip_id":0,"_jetpack_memberships_contains_paid_content":false,"footnotes":"","jetpack_publicize_message":"","jetpack_publicize_feature_enabled":true,"jetpack_social_post_already_shared":true,"jetpack_social_options":{"image_generator_settings":{"template":"highway","default_image_id":0,"font":"","enabled":false},"version":2},"jetpack_post_was_ever_published":false},"categories":[19],"tags":[],"class_list":["post-39436","post","type-post","status-publish","format-standard","has-post-thumbnail","category-politica"],"jetpack_publicize_connections":[],"jetpack-related-posts":[],"jetpack_shortlink":"https:\/\/wp.me\/p7Eq1F-ag4","jetpack_sharing_enabled":true,"jetpack_featured_media_url":"https:\/\/i0.wp.com\/guialimeira.com.br\/news\/wp-content\/uploads\/2025\/07\/Desburocratizacao-Camara-de-Limeira-aprova-alteracoes-no-Regimento-Interno-da.jpg?fit=1280%2C640&ssl=1","_links":{"self":[{"href":"https:\/\/guialimeira.com.br\/news\/wp-json\/wp\/v2\/posts\/39436","targetHints":{"allow":["GET"]}}],"collection":[{"href":"https:\/\/guialimeira.com.br\/news\/wp-json\/wp\/v2\/posts"}],"about":[{"href":"https:\/\/guialimeira.com.br\/news\/wp-json\/wp\/v2\/types\/post"}],"author":[{"embeddable":true,"href":"https:\/\/guialimeira.com.br\/news\/wp-json\/wp\/v2\/users\/1"}],"replies":[{"embeddable":true,"href":"https:\/\/guialimeira.com.br\/news\/wp-json\/wp\/v2\/comments?post=39436"}],"version-history":[{"count":1,"href":"https:\/\/guialimeira.com.br\/news\/wp-json\/wp\/v2\/posts\/39436\/revisions"}],"predecessor-version":[{"id":39437,"href":"https:\/\/guialimeira.com.br\/news\/wp-json\/wp\/v2\/posts\/39436\/revisions\/39437"}],"wp:featuredmedia":[{"embeddable":true,"href":"https:\/\/guialimeira.com.br\/news\/wp-json\/wp\/v2\/media\/39435"}],"wp:attachment":[{"href":"https:\/\/guialimeira.com.br\/news\/wp-json\/wp\/v2\/media?parent=39436"}],"wp:term":[{"taxonomy":"category","embeddable":true,"href":"https:\/\/guialimeira.com.br\/news\/wp-json\/wp\/v2\/categories?post=39436"},{"taxonomy":"post_tag","embeddable":true,"href":"https:\/\/guialimeira.com.br\/news\/wp-json\/wp\/v2\/tags?post=39436"}],"curies":[{"name":"wp","href":"https:\/\/api.w.org\/{rel}","templated":true}]}}