{"id":39430,"date":"2025-07-22T18:23:38","date_gmt":"2025-07-22T21:23:38","guid":{"rendered":"https:\/\/guialimeira.com.br\/?p=39430"},"modified":"2025-07-22T18:23:38","modified_gmt":"2025-07-22T21:23:38","slug":"aprovada-mocao-de-reconhecimento-ao-treinador-telmo-dos-santos-oliveira","status":"publish","type":"post","link":"https:\/\/guialimeira.com.br\/news\/aprovada-mocao-de-reconhecimento-ao-treinador-telmo-dos-santos-oliveira\/","title":{"rendered":"Aprovada mo\u00e7\u00e3o de reconhecimento ao treinador Telmo dos Santos Oliveira"},"content":{"rendered":"\n<figure class=\"wp-block-gallery has-nested-images columns-default is-cropped wp-block-gallery-1 is-layout-flex wp-block-gallery-is-layout-flex\"><\/figure>\n \r\n<br><img data-recalc-dims=\"1\" decoding=\"async\" src=\"https:\/\/i0.wp.com\/guialimeira.com.br\/wp-content\/uploads\/2025\/07\/Aprovada-mocao-de-reconhecimento-ao-treinador-Telmo-dos-Santos-Oliveira.jpg?w=696&#038;ssl=1\" \/><br><div>\n\t\t\t\t\t<p>Em sess\u00e3o ordin\u00e1ria nesta segunda-feira, 14 de julho, a C\u00e2mara aprovou a <a href=\"https:\/\/consulta.limeira.sp.leg.br\/Documentos\/Documento\/386273\" rel=\"noopener\">Mo\u00e7\u00e3o de Reconhecimento N\u00b0 189\/2025<\/a>, de autoria do vereador Costa Junior (Podemos), em homenagem a Telmo dos Santos Oliveira, em raz\u00e3o da trajet\u00f3ria no esporte brasileiro, e especialmente, pelo trabalho \u00e0 frente do time de basquete Mandic Limeira.<\/p><p>Conforme relatado na mo\u00e7\u00e3o, Telmo dos Santos Oliveira apelidado como \u201cDeus da Ra\u00e7a\u201d nasceu em Itabuna, na Bahia, mas foi em Limeira, que viveu os anos mais marcantes de sua carreira como atleta profissional, tornando-se um \u00eddolo da torcida da extinta Winner\/Limeira e refer\u00eancia dentro e fora das quadras de basquete. Atualmente, atua como t\u00e9cnico no Mandic Limeira Basket.\u00a0<\/p><p>\u201cUm dos momentos mais emblem\u00e1ticos de sua trajet\u00f3ria ocorreu no Mundial Sub-22 de 1992, realizado na Espanha, quando representou o Brasil em uma partida contra a Argentina. Entrando em quadra com a miss\u00e3o de conter o piv\u00f4 advers\u00e1rio. Telmo teve uma atua\u00e7\u00e3o memor\u00e1vel, marcando 21 pontos e sendo o cestinha do jogo\u201d informou o autor.\u00a0<\/p><p><i>Do Gabinete Parlamentar \u2013 Vereador\u00a0 Costa Junior (Podemos)<\/i><\/p><p><strong>As mat\u00e9rias de origem dos Gabinetes Parlamentares s\u00e3o de inteira\u00a0 responsabilidade dos parlamentares e de suas assessorias. S\u00e3o devidamente assinadas e n\u00e3o refletem, necessariamente, a opini\u00e3o institucional da C\u00e2mara Municipal de Limeira.\u00a0\u00a0<\/strong><\/p>\t\t\t\t<\/div>\r\n<br>\r\n<br><a href=\"https:\/\/www.limeira.sp.leg.br\/noticias\/view\/2025-07-15_aprovada-mocao-de-reconhecimento-ao-treinador-telmo-dos-santos-oliveira\" rel=\"noopener\">Informa\u00e7\u00f5es CML <\/a>","protected":false},"excerpt":{"rendered":"<p>Em sess\u00e3o ordin\u00e1ria nesta segunda-feira, 14 de julho, a C\u00e2mara aprovou a Mo\u00e7\u00e3o de Reconhecimento N\u00b0 189\/2025, de autoria do vereador Costa Junior (Podemos), em homenagem a Telmo dos Santos Oliveira, em raz\u00e3o da trajet\u00f3ria no esporte brasileiro, e especialmente, pelo trabalho \u00e0 frente do time de basquete Mandic Limeira. Conforme relatado na mo\u00e7\u00e3o, Telmo [&hellip;]<\/p>\n","protected":false},"author":1,"featured_media":39429,"comment_status":"open","ping_status":"open","sticky":false,"template":"","format":"standard","meta":{"_jetpack_newsletter_access":"","_jetpack_dont_email_post_to_subs":false,"_jetpack_newsletter_tier_id":0,"_jetpack_memberships_contains_paywalled_content":false,"_mbp_banners":[],"_jetpack_feature_clip_id":0,"_jetpack_memberships_contains_paid_content":false,"footnotes":"","jetpack_publicize_message":"","jetpack_publicize_feature_enabled":true,"jetpack_social_post_already_shared":true,"jetpack_social_options":{"image_generator_settings":{"template":"highway","default_image_id":0,"font":"","enabled":false},"version":2},"jetpack_post_was_ever_published":false},"categories":[19],"tags":[],"class_list":["post-39430","post","type-post","status-publish","format-standard","has-post-thumbnail","category-politica"],"jetpack_publicize_connections":[],"jetpack-related-posts":[],"jetpack_shortlink":"https:\/\/wp.me\/p7Eq1F-afY","jetpack_sharing_enabled":true,"jetpack_featured_media_url":"https:\/\/i0.wp.com\/guialimeira.com.br\/news\/wp-content\/uploads\/2025\/07\/Aprovada-mocao-de-reconhecimento-ao-treinador-Telmo-dos-Santos-Oliveira.jpg?fit=1280%2C640&ssl=1","_links":{"self":[{"href":"https:\/\/guialimeira.com.br\/news\/wp-json\/wp\/v2\/posts\/39430","targetHints":{"allow":["GET"]}}],"collection":[{"href":"https:\/\/guialimeira.com.br\/news\/wp-json\/wp\/v2\/posts"}],"about":[{"href":"https:\/\/guialimeira.com.br\/news\/wp-json\/wp\/v2\/types\/post"}],"author":[{"embeddable":true,"href":"https:\/\/guialimeira.com.br\/news\/wp-json\/wp\/v2\/users\/1"}],"replies":[{"embeddable":true,"href":"https:\/\/guialimeira.com.br\/news\/wp-json\/wp\/v2\/comments?post=39430"}],"version-history":[{"count":1,"href":"https:\/\/guialimeira.com.br\/news\/wp-json\/wp\/v2\/posts\/39430\/revisions"}],"predecessor-version":[{"id":39431,"href":"https:\/\/guialimeira.com.br\/news\/wp-json\/wp\/v2\/posts\/39430\/revisions\/39431"}],"wp:featuredmedia":[{"embeddable":true,"href":"https:\/\/guialimeira.com.br\/news\/wp-json\/wp\/v2\/media\/39429"}],"wp:attachment":[{"href":"https:\/\/guialimeira.com.br\/news\/wp-json\/wp\/v2\/media?parent=39430"}],"wp:term":[{"taxonomy":"category","embeddable":true,"href":"https:\/\/guialimeira.com.br\/news\/wp-json\/wp\/v2\/categories?post=39430"},{"taxonomy":"post_tag","embeddable":true,"href":"https:\/\/guialimeira.com.br\/news\/wp-json\/wp\/v2\/tags?post=39430"}],"curies":[{"name":"wp","href":"https:\/\/api.w.org\/{rel}","templated":true}]}}