{"id":39425,"date":"2025-07-22T17:59:42","date_gmt":"2025-07-22T20:59:42","guid":{"rendered":"https:\/\/guialimeira.com.br\/?p=39425"},"modified":"2025-07-22T18:09:34","modified_gmt":"2025-07-22T21:09:34","slug":"pavimentacao-da-cor-283-e-entregue-com-presenca-do-governador-e-autoridades-municipais","status":"publish","type":"post","link":"https:\/\/guialimeira.com.br\/news\/pavimentacao-da-cor-283-e-entregue-com-presenca-do-governador-e-autoridades-municipais\/","title":{"rendered":"Pavimenta\u00e7\u00e3o da COR-283 \u00e9 entregue com presen\u00e7a do governador e autoridades municipais"},"content":{"rendered":"\n<p class=\"wp-block-paragraph\"><em>Estrada foi revitalizada por meio de um conv\u00eanio do munic\u00edpio com o Estado<\/em><\/p>\n\n\n\n<p class=\"wp-block-paragraph\">A pavimenta\u00e7\u00e3o da estrada vicinal COR-283, que liga Cordeir\u00f3polis a Araras, foi entregue nesta ter\u00e7a-feira (22). O governador Tarc\u00edsio de Freitas participou da entrega, ao lado da prefeita Cristina Saad e do vice-prefeito Anderson Hespanhol Pique, entre outras autoridades municipais e regionais. A obra beneficia uma popula\u00e7\u00e3o de mais de 155 mil pessoas.<\/p>\n\n\n\n<p class=\"wp-block-paragraph\">Com 5,370 quil\u00f4metros de extens\u00e3o, a estrada foi completamente revitalizada com recursos de um conv\u00eanio entre a Prefeitura de Cordeir\u00f3polis e o Governo do Estado. Foram investidos R$ 19,3 milh\u00f5es na obra. \u201c\u00c9 um importante investimento do estado e do munic\u00edpio no desenvolvimento de Cordeir\u00f3polis, priorizando o escoamento da produ\u00e7\u00e3o ceramista e agr\u00edcola\u201d, afirmou Cristina.<\/p>\n\n\n\n<p class=\"wp-block-paragraph\">O governador percorreu a nova estrada e descerrou, ao lado das autoridades, a placa que marca a entrega das melhorias. Para ele, a moderniza\u00e7\u00e3o vi\u00e1ria trar\u00e1 benef\u00edcios \u00e0 regi\u00e3o e ao estado. \u201cCom a pavimenta\u00e7\u00e3o da COR-283, conquistamos benef\u00edcios concretos para a popula\u00e7\u00e3o, que ter\u00e1 uma redu\u00e7\u00e3o no tempo de viagem entre Cordeir\u00f3polis e Araras\u201d, afirmou Tarc\u00edsio.<\/p>\n\n\n\n<p class=\"wp-block-paragraph\">Tamb\u00e9m estiveram presentes a prefeita de Iracem\u00e1polis, Nelita Michel, os prefeitos de Limeira, Murilo F\u00e9lix, e de Araras, Irineu Marretto, a secret\u00e1ria estadual do Meio Ambiente, Infraestrutura e Log\u00edstica, Nat\u00e1lia Resende, o presidente do Departamento de Estradas de Rodagem (DER), S\u00e9rgio Codelo, entre outras autoridades de Cordeir\u00f3polis, estado e regi\u00e3o.<\/p>\n\n\n\n<p class=\"wp-block-paragraph\"><strong>Texto: Douglas Oliveira\/Prefeitura de Cordeir\u00f3polis<\/strong><\/p>\n\n\n\n<p class=\"wp-block-paragraph\"><strong>Fotos: Departamento de Comunica\u00e7\u00e3o\/Prefeitura de Cordeir\u00f3polis<\/strong><\/p>\n","protected":false},"excerpt":{"rendered":"<p>A pavimenta\u00e7\u00e3o da estrada vicinal COR-283, que liga Cordeir\u00f3polis a Araras, foi entregue nesta ter\u00e7a-feira (22). O governador Tarc\u00edsio de Freitas participou da entrega, ao lado da prefeita Cristina Saad e do vice-prefeito Anderson Hespanhol Pique, entre outras autoridades municipais e regionais. A obra beneficia uma popula\u00e7\u00e3o de mais de 155 mil pessoas.<\/p>\n","protected":false},"author":1,"featured_media":39426,"comment_status":"open","ping_status":"open","sticky":false,"template":"","format":"standard","meta":{"_jetpack_newsletter_access":"","_jetpack_dont_email_post_to_subs":false,"_jetpack_newsletter_tier_id":0,"_jetpack_memberships_contains_paywalled_content":false,"_mbp_banners":[],"_jetpack_feature_clip_id":0,"_jetpack_memberships_contains_paid_content":false,"footnotes":"","jetpack_publicize_message":"","jetpack_publicize_feature_enabled":true,"jetpack_social_post_already_shared":false,"jetpack_social_options":{"image_generator_settings":{"template":"highway","default_image_id":0,"enabled":false},"version":2},"jetpack_post_was_ever_published":false},"categories":[19,20],"tags":[],"class_list":["post-39425","post","type-post","status-publish","format-standard","has-post-thumbnail","category-politica","category-regiao"],"jetpack_publicize_connections":[],"jetpack-related-posts":[],"jetpack_shortlink":"https:\/\/wp.me\/p7Eq1F-afT","jetpack_sharing_enabled":true,"jetpack_featured_media_url":"https:\/\/i0.wp.com\/guialimeira.com.br\/news\/wp-content\/uploads\/2025\/07\/IMG_3561-scaled.jpg?fit=2560%2C1910&ssl=1","_links":{"self":[{"href":"https:\/\/guialimeira.com.br\/news\/wp-json\/wp\/v2\/posts\/39425","targetHints":{"allow":["GET"]}}],"collection":[{"href":"https:\/\/guialimeira.com.br\/news\/wp-json\/wp\/v2\/posts"}],"about":[{"href":"https:\/\/guialimeira.com.br\/news\/wp-json\/wp\/v2\/types\/post"}],"author":[{"embeddable":true,"href":"https:\/\/guialimeira.com.br\/news\/wp-json\/wp\/v2\/users\/1"}],"replies":[{"embeddable":true,"href":"https:\/\/guialimeira.com.br\/news\/wp-json\/wp\/v2\/comments?post=39425"}],"version-history":[{"count":1,"href":"https:\/\/guialimeira.com.br\/news\/wp-json\/wp\/v2\/posts\/39425\/revisions"}],"predecessor-version":[{"id":39427,"href":"https:\/\/guialimeira.com.br\/news\/wp-json\/wp\/v2\/posts\/39425\/revisions\/39427"}],"wp:featuredmedia":[{"embeddable":true,"href":"https:\/\/guialimeira.com.br\/news\/wp-json\/wp\/v2\/media\/39426"}],"wp:attachment":[{"href":"https:\/\/guialimeira.com.br\/news\/wp-json\/wp\/v2\/media?parent=39425"}],"wp:term":[{"taxonomy":"category","embeddable":true,"href":"https:\/\/guialimeira.com.br\/news\/wp-json\/wp\/v2\/categories?post=39425"},{"taxonomy":"post_tag","embeddable":true,"href":"https:\/\/guialimeira.com.br\/news\/wp-json\/wp\/v2\/tags?post=39425"}],"curies":[{"name":"wp","href":"https:\/\/api.w.org\/{rel}","templated":true}]}}