{"id":39412,"date":"2025-07-22T16:21:34","date_gmt":"2025-07-22T19:21:34","guid":{"rendered":"https:\/\/guialimeira.com.br\/?p=39412"},"modified":"2025-07-22T16:21:34","modified_gmt":"2025-07-22T19:21:34","slug":"costa-junior-solicita-retorno-dos-grupos-de-reflexao-para-homens-autores-de-violencia-domestica-2","status":"publish","type":"post","link":"https:\/\/guialimeira.com.br\/news\/costa-junior-solicita-retorno-dos-grupos-de-reflexao-para-homens-autores-de-violencia-domestica-2\/","title":{"rendered":"Costa Junior solicita retorno dos grupos de reflex\u00e3o para homens autores de viol\u00eancia dom\u00e9stica"},"content":{"rendered":"\n<figure class=\"wp-block-gallery has-nested-images columns-default is-cropped wp-block-gallery-1 is-layout-flex wp-block-gallery-is-layout-flex\"><\/figure>\n \r\n<br><img data-recalc-dims=\"1\" decoding=\"async\" src=\"https:\/\/i0.wp.com\/guialimeira.com.br\/wp-content\/uploads\/2025\/07\/Costa-Junior-solicita-retorno-dos-grupos-de-reflexao-para-homens.jpeg?w=696&#038;ssl=1\" \/><br><div>\n\t\t\t\t\t<p>O vereador Costa Junior (Podemos) protocolou em junho o <a href=\"https:\/\/consulta.limeira.sp.leg.br\/Documentos\/Documento\/383866\" rel=\"noopener\">Requerimento N\u00ba 404\/2025<\/a>, solicitando \u00e0 Prefeitura o retorno e a continuidade dos grupos de reflex\u00e3o para homens autores de viol\u00eancia dom\u00e9stica em Limeira. Segundo o parlamentar, a proposta refor\u00e7a a import\u00e2ncia de pol\u00edticas p\u00fablicas que enfrentem a viol\u00eancia contra a mulher de forma ampla e efetiva.<\/p><p>No documento, o vereador questiona se h\u00e1 estudos ou projetos sendo realizados sobre a viabilidade e planejamento para o retorno dos grupos, se sim, qual o status do trabalho e qual secretaria ou autarquia ser\u00e1 respons\u00e1vel pela execu\u00e7\u00e3o e acompanhamento.\u00a0<\/p><p>Para o vereador, a experi\u00eancia mostra que o atendimento exclusivo \u00e0s v\u00edtimas, embora indispens\u00e1vel, n\u00e3o \u00e9 suficiente para romper o ciclo da viol\u00eancia. \u201c\u00c9 fundamental que os autores tamb\u00e9m sejam responsabilizados e passem por um processo de reeduca\u00e7\u00e3o. Os grupos de reflex\u00e3o cumprem exatamente esse papel\u201d, destacou.<\/p><p>De acordo com Costa, os grupos atuam na conscientiza\u00e7\u00e3o dos agressores, promovendo uma reflex\u00e3o sobre suas atitudes e incentivando mudan\u00e7as de comportamento. \u201cA proposta visa n\u00e3o apenas punir, mas prevenir novas ocorr\u00eancias e contribuir para rela\u00e7\u00f5es familiares mais saud\u00e1veis e seguras. Com essa iniciativa, reafirmo meu compromisso com o enfrentamento da viol\u00eancia e com a constru\u00e7\u00e3o de uma Limeira mais justa e acolhedora para todas as mulheres\u201d, disse o parlamentar.<\/p><p><i>Do Gabinete Parlamentar \u2013 Vereador\u00a0 Vicente Soares da Costa Junior (Podemos)<\/i><\/p><p><strong>As mat\u00e9rias de origem dos Gabinetes Parlamentares s\u00e3o de inteira\u00a0 responsabilidade dos parlamentares e de suas assessorias. S\u00e3o devidamente assinadas e n\u00e3o refletem, necessariamente, a opini\u00e3o institucional da C\u00e2mara Municipal de Limeira<\/strong><\/p>\t\t\t\t<\/div>\r\n<br>\r\n<br><a href=\"https:\/\/www.limeira.sp.leg.br\/noticias\/view\/2025-07-22_costa-junior-solicita-retorno-dos-grupos-de-reflexao-para-homens-autores-de-violencia-domestica\" rel=\"noopener\">Informa\u00e7\u00f5es CML <\/a>","protected":false},"excerpt":{"rendered":"<p>O vereador Costa Junior (Podemos) protocolou em junho o Requerimento N\u00ba 404\/2025, solicitando \u00e0 Prefeitura o retorno e a continuidade dos grupos de reflex\u00e3o para homens autores de viol\u00eancia dom\u00e9stica em Limeira. Segundo o parlamentar, a proposta refor\u00e7a a import\u00e2ncia de pol\u00edticas p\u00fablicas que enfrentem a viol\u00eancia contra a mulher de forma ampla e efetiva. [&hellip;]<\/p>\n","protected":false},"author":1,"featured_media":39411,"comment_status":"open","ping_status":"open","sticky":false,"template":"","format":"standard","meta":{"_jetpack_newsletter_access":"","_jetpack_dont_email_post_to_subs":false,"_jetpack_newsletter_tier_id":0,"_jetpack_memberships_contains_paywalled_content":false,"_mbp_banners":[],"_jetpack_feature_clip_id":0,"_jetpack_memberships_contains_paid_content":false,"footnotes":"","jetpack_publicize_message":"","jetpack_publicize_feature_enabled":true,"jetpack_social_post_already_shared":true,"jetpack_social_options":{"image_generator_settings":{"template":"highway","default_image_id":0,"font":"","enabled":false},"version":2},"jetpack_post_was_ever_published":false},"categories":[19],"tags":[],"class_list":["post-39412","post","type-post","status-publish","format-standard","has-post-thumbnail","category-politica"],"jetpack_publicize_connections":[],"jetpack-related-posts":[],"jetpack_shortlink":"https:\/\/wp.me\/p7Eq1F-afG","jetpack_sharing_enabled":true,"jetpack_featured_media_url":"https:\/\/i0.wp.com\/guialimeira.com.br\/news\/wp-content\/uploads\/2025\/07\/Costa-Junior-solicita-retorno-dos-grupos-de-reflexao-para-homens.jpeg?fit=1280%2C640&ssl=1","_links":{"self":[{"href":"https:\/\/guialimeira.com.br\/news\/wp-json\/wp\/v2\/posts\/39412","targetHints":{"allow":["GET"]}}],"collection":[{"href":"https:\/\/guialimeira.com.br\/news\/wp-json\/wp\/v2\/posts"}],"about":[{"href":"https:\/\/guialimeira.com.br\/news\/wp-json\/wp\/v2\/types\/post"}],"author":[{"embeddable":true,"href":"https:\/\/guialimeira.com.br\/news\/wp-json\/wp\/v2\/users\/1"}],"replies":[{"embeddable":true,"href":"https:\/\/guialimeira.com.br\/news\/wp-json\/wp\/v2\/comments?post=39412"}],"version-history":[{"count":1,"href":"https:\/\/guialimeira.com.br\/news\/wp-json\/wp\/v2\/posts\/39412\/revisions"}],"predecessor-version":[{"id":39413,"href":"https:\/\/guialimeira.com.br\/news\/wp-json\/wp\/v2\/posts\/39412\/revisions\/39413"}],"wp:featuredmedia":[{"embeddable":true,"href":"https:\/\/guialimeira.com.br\/news\/wp-json\/wp\/v2\/media\/39411"}],"wp:attachment":[{"href":"https:\/\/guialimeira.com.br\/news\/wp-json\/wp\/v2\/media?parent=39412"}],"wp:term":[{"taxonomy":"category","embeddable":true,"href":"https:\/\/guialimeira.com.br\/news\/wp-json\/wp\/v2\/categories?post=39412"},{"taxonomy":"post_tag","embeddable":true,"href":"https:\/\/guialimeira.com.br\/news\/wp-json\/wp\/v2\/tags?post=39412"}],"curies":[{"name":"wp","href":"https:\/\/api.w.org\/{rel}","templated":true}]}}