{"id":39403,"date":"2025-07-22T15:20:36","date_gmt":"2025-07-22T18:20:36","guid":{"rendered":"https:\/\/guialimeira.com.br\/?p=39403"},"modified":"2025-07-22T15:20:36","modified_gmt":"2025-07-22T18:20:36","slug":"bruna-magalhaes-questiona-prefeitura-sobre-programa-para-saude-mental-e-bem-estar-2","status":"publish","type":"post","link":"https:\/\/guialimeira.com.br\/news\/bruna-magalhaes-questiona-prefeitura-sobre-programa-para-saude-mental-e-bem-estar-2\/","title":{"rendered":"Bruna Magalh\u00e3es questiona Prefeitura sobre programa para sa\u00fade mental e bem-estar"},"content":{"rendered":"\n<figure class=\"wp-block-gallery has-nested-images columns-default is-cropped wp-block-gallery-1 is-layout-flex wp-block-gallery-is-layout-flex\"><\/figure>\n \r\n<br><img data-recalc-dims=\"1\" decoding=\"async\" src=\"https:\/\/i0.wp.com\/guialimeira.com.br\/wp-content\/uploads\/2025\/07\/Bruna-Magalhaes-questiona-Prefeitura-sobre-programa-para-saude-mental-e.jpg?w=696&#038;ssl=1\" \/><br><div>\n\t\t\t\t\t<p>Com o objetivo de obter informa\u00e7\u00f5es sobre a possibilidade de implanta\u00e7\u00e3o de um projeto para a promo\u00e7\u00e3o de sa\u00fade mental e bem-estar para profissionais da educa\u00e7\u00e3o, a vereadora Bruna Magalh\u00e3es (PRTB) protocolou o <a href=\"https:\/\/consulta.limeira.sp.leg.br\/Documentos\/Documento\/385884\" rel=\"noopener\">Requerimento N\u00ba 435\/2025<\/a>, no dia 8 de julho, direcionado \u00e0 Prefeitura. O questionamento foi motivado por uma reuni\u00e3o entre a parlamentar e a arteterapeuta Susana Cristina Hor\u00e1cio de Oliveira, que apresentou o projeto Abra\u00e7ar\u2019te para Bruna, no qual prop\u00f5e o trabalho terap\u00eautico por meio da arte.<\/p><p>\u201cProfissionais da educa\u00e7\u00e3o est\u00e3o frequentemente expostos a situa\u00e7\u00f5es de estresse que podem impactar sua sa\u00fade mental e o desempenho profissional; lidam com estresse elevado, press\u00e3o para cumprir metas educacionais e as necessidades de gerenciar salas de aula diversificadas. A arteterapia pode oferecer uma maneira eficaz de explorar e expressar emo\u00e7\u00f5es de forma n\u00e3o-verbal, enquanto a Gestalt Terapia fornece ferramentas para aumentar a consci\u00eancia e compreens\u00e3o de si mesmo\u201d, ressaltou Bruna Magalh\u00e3es.<\/p><p>Conforme a parlamentar, a arteterapeuta esclareceu que o projeto busca prioritariamente atender \u00e0 crescente demanda por suporte emocional no ambiente educacional, promovendo sa\u00fade mental e o bem-estar dos educadores, como tamb\u00e9m, consequentemente, refletir no ambiente de trabalho e no desenvolvimento das aprendizagens dos estudantes.<\/p><p><i>Do Gabinete Parlamentar &#8211; Vereadora Bruna Magalh\u00e3es (PRTB)<\/i><\/p><p><i>*Fotos do Gabinete parlamentar<\/i><\/p><p><strong>As mat\u00e9rias de origem dos Gabinetes Parlamentares s\u00e3o de inteira\u00a0 responsabilidade dos parlamentares e de suas assessorias. S\u00e3o devidamente assinadas e n\u00e3o refletem, necessariamente, a opini\u00e3o institucional da C\u00e2mara Municipal de Limeira.<\/strong><\/p>\t\t\t\t<\/div>\r\n<br>\r\n<br><a href=\"https:\/\/www.limeira.sp.leg.br\/noticias\/view\/2025-07-22_bruna-magalhaes-questiona-prefeitura-sobre-programa-para-saude-mental-e-bemestar\" rel=\"noopener\">Informa\u00e7\u00f5es CML <\/a>","protected":false},"excerpt":{"rendered":"<p>Com o objetivo de obter informa\u00e7\u00f5es sobre a possibilidade de implanta\u00e7\u00e3o de um projeto para a promo\u00e7\u00e3o de sa\u00fade mental e bem-estar para profissionais da educa\u00e7\u00e3o, a vereadora Bruna Magalh\u00e3es (PRTB) protocolou o Requerimento N\u00ba 435\/2025, no dia 8 de julho, direcionado \u00e0 Prefeitura. O questionamento foi motivado por uma reuni\u00e3o entre a parlamentar e [&hellip;]<\/p>\n","protected":false},"author":1,"featured_media":39402,"comment_status":"open","ping_status":"open","sticky":false,"template":"","format":"standard","meta":{"_jetpack_newsletter_access":"","_jetpack_dont_email_post_to_subs":false,"_jetpack_newsletter_tier_id":0,"_jetpack_memberships_contains_paywalled_content":false,"_mbp_banners":[],"_jetpack_feature_clip_id":0,"_jetpack_memberships_contains_paid_content":false,"footnotes":"","jetpack_publicize_message":"","jetpack_publicize_feature_enabled":true,"jetpack_social_post_already_shared":true,"jetpack_social_options":{"image_generator_settings":{"template":"highway","default_image_id":0,"font":"","enabled":false},"version":2},"jetpack_post_was_ever_published":false},"categories":[19],"tags":[],"class_list":["post-39403","post","type-post","status-publish","format-standard","has-post-thumbnail","category-politica"],"jetpack_publicize_connections":[],"jetpack-related-posts":[],"jetpack_shortlink":"https:\/\/wp.me\/p7Eq1F-afx","jetpack_sharing_enabled":true,"jetpack_featured_media_url":"https:\/\/i0.wp.com\/guialimeira.com.br\/news\/wp-content\/uploads\/2025\/07\/Bruna-Magalhaes-questiona-Prefeitura-sobre-programa-para-saude-mental-e.jpg?fit=1280%2C640&ssl=1","_links":{"self":[{"href":"https:\/\/guialimeira.com.br\/news\/wp-json\/wp\/v2\/posts\/39403","targetHints":{"allow":["GET"]}}],"collection":[{"href":"https:\/\/guialimeira.com.br\/news\/wp-json\/wp\/v2\/posts"}],"about":[{"href":"https:\/\/guialimeira.com.br\/news\/wp-json\/wp\/v2\/types\/post"}],"author":[{"embeddable":true,"href":"https:\/\/guialimeira.com.br\/news\/wp-json\/wp\/v2\/users\/1"}],"replies":[{"embeddable":true,"href":"https:\/\/guialimeira.com.br\/news\/wp-json\/wp\/v2\/comments?post=39403"}],"version-history":[{"count":1,"href":"https:\/\/guialimeira.com.br\/news\/wp-json\/wp\/v2\/posts\/39403\/revisions"}],"predecessor-version":[{"id":39404,"href":"https:\/\/guialimeira.com.br\/news\/wp-json\/wp\/v2\/posts\/39403\/revisions\/39404"}],"wp:featuredmedia":[{"embeddable":true,"href":"https:\/\/guialimeira.com.br\/news\/wp-json\/wp\/v2\/media\/39402"}],"wp:attachment":[{"href":"https:\/\/guialimeira.com.br\/news\/wp-json\/wp\/v2\/media?parent=39403"}],"wp:term":[{"taxonomy":"category","embeddable":true,"href":"https:\/\/guialimeira.com.br\/news\/wp-json\/wp\/v2\/categories?post=39403"},{"taxonomy":"post_tag","embeddable":true,"href":"https:\/\/guialimeira.com.br\/news\/wp-json\/wp\/v2\/tags?post=39403"}],"curies":[{"name":"wp","href":"https:\/\/api.w.org\/{rel}","templated":true}]}}