{"id":394,"date":"2024-03-29T19:56:48","date_gmt":"2024-03-29T22:56:48","guid":{"rendered":"https:\/\/guialimeira.com.br\/2024\/03\/29\/3a-conferencia-de-promocao-da-igualdade-racial-acontece-no-sabado-06-04-portal-do-municipio-de-piracicaba\/"},"modified":"2024-03-29T19:56:48","modified_gmt":"2024-03-29T22:56:48","slug":"3a-conferencia-de-promocao-da-igualdade-racial-acontece-no-sabado-06-04-portal-do-municipio-de-piracicaba","status":"publish","type":"post","link":"https:\/\/guialimeira.com.br\/news\/3a-conferencia-de-promocao-da-igualdade-racial-acontece-no-sabado-06-04-portal-do-municipio-de-piracicaba\/","title":{"rendered":"3\u00aa Confer\u00eancia de Promo\u00e7\u00e3o da Igualdade Racial acontece no s\u00e1bado,\u00a006\/04 \u2013 Portal do Munic\u00edpio de Piracicaba"},"content":{"rendered":"<p> <br \/>\n<\/p>\n<div>\n<figure class=\"wp-block-image size-large\"><img data-recalc-dims=\"1\" fetchpriority=\"high\" decoding=\"async\" width=\"696\" height=\"870\" src=\"https:\/\/i0.wp.com\/piracicaba.sp.gov.br\/wp-content\/uploads\/2024\/03\/III-Compir-819x1024.jpeg?resize=696%2C870&#038;ssl=1\" alt=\"\" class=\"wp-image-75956\" srcset=\"https:\/\/piracicaba.sp.gov.br\/wp-content\/uploads\/2024\/03\/III-Compir-819x1024.jpeg 819w, https:\/\/piracicaba.sp.gov.br\/wp-content\/uploads\/2024\/03\/III-Compir-240x300.jpeg 240w, https:\/\/piracicaba.sp.gov.br\/wp-content\/uploads\/2024\/03\/III-Compir-768x960.jpeg 768w, https:\/\/piracicaba.sp.gov.br\/wp-content\/uploads\/2024\/03\/III-Compir.jpeg 1080w\" sizes=\"(max-width: 819px) 100vw, 819px\"\/><\/figure>\n<p>A Prefeitura de Piracicaba publicou hoje, 28\/03, no Di\u00e1rio Oficial, o decreto 19.927\/24, que convoca a 3\u00aa Confer\u00eancia Municipal de Promo\u00e7\u00e3o da Igualdade Racial (Compir), que ser\u00e1 realizada em 06\/04, s\u00e1bado, das 8h \u00e0s 13h30, no audit\u00f3rio da Secretaria Municipal de Desenvolvimento e Assist\u00eancia Social (Smads). O evento \u00e9 aberto ao p\u00fablico e ser\u00e1 coordenado pelo Conselho Municipal de Participa\u00e7\u00e3o e Desenvolvimento da Comunidade Negra (Conepir), com o apoio da Secretaria Municipal de Governo (Semgov).<\/p>\n<p>Com o tema Enfrentamento ao Racismo e \u00e0s Outras Formas Correlatas de Discrimina\u00e7\u00e3o \u00c9tnico-raciais e de Intoler\u00e2ncia Religiosa: Pol\u00edtica de Estado e Responsabilidade de Todos N\u00f3s, o evento tem como objetivo promover o debate, as reflex\u00f5es e o encaminhamento de medidas de enfrentamento ao racismo, e outras formas de discrimina\u00e7\u00e3o \u00e9tnico-racial, \u00e9tnico-cultural e de intoler\u00e2ncia religiosa, bem como discutir as diretrizes necess\u00e1rias para a continuidade de Pol\u00edticas de Promo\u00e7\u00e3o da Igualdade Racial nos \u00e2mbitos municipal, regional, estadual e nacional.<\/p>\n<p>\u201cA realiza\u00e7\u00e3o da Confer\u00eancia \u00e9 de grande relev\u00e2ncia para a cidade, um momento importante para o debate sobre a promo\u00e7\u00e3o de pol\u00edticas p\u00fablicas que fortale\u00e7am a luta contra o racismo e as diversas formas de preconceito e discrimina\u00e7\u00e3o. A confer\u00eancia \u00e9 um espa\u00e7o importante para ouvir e dialogar e determinar caminhos de forma coletiva, e essa discuss\u00e3o sem d\u00favidas passa pelo do Poder P\u00fablico\u201d, destacou a secret\u00e1ria de Governo da Prefeitura, T\u00e1ssia Espego.<\/p>\n<p>Al\u00e9m disso, a Confer\u00eancia tamb\u00e9m vai realizar os trabalhos preparat\u00f3rios para o desenvolvimento do Plano Municipal de Igualdade Racial de Piracicaba, elegendo os delegados para a 5\u00aa Confer\u00eancia Estadual de Promo\u00e7\u00e3o da Igualdade Racial, que acontece em S\u00e3o Paulo, nos dias 18 e 19 de abril.<\/p>\n<p>\u201cSer\u00e1 um f\u00f3rum de debates de ideias, para que consigamos formular pol\u00edticas p\u00fablicas para a promo\u00e7\u00e3o da igualdade racial. Piracicaba \u00e9 uma refer\u00eancia regional e estadual nessa luta e esperamos uma boa ades\u00e3o ao evento. Inclusive, v\u00e1rias cidades da Regi\u00e3o Metropolitana estar\u00e3o presentes. Mas tamb\u00e9m contamos com a participa\u00e7\u00e3o da popula\u00e7\u00e3o em geral\u201d, enfatizou Luciano Alves de Almeida, presidente do Conepir.<\/p>\n<p>A Confer\u00eancia ter\u00e1 ainda a participa\u00e7\u00e3o de representantes da Secretaria Municipal da A\u00e7\u00e3o Cultural (Semac) e da sociedade civil.<\/p>\n<p><strong>SERVI\u00c7O \u2013<\/strong>\u00a03\u00aa Confer\u00eancia Municipal de Promo\u00e7\u00e3o da Igualdade Racial de Piracicaba. 06\/04, das 8h \u00e0s 13h30, no audit\u00f3rio da Secretaria Municipal de Desenvolvimento e Assist\u00eancia Social (Smads), localizado \u00e0 rua Monsenhor Manoel Francisco Rosa, 900, Centro.<\/p>\n<\/div>\n<p><br \/>\n<br \/><a href=\"https:\/\/piracicaba.sp.gov.br\/noticias\/3a-conferencia-de-promocao-da-igualdade-racial-acontece-no-sabado-06-04\/\" rel=\"noopener\">Informa\u00e7\u00f5es PMP <\/a><\/p>\n","protected":false},"excerpt":{"rendered":"<p>A Prefeitura de Piracicaba publicou hoje, 28\/03, no Di\u00e1rio Oficial, o decreto 19.927\/24, que convoca a 3\u00aa Confer\u00eancia Municipal de Promo\u00e7\u00e3o da Igualdade Racial (Compir), que ser\u00e1 realizada em 06\/04, s\u00e1bado, das 8h \u00e0s 13h30, no audit\u00f3rio da Secretaria Municipal de Desenvolvimento e Assist\u00eancia Social (Smads). O evento \u00e9 aberto ao p\u00fablico e ser\u00e1 coordenado [&hellip;]<\/p>\n","protected":false},"author":1,"featured_media":395,"comment_status":"open","ping_status":"open","sticky":false,"template":"","format":"standard","meta":{"_jetpack_newsletter_access":"","_jetpack_dont_email_post_to_subs":false,"_jetpack_newsletter_tier_id":0,"_jetpack_memberships_contains_paywalled_content":false,"_mbp_banners":[],"_jetpack_feature_clip_id":0,"_jetpack_memberships_contains_paid_content":false,"footnotes":"","jetpack_publicize_message":"","jetpack_publicize_feature_enabled":true,"jetpack_social_post_already_shared":true,"jetpack_social_options":{"image_generator_settings":{"template":"highway","default_image_id":0,"font":"","enabled":false},"version":2},"jetpack_post_was_ever_published":false},"categories":[20],"tags":[],"class_list":["post-394","post","type-post","status-publish","format-standard","has-post-thumbnail","category-regiao"],"jetpack_publicize_connections":[],"jetpack-related-posts":[],"jetpack_shortlink":"https:\/\/wp.me\/p7Eq1F-6m","jetpack_sharing_enabled":true,"jetpack_featured_media_url":"https:\/\/i0.wp.com\/guialimeira.com.br\/news\/wp-content\/uploads\/2024\/03\/III-Compir-819x1024.jpeg?fit=819%2C1024&ssl=1","_links":{"self":[{"href":"https:\/\/guialimeira.com.br\/news\/wp-json\/wp\/v2\/posts\/394","targetHints":{"allow":["GET"]}}],"collection":[{"href":"https:\/\/guialimeira.com.br\/news\/wp-json\/wp\/v2\/posts"}],"about":[{"href":"https:\/\/guialimeira.com.br\/news\/wp-json\/wp\/v2\/types\/post"}],"author":[{"embeddable":true,"href":"https:\/\/guialimeira.com.br\/news\/wp-json\/wp\/v2\/users\/1"}],"replies":[{"embeddable":true,"href":"https:\/\/guialimeira.com.br\/news\/wp-json\/wp\/v2\/comments?post=394"}],"version-history":[{"count":0,"href":"https:\/\/guialimeira.com.br\/news\/wp-json\/wp\/v2\/posts\/394\/revisions"}],"wp:featuredmedia":[{"embeddable":true,"href":"https:\/\/guialimeira.com.br\/news\/wp-json\/wp\/v2\/media\/395"}],"wp:attachment":[{"href":"https:\/\/guialimeira.com.br\/news\/wp-json\/wp\/v2\/media?parent=394"}],"wp:term":[{"taxonomy":"category","embeddable":true,"href":"https:\/\/guialimeira.com.br\/news\/wp-json\/wp\/v2\/categories?post=394"},{"taxonomy":"post_tag","embeddable":true,"href":"https:\/\/guialimeira.com.br\/news\/wp-json\/wp\/v2\/tags?post=394"}],"curies":[{"name":"wp","href":"https:\/\/api.w.org\/{rel}","templated":true}]}}