{"id":39389,"date":"2025-07-22T13:18:34","date_gmt":"2025-07-22T16:18:34","guid":{"rendered":"https:\/\/guialimeira.com.br\/?p=39389"},"modified":"2025-07-22T13:18:34","modified_gmt":"2025-07-22T16:18:34","slug":"costa-junior-propoe-parceria-para-implementacao-do-programa-acredita-no-primeiro-passo-em-limeira","status":"publish","type":"post","link":"https:\/\/guialimeira.com.br\/news\/costa-junior-propoe-parceria-para-implementacao-do-programa-acredita-no-primeiro-passo-em-limeira\/","title":{"rendered":"Costa J\u00fanior prop\u00f5e parceria para implementa\u00e7\u00e3o do programa \u201cAcredita no Primeiro Passo\u201d em Limeira"},"content":{"rendered":"\n<figure class=\"wp-block-gallery has-nested-images columns-default is-cropped wp-block-gallery-1 is-layout-flex wp-block-gallery-is-layout-flex\"><\/figure>\n \r\n<br><img data-recalc-dims=\"1\" decoding=\"async\" src=\"https:\/\/i0.wp.com\/guialimeira.com.br\/wp-content\/uploads\/2025\/07\/Costa-Junior-propoe-parceria-para-implementacao-do-programa-Acredita-no.jpeg?w=696&#038;ssl=1\" \/><br><div>\n\t\t\t\t\t<p>O vereador Costa J\u00fanior (Podemos) apresentou a <a href=\"https:\/\/consulta.limeira.sp.leg.br\/Documentos\/Documento\/386511\" rel=\"noopener\">Indica\u00e7\u00e3o N\u00ba 2758\/2025<\/a> \u00e0 Prefeitura sugerindo o estudo e desenvolvimento de uma parceria com o Governo Federal para implantar na cidade o programa \u201cAcredita no Primeiro Passo\u201d, uma iniciativa focada em auxiliar fam\u00edlias de baixa renda cadastradas no Cadastro \u00danico (Cad\u00danico) a melhorar de vida por meio do trabalho e do empreendedorismo, de acordo com o parlamentar.<\/p><p>Conforme a justificativa \u00e0 propositura, o programa busca oferecer oportunidades e ferramentas para que as fam\u00edlias de baixa renda conquistem autonomia financeira, promovendo a inclus\u00e3o produtiva e a gera\u00e7\u00e3o de renda. &#8220;Acreditamos que o acesso ao trabalho e ao empreendedorismo \u00e9 fundamental para a dignidade e para a constru\u00e7\u00e3o de um futuro melhor para nossas fam\u00edlias em situa\u00e7\u00e3o de vulnerabilidade. Com esta parceria, poderemos trazer para Limeira um programa que j\u00e1 demonstrou resultados positivos em outras localidades, oferecendo capacita\u00e7\u00e3o, suporte e, potencialmente, acesso a microcr\u00e9dito para quem deseja iniciar ou expandir seu pr\u00f3prio neg\u00f3cio&#8221;, afirmou Costa Junior.<\/p><p>A indica\u00e7\u00e3o ressalta a import\u00e2ncia de Limeira buscar ativamente programas federais que possam complementar as a\u00e7\u00f5es sociais j\u00e1 existentes no munic\u00edpio, otimizando recursos e ampliando o alcance das pol\u00edticas p\u00fablicas. \u201cA expectativa \u00e9 que o estudo de viabilidade, a ser realizado pelo Poder Executivo, demonstre os benef\u00edcios significativos que essa parceria traria para a economia local e, principalmente, para a qualidade de vida das fam\u00edlias limeirenses\u201d, explicou o vereador.<\/p><p>Segundo Costa Junior, a proposta agora segue para an\u00e1lise da Prefeitura, que avaliar\u00e1 a melhor forma de estabelecer a colabora\u00e7\u00e3o com o Governo Federal para a efetiva\u00e7\u00e3o do programa \u201cAcredita no Primeiro Passo\u201d em Limeira.<\/p><p><i>Do Gabinete Parlamentar \u2013 Vereador Costa Junior (Podemos)<\/i><\/p><p><strong>As mat\u00e9rias de origem dos Gabinetes Parlamentares s\u00e3o de inteira\u00a0 responsabilidade dos parlamentares e de suas assessorias. S\u00e3o devidamente assinadas e n\u00e3o refletem, necessariamente, a opini\u00e3o institucional da C\u00e2mara Municipal de Limeira.<\/strong><\/p>\t\t\t\t<\/div>\r\n<br>\r\n<br><a href=\"https:\/\/www.limeira.sp.leg.br\/noticias\/view\/2025-07-15_costa-junior-propoe-parceria-para-implementacao-do-programa-acredita-no-primeiro-passo-em-limeira\" rel=\"noopener\">Informa\u00e7\u00f5es CML <\/a>","protected":false},"excerpt":{"rendered":"<p>O vereador Costa J\u00fanior (Podemos) apresentou a Indica\u00e7\u00e3o N\u00ba 2758\/2025 \u00e0 Prefeitura sugerindo o estudo e desenvolvimento de uma parceria com o Governo Federal para implantar na cidade o programa \u201cAcredita no Primeiro Passo\u201d, uma iniciativa focada em auxiliar fam\u00edlias de baixa renda cadastradas no Cadastro \u00danico (Cad\u00danico) a melhorar de vida por meio do [&hellip;]<\/p>\n","protected":false},"author":1,"featured_media":39388,"comment_status":"open","ping_status":"open","sticky":false,"template":"","format":"standard","meta":{"_jetpack_newsletter_access":"","_jetpack_dont_email_post_to_subs":false,"_jetpack_newsletter_tier_id":0,"_jetpack_memberships_contains_paywalled_content":false,"_mbp_banners":[],"_jetpack_feature_clip_id":0,"_jetpack_memberships_contains_paid_content":false,"footnotes":"","jetpack_publicize_message":"","jetpack_publicize_feature_enabled":true,"jetpack_social_post_already_shared":true,"jetpack_social_options":{"image_generator_settings":{"template":"highway","default_image_id":0,"font":"","enabled":false},"version":2},"jetpack_post_was_ever_published":false},"categories":[19],"tags":[],"class_list":["post-39389","post","type-post","status-publish","format-standard","has-post-thumbnail","category-politica"],"jetpack_publicize_connections":[],"jetpack-related-posts":[],"jetpack_shortlink":"https:\/\/wp.me\/p7Eq1F-afj","jetpack_sharing_enabled":true,"jetpack_featured_media_url":"https:\/\/i0.wp.com\/guialimeira.com.br\/news\/wp-content\/uploads\/2025\/07\/Costa-Junior-propoe-parceria-para-implementacao-do-programa-Acredita-no.jpeg?fit=1280%2C640&ssl=1","_links":{"self":[{"href":"https:\/\/guialimeira.com.br\/news\/wp-json\/wp\/v2\/posts\/39389","targetHints":{"allow":["GET"]}}],"collection":[{"href":"https:\/\/guialimeira.com.br\/news\/wp-json\/wp\/v2\/posts"}],"about":[{"href":"https:\/\/guialimeira.com.br\/news\/wp-json\/wp\/v2\/types\/post"}],"author":[{"embeddable":true,"href":"https:\/\/guialimeira.com.br\/news\/wp-json\/wp\/v2\/users\/1"}],"replies":[{"embeddable":true,"href":"https:\/\/guialimeira.com.br\/news\/wp-json\/wp\/v2\/comments?post=39389"}],"version-history":[{"count":1,"href":"https:\/\/guialimeira.com.br\/news\/wp-json\/wp\/v2\/posts\/39389\/revisions"}],"predecessor-version":[{"id":39390,"href":"https:\/\/guialimeira.com.br\/news\/wp-json\/wp\/v2\/posts\/39389\/revisions\/39390"}],"wp:featuredmedia":[{"embeddable":true,"href":"https:\/\/guialimeira.com.br\/news\/wp-json\/wp\/v2\/media\/39388"}],"wp:attachment":[{"href":"https:\/\/guialimeira.com.br\/news\/wp-json\/wp\/v2\/media?parent=39389"}],"wp:term":[{"taxonomy":"category","embeddable":true,"href":"https:\/\/guialimeira.com.br\/news\/wp-json\/wp\/v2\/categories?post=39389"},{"taxonomy":"post_tag","embeddable":true,"href":"https:\/\/guialimeira.com.br\/news\/wp-json\/wp\/v2\/tags?post=39389"}],"curies":[{"name":"wp","href":"https:\/\/api.w.org\/{rel}","templated":true}]}}