{"id":39383,"date":"2025-07-22T12:17:40","date_gmt":"2025-07-22T15:17:40","guid":{"rendered":"https:\/\/guialimeira.com.br\/?p=39383"},"modified":"2025-07-22T12:17:40","modified_gmt":"2025-07-22T15:17:40","slug":"everton-ferreira-fiscaliza-condicoes-do-centro-comunitario-e-situacao-precaria-da-quadra-do-morro-azul","status":"publish","type":"post","link":"https:\/\/guialimeira.com.br\/news\/everton-ferreira-fiscaliza-condicoes-do-centro-comunitario-e-situacao-precaria-da-quadra-do-morro-azul\/","title":{"rendered":"Everton Ferreira fiscaliza condi\u00e7\u00f5es do Centro Comunit\u00e1rio e situa\u00e7\u00e3o prec\u00e1ria da quadra do Morro Azul"},"content":{"rendered":"\n<figure class=\"wp-block-gallery has-nested-images columns-default is-cropped wp-block-gallery-1 is-layout-flex wp-block-gallery-is-layout-flex\"><\/figure>\n \r\n<br><img data-recalc-dims=\"1\" decoding=\"async\" src=\"https:\/\/i0.wp.com\/guialimeira.com.br\/wp-content\/uploads\/2025\/07\/Everton-Ferreira-fiscaliza-condicoes-do-Centro-Comunitario-e-situacao-precaria.jpeg?w=696&#038;ssl=1\" \/><br><div>\n\t\t\t\t\t<p>O vereador Everton Ferreira ( PSD) esteve nesta quarta-feira, 16 de julho, no Centro Comunit\u00e1rio do Jardim Morro Azul e na quadra esportiva em frente ao espa\u00e7o, para fiscalizar as condi\u00e7\u00f5es de uso dos equipamentos p\u00fablicos. Segundo o parlamentar, a visita ocorreu ap\u00f3s relatos de moradores sobre problemas no local e refor\u00e7a a atua\u00e7\u00e3o dele em acompanhar as necessidades da comunidade.<\/p><p>Durante a fiscaliza\u00e7\u00e3o, Everton explica que verificou que o centro comunit\u00e1rio est\u00e1 em funcionamento, mas com necessidade de melhorias, especialmente na sinaliza\u00e7\u00e3o e manuten\u00e7\u00e3o das instala\u00e7\u00f5es. \u201cJ\u00e1 a quadra, apesar de ser utilizada por crian\u00e7as para brincar, est\u00e1 em condi\u00e7\u00f5es prec\u00e1rias e foi descrita por moradores como abandonada\u201d, disse o vereador. Ele constatou ainda mato alto ao redor, presen\u00e7a de ninhos e fezes de pombos em todo o espa\u00e7o, banheiros quebrados e sem ilumina\u00e7\u00e3o, al\u00e9m de picha\u00e7\u00f5es nas paredes.<\/p><p>De acordo com o parlamentar, em abril deste ano, o portal g1 tamb\u00e9m destacou a situa\u00e7\u00e3o da quadra, ressaltando que o local vinha sendo usado como dep\u00f3sito de lixo e abrigo improvisado para pessoas em situa\u00e7\u00e3o de rua, evidenciando o descaso com o espa\u00e7o esportivo.<\/p><p>Conforme o vereador, para cobrar provid\u00eancias, Everton protocolou o <a href=\"https:\/\/consulta.limeira.sp.leg.br\/Documentos\/Documento\/386556\" rel=\"noopener\">Requerimento N\u00ba 467\/2025<\/a>, solicitando informa\u00e7\u00f5es ao Executivo sobre o funcionamento e eventuais projetos para melhorias no Centro Comunit\u00e1rio do Morro Azul. Ele tamb\u00e9m apresentou a <a href=\"https:\/\/consulta.limeira.sp.leg.br\/Documentos\/Documento\/386555\" rel=\"noopener\">Indica\u00e7\u00e3o N\u00ba 2.764\/2025<\/a>, sugerindo a substitui\u00e7\u00e3o da placa de identifica\u00e7\u00e3o do centro, localizado na rua Francisco Bisca, n\u00ba 121, e a instala\u00e7\u00e3o de uma placa adicional na rua dos fundos, para facilitar o acesso da popula\u00e7\u00e3o. Segundo ele, as medidas visam melhorar a sinaliza\u00e7\u00e3o, promover maior visibilidade e facilitar o uso do espa\u00e7o p\u00fablico pelos moradores.<\/p><p>\u201cO centro comunit\u00e1rio cumpre sua fun\u00e7\u00e3o, mas pode ser melhorado para atender ainda mais a popula\u00e7\u00e3o. J\u00e1 a quadra precisa de uma aten\u00e7\u00e3o maior para oferecer mais seguran\u00e7a e dignidade \u00e0s crian\u00e7as e moradores que utilizam o espa\u00e7o. \u00c9 importante que esses locais continuem \u00e0 disposi\u00e7\u00e3o da comunidade e em boas condi\u00e7\u00f5es de uso\u201d, destacou o parlamentar.<\/p><p><i>Do Gabinete Parlamentar \u2013 Vereador Everton Ferreira (PSD)<\/i><\/p><p><i>*Fotos do Gabinete parlamentar<\/i><\/p><p><strong>As mat\u00e9rias de origem dos Gabinetes Parlamentares s\u00e3o de inteira\u00a0responsabilidade dos parlamentares e de suas assessorias. S\u00e3o devidamente assinadas e n\u00e3o refletem, necessariamente, a opini\u00e3o institucional da C\u00e2mara Municipal de Limeira.<\/strong><\/p>\t\t\t\t<\/div>\r\n<br>\r\n<br><a href=\"https:\/\/www.limeira.sp.leg.br\/noticias\/view\/2025-07-16_everton-ferreira-fiscaliza-condicoes-do-centro-comunitario-e-situacao-precaria-da-quadra-do-morro-azul\" rel=\"noopener\">Informa\u00e7\u00f5es CML <\/a>","protected":false},"excerpt":{"rendered":"<p>O vereador Everton Ferreira ( PSD) esteve nesta quarta-feira, 16 de julho, no Centro Comunit\u00e1rio do Jardim Morro Azul e na quadra esportiva em frente ao espa\u00e7o, para fiscalizar as condi\u00e7\u00f5es de uso dos equipamentos p\u00fablicos. Segundo o parlamentar, a visita ocorreu ap\u00f3s relatos de moradores sobre problemas no local e refor\u00e7a a atua\u00e7\u00e3o dele [&hellip;]<\/p>\n","protected":false},"author":1,"featured_media":39382,"comment_status":"open","ping_status":"open","sticky":false,"template":"","format":"standard","meta":{"_jetpack_newsletter_access":"","_jetpack_dont_email_post_to_subs":false,"_jetpack_newsletter_tier_id":0,"_jetpack_memberships_contains_paywalled_content":false,"_mbp_banners":[],"_jetpack_feature_clip_id":0,"_jetpack_memberships_contains_paid_content":false,"footnotes":"","jetpack_publicize_message":"","jetpack_publicize_feature_enabled":true,"jetpack_social_post_already_shared":true,"jetpack_social_options":{"image_generator_settings":{"template":"highway","default_image_id":0,"font":"","enabled":false},"version":2},"jetpack_post_was_ever_published":false},"categories":[19],"tags":[],"class_list":["post-39383","post","type-post","status-publish","format-standard","has-post-thumbnail","category-politica"],"jetpack_publicize_connections":[],"jetpack-related-posts":[],"jetpack_shortlink":"https:\/\/wp.me\/p7Eq1F-afd","jetpack_sharing_enabled":true,"jetpack_featured_media_url":"https:\/\/i0.wp.com\/guialimeira.com.br\/news\/wp-content\/uploads\/2025\/07\/Everton-Ferreira-fiscaliza-condicoes-do-Centro-Comunitario-e-situacao-precaria.jpeg?fit=1280%2C640&ssl=1","_links":{"self":[{"href":"https:\/\/guialimeira.com.br\/news\/wp-json\/wp\/v2\/posts\/39383","targetHints":{"allow":["GET"]}}],"collection":[{"href":"https:\/\/guialimeira.com.br\/news\/wp-json\/wp\/v2\/posts"}],"about":[{"href":"https:\/\/guialimeira.com.br\/news\/wp-json\/wp\/v2\/types\/post"}],"author":[{"embeddable":true,"href":"https:\/\/guialimeira.com.br\/news\/wp-json\/wp\/v2\/users\/1"}],"replies":[{"embeddable":true,"href":"https:\/\/guialimeira.com.br\/news\/wp-json\/wp\/v2\/comments?post=39383"}],"version-history":[{"count":1,"href":"https:\/\/guialimeira.com.br\/news\/wp-json\/wp\/v2\/posts\/39383\/revisions"}],"predecessor-version":[{"id":39384,"href":"https:\/\/guialimeira.com.br\/news\/wp-json\/wp\/v2\/posts\/39383\/revisions\/39384"}],"wp:featuredmedia":[{"embeddable":true,"href":"https:\/\/guialimeira.com.br\/news\/wp-json\/wp\/v2\/media\/39382"}],"wp:attachment":[{"href":"https:\/\/guialimeira.com.br\/news\/wp-json\/wp\/v2\/media?parent=39383"}],"wp:term":[{"taxonomy":"category","embeddable":true,"href":"https:\/\/guialimeira.com.br\/news\/wp-json\/wp\/v2\/categories?post=39383"},{"taxonomy":"post_tag","embeddable":true,"href":"https:\/\/guialimeira.com.br\/news\/wp-json\/wp\/v2\/tags?post=39383"}],"curies":[{"name":"wp","href":"https:\/\/api.w.org\/{rel}","templated":true}]}}